{"id":87,"date":"2011-02-18T13:37:43","date_gmt":"2011-02-18T13:37:43","guid":{"rendered":"http:\/\/www.encontracapaoredondo.com.br\/noticias\/?p=87"},"modified":"2019-04-29T16:29:43","modified_gmt":"2019-04-29T19:29:43","slug":"capao-redondo-com-fim-do-horario-de-verao-metro-ira-operar-por-uma-hora-a-mais","status":"publish","type":"post","link":"https:\/\/www.encontracapaoredondo.com.br\/sobre\/capao-redondo-com-fim-do-horario-de-verao-metro-ira-operar-por-uma-hora-a-mais\/","title":{"rendered":"Cap\u00e3o Redondo: Com fim do hor\u00e1rio de ver\u00e3o, metr\u00f4 ir\u00e1 operar por uma hora a mais"},"content":{"rendered":"<div class=\"8fb9da09c1a584b185d8cf81e63b5046\" data-index=\"1\" style=\"float: none; margin:0px;\">\n<!-- Anuncio display - global -->\r\n<ins class=\"adsbygoogle\"\r\n     style=\"display:block\"\r\n     data-ad-client=\"ca-pub-8585364105181520\"\r\n     data-ad-slot=\"8789329856\"\r\n     data-ad-format=\"auto\"\r\n     data-full-width-responsive=\"true\"><\/ins>\r\n<script>\r\n     (adsbygoogle = window.adsbygoogle || []).push({});\r\n<\/script>\n<\/div>\n<p>Os usu\u00e1rios do metr\u00f4 poder\u00e3o contar com o servi\u00e7o por uma hora a  mais,  de s\u00e1bado (19) para domingo (20), por causa do fim do hor\u00e1rio de  ver\u00e3o.  Com a amplia\u00e7\u00e3o do hor\u00e1rio de circula\u00e7\u00e3o dos trens, o n\u00famero de  viagens  realizadas ser\u00e1 maior.<\/p>\n<p>Na linha 1- Azul (Jabaquara-Tucuruvi), ser\u00e3o 17 viagens a mais; na linha  2-Verde (Vila Prudente-Vila Madalena), 16; na linha 3-Vermelha  (Corinthians-Itaquera\/Palmeiras-Barra Funda), 22; e na linha 5-Lil\u00e1s  (Cap\u00e3o Redondo-Largo Treze), 10.<\/p>\n<p>No domingo, com exce\u00e7\u00e3o das esta\u00e7\u00f5es Vila Prudente e Tamanduate\u00ed, que   operam atualmente das 8h \u00e0s 17h, todas as demais esta\u00e7\u00f5es reabrem para o   p\u00fablico no hor\u00e1rio habitual, \u00e0s 4h40.<\/p>\n<p>Na CPTM (Companhia Paulista de Trens Metropolitanos), as seis linhas   tamb\u00e9m ir\u00e3o operar uma hora a mais na madrugada de domingo (20). A   opera\u00e7\u00e3o ser\u00e1 iniciada normalmente \u00e0s 4h, no novo hor\u00e1rio.<\/p>\n<p>A medida tamb\u00e9m ser\u00e1 realizada ns linhas de \u00f4nibus metropolitanos   gerenciadas pela EMTU\/SP (Empresa Metropolitana de Transportes Urbanos   de S\u00e3o Paulo).<\/p>\n<p><em>Fonte: R7<\/em><\/p>\n\n<div style=\"font-size: 0px; height: 0px; line-height: 0px; margin: 0; padding: 0; clear: both;\"><\/div>","protected":false},"excerpt":{"rendered":"<p>Os usu\u00e1rios do metr\u00f4 poder\u00e3o contar com o servi\u00e7o por uma hora a mais, de s\u00e1bado (19) para domingo (20), por causa do fim do hor\u00e1rio de ver\u00e3o. Com a amplia\u00e7\u00e3o do hor\u00e1rio de circula\u00e7\u00e3o dos trens, o n\u00famero de viagens realizadas ser\u00e1 maior. Na linha 1- Azul (Jabaquara-Tucuruvi), ser\u00e3o 17 viagens a mais; na linha 2-Verde (Vila Prudente-Vila Madalena), 16; na linha 3-Vermelha (Corinthians-Itaquera\/Palmeiras-Barra Funda), 22; e na linha 5-Lil\u00e1s (Cap\u00e3o Redondo-Largo Treze), 10. No domingo, com exce\u00e7\u00e3o das esta\u00e7\u00f5es Vila Prudente e Tamanduate\u00ed, que operam atualmente das 8h \u00e0s 17h, todas as demais esta\u00e7\u00f5es reabrem para o p\u00fablico <\/p>\n","protected":false},"author":1,"featured_media":0,"comment_status":"open","ping_status":"closed","sticky":false,"template":"","format":"standard","meta":{"footnotes":""},"categories":[6],"tags":[],"class_list":["post-87","post","type-post","status-publish","format-standard","hentry","category-noticias-no-capao-redondo"],"aioseo_notices":[],"_links":{"self":[{"href":"https:\/\/www.encontracapaoredondo.com.br\/sobre\/wp-json\/wp\/v2\/posts\/87","targetHints":{"allow":["GET"]}}],"collection":[{"href":"https:\/\/www.encontracapaoredondo.com.br\/sobre\/wp-json\/wp\/v2\/posts"}],"about":[{"href":"https:\/\/www.encontracapaoredondo.com.br\/sobre\/wp-json\/wp\/v2\/types\/post"}],"author":[{"embeddable":true,"href":"https:\/\/www.encontracapaoredondo.com.br\/sobre\/wp-json\/wp\/v2\/users\/1"}],"replies":[{"embeddable":true,"href":"https:\/\/www.encontracapaoredondo.com.br\/sobre\/wp-json\/wp\/v2\/comments?post=87"}],"version-history":[{"count":0,"href":"https:\/\/www.encontracapaoredondo.com.br\/sobre\/wp-json\/wp\/v2\/posts\/87\/revisions"}],"wp:attachment":[{"href":"https:\/\/www.encontracapaoredondo.com.br\/sobre\/wp-json\/wp\/v2\/media?parent=87"}],"wp:term":[{"taxonomy":"category","embeddable":true,"href":"https:\/\/www.encontracapaoredondo.com.br\/sobre\/wp-json\/wp\/v2\/categories?post=87"},{"taxonomy":"post_tag","embeddable":true,"href":"https:\/\/www.encontracapaoredondo.com.br\/sobre\/wp-json\/wp\/v2\/tags?post=87"}],"curies":[{"name":"wp","href":"https:\/\/api.w.org\/{rel}","templated":true}]}}