{"id":85,"date":"2011-02-16T20:55:53","date_gmt":"2011-02-16T20:55:53","guid":{"rendered":"http:\/\/www.encontracapaoredondo.com.br\/noticias\/?p=85"},"modified":"2019-04-29T16:29:43","modified_gmt":"2019-04-29T19:29:43","slug":"crianca-de-2-anos-morre-apos-batida-de-moto-no-capao-redondo","status":"publish","type":"post","link":"https:\/\/www.encontracapaoredondo.com.br\/sobre\/crianca-de-2-anos-morre-apos-batida-de-moto-no-capao-redondo\/","title":{"rendered":"Crian\u00e7a de 2 anos morre ap\u00f3s batida de moto no Cap\u00e3o Redondo"},"content":{"rendered":"<div class=\"8fb9da09c1a584b185d8cf81e63b5046\" data-index=\"1\" style=\"float: none; margin:0px;\">\n<!-- Anuncio display - global -->\r\n<ins class=\"adsbygoogle\"\r\n     style=\"display:block\"\r\n     data-ad-client=\"ca-pub-8585364105181520\"\r\n     data-ad-slot=\"8789329856\"\r\n     data-ad-format=\"auto\"\r\n     data-full-width-responsive=\"true\"><\/ins>\r\n<script>\r\n     (adsbygoogle = window.adsbygoogle || []).push({});\r\n<\/script>\n<\/div>\n<p>Uma crian\u00e7a de 2 anos morreu em uma batida entre uma moto e uma van na  rua Henrique Sam Mindlin, pr\u00f3ximo ao n\u00famero 10, no Jardim S\u00e3o Bento  Novo, regi\u00e3o do Cap\u00e3o Redondo, zona sul de S\u00e3o Paulo.<\/p>\n<p>Os bombeiros foram acionados por volta das 11h10 deste domingo para socorrer a crian\u00e7a, que estava na moto com o tio.<\/p>\n<p>Segundo a pol\u00edcia, a crian\u00e7a morreu no local. O tio dela, que pilotava a  moto, teve escoria\u00e7\u00f5es leves. Um inqu\u00e9rito ser\u00e1 aberto para investigar o  que aconteceu.<\/p>\n<p>O caso foi encaminhado \u00e0 47\u00aa Delegacia de Pol\u00edcia em Cap\u00e3o Redondo, zona sul de S\u00e3o Paulo.<br \/>\n<em><br \/>\nFonte: R7<\/em><\/p>\n\n<div style=\"font-size: 0px; height: 0px; line-height: 0px; margin: 0; padding: 0; clear: both;\"><\/div>","protected":false},"excerpt":{"rendered":"<p>Uma crian\u00e7a de 2 anos morreu em uma batida entre uma moto e uma van na rua Henrique Sam Mindlin, pr\u00f3ximo ao n\u00famero 10, no Jardim S\u00e3o Bento Novo, regi\u00e3o do Cap\u00e3o Redondo, zona sul de S\u00e3o Paulo. Os bombeiros foram acionados por volta das 11h10 deste domingo para socorrer a crian\u00e7a, que estava na moto com o tio. Segundo a pol\u00edcia, a crian\u00e7a morreu no local. O tio dela, que pilotava a moto, teve escoria\u00e7\u00f5es leves. Um inqu\u00e9rito ser\u00e1 aberto para investigar o que aconteceu. O caso foi encaminhado \u00e0 47\u00aa Delegacia de Pol\u00edcia em Cap\u00e3o Redondo, zona sul <\/p>\n","protected":false},"author":1,"featured_media":0,"comment_status":"open","ping_status":"closed","sticky":false,"template":"","format":"standard","meta":{"footnotes":""},"categories":[6],"tags":[],"class_list":["post-85","post","type-post","status-publish","format-standard","hentry","category-noticias-no-capao-redondo"],"aioseo_notices":[],"_links":{"self":[{"href":"https:\/\/www.encontracapaoredondo.com.br\/sobre\/wp-json\/wp\/v2\/posts\/85","targetHints":{"allow":["GET"]}}],"collection":[{"href":"https:\/\/www.encontracapaoredondo.com.br\/sobre\/wp-json\/wp\/v2\/posts"}],"about":[{"href":"https:\/\/www.encontracapaoredondo.com.br\/sobre\/wp-json\/wp\/v2\/types\/post"}],"author":[{"embeddable":true,"href":"https:\/\/www.encontracapaoredondo.com.br\/sobre\/wp-json\/wp\/v2\/users\/1"}],"replies":[{"embeddable":true,"href":"https:\/\/www.encontracapaoredondo.com.br\/sobre\/wp-json\/wp\/v2\/comments?post=85"}],"version-history":[{"count":0,"href":"https:\/\/www.encontracapaoredondo.com.br\/sobre\/wp-json\/wp\/v2\/posts\/85\/revisions"}],"wp:attachment":[{"href":"https:\/\/www.encontracapaoredondo.com.br\/sobre\/wp-json\/wp\/v2\/media?parent=85"}],"wp:term":[{"taxonomy":"category","embeddable":true,"href":"https:\/\/www.encontracapaoredondo.com.br\/sobre\/wp-json\/wp\/v2\/categories?post=85"},{"taxonomy":"post_tag","embeddable":true,"href":"https:\/\/www.encontracapaoredondo.com.br\/sobre\/wp-json\/wp\/v2\/tags?post=85"}],"curies":[{"name":"wp","href":"https:\/\/api.w.org\/{rel}","templated":true}]}}