{"id":847,"date":"2013-07-26T14:50:43","date_gmt":"2013-07-26T14:50:43","guid":{"rendered":"http:\/\/www.encontracapaoredondo.com.br\/noticias\/?p=847"},"modified":"2019-04-29T16:28:23","modified_gmt":"2019-04-29T19:28:23","slug":"papo-com-os-jovens-acontece-no-ceu-capao-redondo","status":"publish","type":"post","link":"https:\/\/www.encontracapaoredondo.com.br\/sobre\/papo-com-os-jovens-acontece-no-ceu-capao-redondo\/","title":{"rendered":"Papo com os jovens acontece no CEU Cap\u00e3o Redondo"},"content":{"rendered":"<div class=\"8fb9da09c1a584b185d8cf81e63b5046\" data-index=\"1\" style=\"float: none; margin:0px;\">\n<!-- Anuncio display - global -->\r\n<ins class=\"adsbygoogle\"\r\n     style=\"display:block\"\r\n     data-ad-client=\"ca-pub-8585364105181520\"\r\n     data-ad-slot=\"8789329856\"\r\n     data-ad-format=\"auto\"\r\n     data-full-width-responsive=\"true\"><\/ins>\r\n<script>\r\n     (adsbygoogle = window.adsbygoogle || []).push({});\r\n<\/script>\n<\/div>\n<p>Subprefeituras das 31 regi\u00f5es da cidade ouvir\u00e3o os seus jovens em uma s\u00e9rie de encontros promovidos pela Secretaria Municipal de Direitos Humanos e Cidadania, por meio da Coordena\u00e7\u00e3o de Pol\u00edticas para Juventude, em parceria com a Secretaria de Coordena\u00e7\u00e3o de Suprefeituras.<\/p>\n<p>Batizado de #PapoRetoSP, o ciclo de di\u00e1logos come\u00e7ou com a Subprefeitura da S\u00e9, no s\u00e1bado, dia 20, na Pra\u00e7a das Artes. Os pr\u00f3ximos encontros acontecer\u00e3o nos dias 26, 27 e 28 de julho e 3 de agosto, nas demais regi\u00f5es.<\/p>\n<p>Realizada em parceria com os auxiliares da juventude das subprefeituras, a iniciativa tem como objetivo manter espa\u00e7os permanentes de participa\u00e7\u00e3o dos jovens, para ouvir as suas demandas e, assim, construir um diagn\u00f3stico que oriente as pol\u00edticas voltadas \u00e0 juventude na cidade.<\/p>\n<p>\u00c9 tamb\u00e9m uma oportunidade de envolver a sociedade e as organiza\u00e7\u00f5es juvenis em a\u00e7\u00f5es que estimulem a ocupa\u00e7\u00e3o dos espa\u00e7os p\u00fablicos com atividades culturais, esportivas, debates pol\u00edticos, entre outras manifesta\u00e7\u00f5es.<\/p>\n<p>Quem n\u00e3o puder comparecer pode participar do di\u00e1logo pelo Twitter ou pelo Facebook, usando a hashtag #PapoRetoSP ao fazer coment\u00e1rios e perguntas.<\/p>\n<p>A participa\u00e7\u00e3o de todos os jovens \u00e9 fundamental para que suas vozes sejam incorporadas \u00e0s pol\u00edticas do munic\u00edpio. Participe!<\/p>\n<p><strong>Confira a agenda na sua regi\u00e3o:<\/strong><\/p>\n<p><strong>&#8211; Dia 27\/7<\/strong><\/p>\n<p><strong>Campo Limpo<\/strong><br \/>\nCEU Cap\u00e3o Redondo<br \/>\nRua Daniel Gran, s\/n\u00ba<br \/>\n\u00c0s 14h<\/p>\n<p><em>Fonte: Prefeitura de S. Paulo<\/em><\/p>\n\n<div style=\"font-size: 0px; height: 0px; line-height: 0px; margin: 0; padding: 0; clear: both;\"><\/div>","protected":false},"excerpt":{"rendered":"<p>Subprefeituras das 31 regi\u00f5es da cidade ouvir\u00e3o os seus jovens em uma s\u00e9rie de encontros promovidos pela Secretaria Municipal de Direitos Humanos e Cidadania, por meio da Coordena\u00e7\u00e3o de Pol\u00edticas para Juventude, em parceria com a Secretaria de Coordena\u00e7\u00e3o de Suprefeituras. Batizado de #PapoRetoSP, o ciclo de di\u00e1logos come\u00e7ou com a Subprefeitura da S\u00e9, no s\u00e1bado, dia 20, na Pra\u00e7a das Artes. Os pr\u00f3ximos encontros acontecer\u00e3o nos dias 26, 27 e 28 de julho e 3 de agosto, nas demais regi\u00f5es. Realizada em parceria com os auxiliares da juventude das subprefeituras, a iniciativa tem como objetivo manter espa\u00e7os permanentes de <\/p>\n","protected":false},"author":1,"featured_media":0,"comment_status":"open","ping_status":"closed","sticky":false,"template":"","format":"standard","meta":{"footnotes":""},"categories":[6],"tags":[],"class_list":["post-847","post","type-post","status-publish","format-standard","hentry","category-noticias-no-capao-redondo"],"aioseo_notices":[],"_links":{"self":[{"href":"https:\/\/www.encontracapaoredondo.com.br\/sobre\/wp-json\/wp\/v2\/posts\/847","targetHints":{"allow":["GET"]}}],"collection":[{"href":"https:\/\/www.encontracapaoredondo.com.br\/sobre\/wp-json\/wp\/v2\/posts"}],"about":[{"href":"https:\/\/www.encontracapaoredondo.com.br\/sobre\/wp-json\/wp\/v2\/types\/post"}],"author":[{"embeddable":true,"href":"https:\/\/www.encontracapaoredondo.com.br\/sobre\/wp-json\/wp\/v2\/users\/1"}],"replies":[{"embeddable":true,"href":"https:\/\/www.encontracapaoredondo.com.br\/sobre\/wp-json\/wp\/v2\/comments?post=847"}],"version-history":[{"count":0,"href":"https:\/\/www.encontracapaoredondo.com.br\/sobre\/wp-json\/wp\/v2\/posts\/847\/revisions"}],"wp:attachment":[{"href":"https:\/\/www.encontracapaoredondo.com.br\/sobre\/wp-json\/wp\/v2\/media?parent=847"}],"wp:term":[{"taxonomy":"category","embeddable":true,"href":"https:\/\/www.encontracapaoredondo.com.br\/sobre\/wp-json\/wp\/v2\/categories?post=847"},{"taxonomy":"post_tag","embeddable":true,"href":"https:\/\/www.encontracapaoredondo.com.br\/sobre\/wp-json\/wp\/v2\/tags?post=847"}],"curies":[{"name":"wp","href":"https:\/\/api.w.org\/{rel}","templated":true}]}}