{"id":843,"date":"2013-07-19T01:35:00","date_gmt":"2013-07-19T01:35:00","guid":{"rendered":"http:\/\/www.encontracapaoredondo.com.br\/noticias\/?p=843"},"modified":"2019-04-29T16:28:23","modified_gmt":"2019-04-29T19:28:23","slug":"fabrica-de-cultura-do-capao-redondo-recebe-propostas-de-atividades-culturais","status":"publish","type":"post","link":"https:\/\/www.encontracapaoredondo.com.br\/sobre\/fabrica-de-cultura-do-capao-redondo-recebe-propostas-de-atividades-culturais\/","title":{"rendered":"F\u00e1brica de Cultura do Cap\u00e3o Redondo recebe propostas de atividades culturais"},"content":{"rendered":"<div class=\"8fb9da09c1a584b185d8cf81e63b5046\" data-index=\"1\" style=\"float: none; margin:0px;\">\n<!-- Anuncio display - global -->\r\n<ins class=\"adsbygoogle\"\r\n     style=\"display:block\"\r\n     data-ad-client=\"ca-pub-8585364105181520\"\r\n     data-ad-slot=\"8789329856\"\r\n     data-ad-format=\"auto\"\r\n     data-full-width-responsive=\"true\"><\/ins>\r\n<script>\r\n     (adsbygoogle = window.adsbygoogle || []).push({});\r\n<\/script>\n<\/div>\n<p>A Poiesis tem inscri\u00e7\u00f5es abertas para edital de propostas de atividades culturais nas F\u00e1bricas de Cultura de Jardim S\u00e3o Lu\u00eds, Cap\u00e3o Redondo, Ja\u00e7an\u00e3, Vila Nova Cachoeirinha e Brasil\u00e2ndia. Ser\u00e3o aceitos projetos de apresenta\u00e7\u00f5es teatrais, circenses, musicais, de dan\u00e7a, conta\u00e7\u00e3o de hist\u00f3rias, encontros com escritores, entre outros.<\/p>\n<p>As iniciativas ser\u00e3o avaliadas segundo qualidade art\u00edstica e t\u00e9cnica, diversidade tem\u00e1tica, pertin\u00eancia e ineditismo.<\/p>\n<p>As inscri\u00e7\u00f5es podem ser feitas pessoalmente, at\u00e9 o dia 16 de agosto, de ter\u00e7a a sexta-feira (das 9h \u00e0s 17h), e aos s\u00e1bados e domingos (das 12h \u00e0s 16h), nas F\u00e1bricas de Cultura, ou via correio. Confira mais informa\u00e7\u00f5es no edital.<\/p>\n<p><em>Fonte: Catraca Livre<\/em><\/p>\n\n<div style=\"font-size: 0px; height: 0px; line-height: 0px; margin: 0; padding: 0; clear: both;\"><\/div>","protected":false},"excerpt":{"rendered":"<p>A Poiesis tem inscri\u00e7\u00f5es abertas para edital de propostas de atividades culturais nas F\u00e1bricas de Cultura de Jardim S\u00e3o Lu\u00eds, Cap\u00e3o Redondo, Ja\u00e7an\u00e3, Vila Nova Cachoeirinha e Brasil\u00e2ndia. Ser\u00e3o aceitos projetos de apresenta\u00e7\u00f5es teatrais, circenses, musicais, de dan\u00e7a, conta\u00e7\u00e3o de hist\u00f3rias, encontros com escritores, entre outros. As iniciativas ser\u00e3o avaliadas segundo qualidade art\u00edstica e t\u00e9cnica, diversidade tem\u00e1tica, pertin\u00eancia e ineditismo. As inscri\u00e7\u00f5es podem ser feitas pessoalmente, at\u00e9 o dia 16 de agosto, de ter\u00e7a a sexta-feira (das 9h \u00e0s 17h), e aos s\u00e1bados e domingos (das 12h \u00e0s 16h), nas F\u00e1bricas de Cultura, ou via correio. Confira mais informa\u00e7\u00f5es no <\/p>\n","protected":false},"author":1,"featured_media":0,"comment_status":"open","ping_status":"closed","sticky":false,"template":"","format":"standard","meta":{"footnotes":""},"categories":[6],"tags":[],"class_list":["post-843","post","type-post","status-publish","format-standard","hentry","category-noticias-no-capao-redondo"],"aioseo_notices":[],"_links":{"self":[{"href":"https:\/\/www.encontracapaoredondo.com.br\/sobre\/wp-json\/wp\/v2\/posts\/843","targetHints":{"allow":["GET"]}}],"collection":[{"href":"https:\/\/www.encontracapaoredondo.com.br\/sobre\/wp-json\/wp\/v2\/posts"}],"about":[{"href":"https:\/\/www.encontracapaoredondo.com.br\/sobre\/wp-json\/wp\/v2\/types\/post"}],"author":[{"embeddable":true,"href":"https:\/\/www.encontracapaoredondo.com.br\/sobre\/wp-json\/wp\/v2\/users\/1"}],"replies":[{"embeddable":true,"href":"https:\/\/www.encontracapaoredondo.com.br\/sobre\/wp-json\/wp\/v2\/comments?post=843"}],"version-history":[{"count":0,"href":"https:\/\/www.encontracapaoredondo.com.br\/sobre\/wp-json\/wp\/v2\/posts\/843\/revisions"}],"wp:attachment":[{"href":"https:\/\/www.encontracapaoredondo.com.br\/sobre\/wp-json\/wp\/v2\/media?parent=843"}],"wp:term":[{"taxonomy":"category","embeddable":true,"href":"https:\/\/www.encontracapaoredondo.com.br\/sobre\/wp-json\/wp\/v2\/categories?post=843"},{"taxonomy":"post_tag","embeddable":true,"href":"https:\/\/www.encontracapaoredondo.com.br\/sobre\/wp-json\/wp\/v2\/tags?post=843"}],"curies":[{"name":"wp","href":"https:\/\/api.w.org\/{rel}","templated":true}]}}