{"id":832,"date":"2013-07-08T01:33:32","date_gmt":"2013-07-08T01:33:32","guid":{"rendered":"http:\/\/www.encontracapaoredondo.com.br\/noticias\/?p=832"},"modified":"2019-04-29T16:28:23","modified_gmt":"2019-04-29T19:28:23","slug":"projeto-oferece-sessoes-de-cinema-gratis-durante-julho-no-capao-redondo","status":"publish","type":"post","link":"https:\/\/www.encontracapaoredondo.com.br\/sobre\/projeto-oferece-sessoes-de-cinema-gratis-durante-julho-no-capao-redondo\/","title":{"rendered":"Projeto oferece sess\u00f5es de cinema gr\u00e1tis durante julho no Cap\u00e3o Redondo"},"content":{"rendered":"<div class=\"8fb9da09c1a584b185d8cf81e63b5046\" data-index=\"1\" style=\"float: none; margin:0px;\">\n<!-- Anuncio display - global -->\r\n<ins class=\"adsbygoogle\"\r\n     style=\"display:block\"\r\n     data-ad-client=\"ca-pub-8585364105181520\"\r\n     data-ad-slot=\"8789329856\"\r\n     data-ad-format=\"auto\"\r\n     data-full-width-responsive=\"true\"><\/ins>\r\n<script>\r\n     (adsbygoogle = window.adsbygoogle || []).push({});\r\n<\/script>\n<\/div>\n<p>O projeto Circuito Municipal de Cultura: F\u00e9rias, da Secretaria Municipal de Cultura em parceria com o projeto Cine Tela Brasil, oferece diversas sess\u00f5es de cinema e uma biblioteca itinerante ao longo do m\u00eas de julho em S\u00e3o Paulo. Cada regi\u00e3o ir\u00e1 receber o cinema durante seis dias, com quatro sess\u00f5es di\u00e1rias.<\/p>\n<p>Haver\u00e1 exibi\u00e7\u00f5es em Cidade Tiradentes, Pra\u00e7a das Artes (Centro), Parada de Taipas, Largo da Batata, Ja\u00e7an\u00e3 e Cap\u00e3o Redondo. Nesses locais, ser\u00e1 montada uma sala com 225 lugares, assentos acolchoados, ar-condicionado, som est\u00e9reo e tela de 21 metros quadrados.<\/p>\n<p>A programa\u00e7\u00e3o ter\u00e1 a exibi\u00e7\u00e3o de nove longas-metragens, entre eles, a anima\u00e7\u00e3o \u201cRio\u201d, dirigida pelo brasileiro Carlos Saldanha; \u201cChega de Saudade\u201d, filme de La\u00eds Bodansky; \u201cUma hist\u00f3ria de amor e f\u00faria\u201d, anima\u00e7\u00e3o dirigida por Luis Bolognesi e\u00a0 \u201cA M\u00e1quina\u201d, longa-metragem de Jo\u00e3o Falc\u00e3o que traz o ator Paulo Autran no elenco.<\/p>\n<p><strong>As sess\u00f5es de cinema come\u00e7am j\u00e1 nesta sexta-feira. Confira a agenda completa:<\/strong><\/p>\n<p><strong>Turma da M\u00f4nica &#8211; Uma aventura no tempo<\/strong><br \/>\n(Brasil, 2007, 80 min, anima\u00e7\u00e3o). Diretor: Maur\u00edcio de Sousa e Rodrigo Gava. Livre.<br \/>\nAp\u00f3s um acidente provocado por Cebolinha e Casc\u00e3o, uma inven\u00e7\u00e3o do Franjinha faz com que o tempo na Terra se torne lento.<\/p>\n<p>&#8211; Ja\u00e7an\u00e3. Avenida Nova Paulista, s\/n\u00ba (alt. do n\u00ba 700, Jardim Fontalis, Pra\u00e7a Flor de Maio, final do \u00f4nibus Jardim Fontalis). Zona Norte. Dia 25, 10h30. Dia 30, 14h<br \/>\n&#8211; Parada de Taipas. Avenida Raimundo Pereira de Magalh\u00e3es, n\u00ba 11.980 (no estacionamento do Hipermercado Atacad\u00e3o). Dia 15, 10h30. Dia 18, 13h30. Dia 19, 14h<\/p>\n<p><strong>Rio<\/strong><br \/>\n(Brasil, 2011, 96 min, anima\u00e7\u00e3o). Diretor: Carlos Saldanha. Livre.<br \/>\nCriada em cativeiro nos EUA, uma arara azul volta para sua terra natal, o Brasil, para acasalar com a \u00faltima f\u00eamea de sua esp\u00e9cie, e ambos se tornam alvo de ladr\u00f5es de animais.<\/p>\n<p>&#8211; Cap\u00e3o Redondo. Rua Visconde de Rio Grande, alt. n\u00ba 113 (na quadra ao lado do Sal\u00e3o da Par\u00f3quia S\u00e3o Jos\u00e9 Oper\u00e1rio). Zona Sul. Dia 5, 14h. Dia 6, 15h30. Dias 7 e 9, 13h30. Dia 8, 10h30. Dia 10, 16h<br \/>\n&#8211; Ja\u00e7an\u00e3. Avenida Nova Paulista, s\/n\u00ba (alt. do n\u00ba 700, Jardim Fontalis, Pra\u00e7a Flor de Maio, final do \u00f4nibus Jardim Fontalis). Zona Norte. Dia 25, 14h. Dias 26, 27 e 29, 13h30. Dia 28, 10h30. Dia 30, 16h<br \/>\n&#8211; Pinheiros. Largo da Batata. Rua Pedro Cristi, s\/n\u00ba (pr\u00f3ximo ao Mercado Municipal de Pinheiros). Zona Oeste. Dia 26, 10h30. Dias 27 e 28, 13h30. Dia 29, 14h<br \/>\n&#8211; Parada de Taipas. Avenida Raimundo Pereira de Magalh\u00e3es, n\u00ba 11.980 (no estacionamento do Hipermercado Atacad\u00e3o). Dias 15 e 17, 14h. Dia 16, 10h30. Dia 19, 16h. Dia 20, 13h30<br \/>\n&#8211; Pra\u00e7a das Artes. Avenida S\u00e3o Jo\u00e3o, n\u00ba 281. Centro. Dias 15 e 18, 10h30. Dia 16, 14h. Dia 20, 13h30<\/p>\n<p><strong>Uma Hist\u00f3ria de Amor e F\u00faria<\/strong><br \/>\n(Brasil, 2013, 75 min, anima\u00e7\u00e3o). Diretor: Luiz Bolognesi. +12 anos.<br \/>\nUm homem com quase 600 anos de idade acompanha a hist\u00f3ria do Brasil, enquanto procura a ressurrei\u00e7\u00e3o de sua amada Jana\u00edna. Ele participa das batalhas entre tupinamb\u00e1s e tupiniquins, passa pela Balaiada e o movimento de resist\u00eancia contra a ditadura militar, antes de enfrentar a guerra pela \u00e1gua em 2096.<\/p>\n<p>&#8211;\u00a0 Ja\u00e7an\u00e3. Avenida Nova Paulista, s\/n\u00ba (alt. do n\u00ba 700, Jardim Fontalis, Pra\u00e7a Flor de Maio, final do \u00f4nibus Jardim Fontalis). Zona Norte. Dia 25, 16h. Dia 27, 17h30<br \/>\n&#8211;\u00a0 Pinheiros. Largo da Batata. Rua Pedro Cristi, s\/n\u00ba (pr\u00f3ximo ao Mercado Municipal de Pinheiros). Zona Oeste. Dia 25, 14h. Dias 26 e 30, 16h. Dia 27, 19h30. Dia 28, 17h30<br \/>\n&#8211;\u00a0 Parada de Taipas. Avenida Raimundo Pereira de Magalh\u00e3es, n\u00ba 11.980 (no estacionamento do Hipermercado Atacad\u00e3o). Dia 15, 10h30. Dia 18, 13h30. Dia 19, 14h<br \/>\n&#8211;\u00a0 Pra\u00e7a das Artes. Avenida S\u00e3o Jo\u00e3o, n\u00ba 281. Centro. Dias 15, 17 e 19, 18h. Dia 20, 19h30<\/p>\n<p><strong>As Melhores Coisas do Mundo<\/strong><br \/>\n(Brasil, 2010, 104 min). Diretora: La\u00eds Bodanzky. Com Francisco Miguez, Fiuk, Denise Fraga e outros. +14 anos.<br \/>\nEnquanto vive os dilemas comuns a todos os adolescentes, Mano, um rapaz de 15 anos, tem de conviver tamb\u00e9m com a separa\u00e7\u00e3o dos pais.<\/p>\n<p>&#8211;\u00a0 Cap\u00e3o Redondo. Rua Visconde de Rio Grande, alt. n\u00ba 113 (na quadra ao lado do Sal\u00e3o da Par\u00f3quia S\u00e3o Jos\u00e9 Oper\u00e1rio). Zona Sul. Dia 10, 18h. &#8211; &#8211;\u00a0 Ja\u00e7an\u00e3. Avenida Nova Paulista, s\/n\u00ba (alt. do n\u00ba 700, Jardim Fontalis, Pra\u00e7a Flor de Maio, final do \u00f4nibus Jardim Fontalis). Zona Norte. Dias 25 e 30, 18h. Dia 28, 16h. Dia 29, 15h30<br \/>\n&#8211;\u00a0 Pinheiros. Largo da Batata. Rua Pedro Cristi, s\/n\u00ba (pr\u00f3ximo ao Mercado Municipal de Pinheiros). Zona Oeste. Dias 25, 29 e 30, 10h30. Dia 26, 14h. Dia 27, 15h30<br \/>\n&#8211;\u00a0 Parada de Taipas. Avenida Raimundo Pereira de Magalh\u00e3es, n\u00ba 11.980 (no estacionamento do Hipermercado Atacad\u00e3o). Dias 15 e 19, 18h. Dia 16, 16h. Dias 18 e 20, 15h30<br \/>\n&#8211;\u00a0 Pra\u00e7a das Artes. Avenida S\u00e3o Jo\u00e3o, n\u00ba 281. Centro. Dia 15, 14h. Dia 16, 16h. Dias 17 e 19, 10h30. Dia 18, 18h. Dia 20, 15h30<\/p>\n<p><strong>\u00c0 Beira do Caminho<\/strong><br \/>\n(Brasil, 2012, 102 min). Diretor: Breno Silveira. +14 anos.<br \/>\nPara fugir de traumas do passado, caminhoneiro decide cruzar o pa\u00eds, mas, em uma de suas viagens, descobre um menino escondido em seu caminh\u00e3o. O conv\u00edvio faz com que o motorista tenha coragem para enfrentar seus dilemas.<\/p>\n<p>&#8211;\u00a0 Cap\u00e3o Redondo. Rua Visconde de Rio Grande, alt. n\u00ba 113 (na quadra ao lado do Sal\u00e3o da Par\u00f3quia S\u00e3o Jos\u00e9 Oper\u00e1rio). Zona Sul. Dia 6, 19h30. Dia 9, 17h30<br \/>\n&#8211;\u00a0 Ja\u00e7an\u00e3. Avenida Nova Paulista, s\/n\u00ba (alt. do n\u00ba 700, Jardim Fontalis, Pra\u00e7a Flor de Maio, final do \u00f4nibus Jardim Fontalis). Zona Norte. Dias 26 e 27, 19h30. Dia 29, 17h30<br \/>\n&#8211;\u00a0 Pinheiros. Largo da Batata. Rua Pedro Cristi, s\/n\u00ba (pr\u00f3ximo ao Mercado Municipal de Pinheiros). Zona Oeste. Dia 25, 16h. Dias 26, 29 e 30, 18h. Dia 27, 17h30<br \/>\n&#8211;\u00a0 Parada de Taipas. Avenida Raimundo Pereira de Magalh\u00e3es, n\u00ba 11.980 (no estacionamento do Hipermercado Atacad\u00e3o). Dia 16, 18h. Dia 18, 17h30. Dia 20, 19h30<br \/>\n&#8211;\u00a0 Pra\u00e7a das Artes. Avenida S\u00e3o Jo\u00e3o, n\u00ba 281. Centro. Dia 16, 18h. Dias 17 e 19, 16h. Dia 20, 17h30<\/p>\n<p><strong>Eu e Meu Guarda-Chuva<\/strong><br \/>\n(Brasil, 2010, 85 min). Diretor: Toni Vanzolini. Livre.<br \/>\nGaroto de 11 anos perde o av\u00f4, que lhe deixa de heran\u00e7a um guarda-chuva. Na companhia de dois amigos, ele resolve visitar a nova escola onde vai estudar e descobre que um fantasma maltrata as crian\u00e7as.<\/p>\n<p>&#8211;\u00a0 Cap\u00e3o Redondo. Rua Visconde de Rio Grande, alt. n\u00ba 113 (na quadra ao lado do Sal\u00e3o da Par\u00f3quia S\u00e3o Jos\u00e9 Oper\u00e1rio). Zona Sul. Dia 7, 15h30. Dia 8, 14h. Dia 10, 10h30<br \/>\n&#8211;\u00a0 Ja\u00e7an\u00e3. Avenida Nova Paulista, s\/n\u00ba (alt. do n\u00ba 700, Jardim Fontalis, Pra\u00e7a Flor de Maio, final do \u00f4nibus Jardim Fontalis). Zona Norte. Dias 26 e 27, 15h30. Dia 28, 14h. Dia 30, 10h30<br \/>\n&#8211;\u00a0 Parada de Taipas. Avenida Raimundo Pereira de Magalh\u00e3es, n\u00ba 11.980 (no estacionamento do Hipermercado Atacad\u00e3o). Dias 17 e 19, 10h30<\/p>\n<p><strong>Chega de Saudade<\/strong><br \/>\n(Brasil, 2009, 92 min). Diretora: La\u00eds Bodanzky. Com T\u00f4nia Carrero, Leonardo Vilar, Cassia Kiss e outros. Participa\u00e7\u00e3o especial: Elza Soares e Marku Ribas. +12 anos.<br \/>\nDurante um baile para a terceira idade em um sal\u00e3o paulistano, frequentadores vivem diversas situa\u00e7\u00f5es que envolvem, inclusive, o jovem DJ e sua namorada.<\/p>\n<p>&#8211;\u00a0 Ja\u00e7an\u00e3. Avenida Nova Paulista, s\/n\u00ba (alt. do n\u00ba 700, Jardim Fontalis, Pra\u00e7a Flor de Maio, final do \u00f4nibus Jardim Fontalis). Zona Norte. Dia 28, 18h<br \/>\n&#8211;\u00a0 Pinheiros. Largo da Batata. Rua Pedro Cristi, s\/n\u00ba (pr\u00f3ximo ao Mercado Municipal de Pinheiros). Zona Oeste. Dia 28, 19h30<br \/>\n&#8211;\u00a0 Pra\u00e7a das Artes. Avenida S\u00e3o Jo\u00e3o, n\u00ba 281. Centro. Dia 15, 16h. Dia 19, 14h<\/p>\n<p><strong>Bicho de 7 Cabe\u00e7as<\/strong><br \/>\n(Brasil, 2000, 80 min). Diretora: La\u00eds Bodanzky. Com Rodrigo Santoro, Othon Bastos, C\u00e1ssia Kiss e outros. +14 anos.<br \/>\nPara que o filho se livre do uso de maconha, pai o interna em um manic\u00f4mio p\u00fablico.<\/p>\n<p>&#8211;\u00a0 Ja\u00e7an\u00e3. Avenida Nova Paulista, s\/n\u00ba (alt. do n\u00ba 700, Jardim Fontalis, Pra\u00e7a Flor de Maio, final do \u00f4nibus Jardim Fontalis). Zona Norte. Dia 29, 19h30<br \/>\n&#8211;\u00a0 Pinheiros. Largo da Batata. Rua Pedro Cristi, s\/n\u00ba (pr\u00f3ximo ao Mercado Municipal de Pinheiros). Zona Oeste. Dia 25, 18h. Dia 30, 14h<br \/>\n&#8211;\u00a0 Parada de Taipas. Avenida Raimundo Pereira de Magalh\u00e3es, n\u00ba 11.980 (no estacionamento do Hipermercado Atacad\u00e3o). Dia 17, 18h<br \/>\n&#8211;\u00a0 Pra\u00e7a das Artes. Avenida S\u00e3o Jo\u00e3o, n\u00ba 281. Centro. Dia 17, 14h. Dia 18, 16h<\/p>\n<p><strong>A M\u00e1quina<\/strong><br \/>\n(Brasil, 2005, 90 min). Dir.: Jo\u00e3o Falc\u00e3o. Livre.<br \/>\nCom\u00e9dia que acompanha uma jovem e sonhadora atriz, moradora de uma cidadezinha no sert\u00e3o. Ela decide conhecer o mundo, mas o namorado, para evitar que isso ocorra, participa de um programa de televis\u00e3o no qual promete viajar para o futuro. Caso falhe, ser\u00e1 morto por uma m\u00e1quina em frente \u00e0 popula\u00e7\u00e3o.<\/p>\n<p>&#8211;\u00a0 Cap\u00e3o Redondo. Rua Visconde de Rio Grande, alt. n\u00ba 113 (na quadra ao lado do Sal\u00e3o da Par\u00f3quia S\u00e3o Jos\u00e9 Oper\u00e1rio). Zona Sul. Dia 9, 15h30<br \/>\n&#8211;\u00a0 Cidade Tiradentes. Centro de Forma\u00e7\u00e3o Cultural de Cidade Tiradentes. Rua In\u00e1cio Monteiro, alt. do n\u00ba 6.900 (esq. com Rua Alexandre Dadivenko). Zona Leste. Dia 9, 15h30<br \/>\n&#8211;\u00a0 Ja\u00e7an\u00e3. Avenida Nova Paulista, s\/n\u00ba (alt. do n\u00ba 700, Jardim Fontalis, Pra\u00e7a Flor de Maio, final do \u00f4nibus Jardim Fontalis). Zona Norte. Dia 26, 17h30<br \/>\n&#8211;\u00a0 Pinheiros. Largo da Batata. Rua Pedro Cristi, s\/n\u00ba (pr\u00f3ximo ao Mercado Municipal de Pinheiros). Zona Oeste. Dia 29,16h<br \/>\n&#8211;\u00a0 Parada de Taipas. Avenida Raimundo Pereira de Magalh\u00e3es, n\u00ba 11.980 (no estacionamento do Hipermercado Atacad\u00e3o). Dia 16, 14h<br \/>\n&#8211;\u00a0 Pra\u00e7a das Artes. Avenida S\u00e3o Jo\u00e3o, n\u00ba 281. Centro. Dia 16, 10h30. Dia 18, 14h<\/p>\n<p><strong>Biblioteca itinerante<\/strong><br \/>\nOutra a\u00e7\u00e3o do projeto \u00e9 o \u00f4nibus-biblioteca, que poder\u00e1 ser visitado pelo p\u00fablico em todos os locais. O acervo da biblioteca, formado por mais de 5 mil t\u00edtulos entre livros, revistas e peri\u00f3dicos, poder\u00e1 ser consultado.<\/p>\n<p><strong>Participa\u00e7\u00e3o do projeto \u00f4nibus-biblioteca:<br \/>\n&#8211; <\/strong>Cidade Tiradentes &#8211; Dia 9<br \/>\n&#8211; Cap\u00e3o Redondo &#8211; At\u00e9 10 de julho<br \/>\n&#8211; Parada de Taipas &#8211; Dias 15 e 17 de julho<br \/>\n&#8211; Pra\u00e7a das Artes &#8211; Dias 15 e 20 de julho<br \/>\n&#8211; Ja\u00e7an\u00e3 &#8211; Dias 24 e 30 de julho<br \/>\n&#8211; Largo da Batata &#8211; Dias 25 e 30 de julho<\/p>\n<p><em>Fonte: G1<\/em><\/p>\n\n<div style=\"font-size: 0px; height: 0px; line-height: 0px; margin: 0; padding: 0; clear: both;\"><\/div>","protected":false},"excerpt":{"rendered":"<p>O projeto Circuito Municipal de Cultura: F\u00e9rias, da Secretaria Municipal de Cultura em parceria com o projeto Cine Tela Brasil, oferece diversas sess\u00f5es de cinema e uma biblioteca itinerante ao longo do m\u00eas de julho em S\u00e3o Paulo. Cada regi\u00e3o ir\u00e1 receber o cinema durante seis dias, com quatro sess\u00f5es di\u00e1rias. Haver\u00e1 exibi\u00e7\u00f5es em Cidade Tiradentes, Pra\u00e7a das Artes (Centro), Parada de Taipas, Largo da Batata, Ja\u00e7an\u00e3 e Cap\u00e3o Redondo. Nesses locais, ser\u00e1 montada uma sala com 225 lugares, assentos acolchoados, ar-condicionado, som est\u00e9reo e tela de 21 metros quadrados. A programa\u00e7\u00e3o ter\u00e1 a exibi\u00e7\u00e3o de nove longas-metragens, entre eles, <\/p>\n","protected":false},"author":1,"featured_media":0,"comment_status":"open","ping_status":"closed","sticky":false,"template":"","format":"standard","meta":{"footnotes":""},"categories":[6],"tags":[],"class_list":["post-832","post","type-post","status-publish","format-standard","hentry","category-noticias-no-capao-redondo"],"aioseo_notices":[],"_links":{"self":[{"href":"https:\/\/www.encontracapaoredondo.com.br\/sobre\/wp-json\/wp\/v2\/posts\/832","targetHints":{"allow":["GET"]}}],"collection":[{"href":"https:\/\/www.encontracapaoredondo.com.br\/sobre\/wp-json\/wp\/v2\/posts"}],"about":[{"href":"https:\/\/www.encontracapaoredondo.com.br\/sobre\/wp-json\/wp\/v2\/types\/post"}],"author":[{"embeddable":true,"href":"https:\/\/www.encontracapaoredondo.com.br\/sobre\/wp-json\/wp\/v2\/users\/1"}],"replies":[{"embeddable":true,"href":"https:\/\/www.encontracapaoredondo.com.br\/sobre\/wp-json\/wp\/v2\/comments?post=832"}],"version-history":[{"count":0,"href":"https:\/\/www.encontracapaoredondo.com.br\/sobre\/wp-json\/wp\/v2\/posts\/832\/revisions"}],"wp:attachment":[{"href":"https:\/\/www.encontracapaoredondo.com.br\/sobre\/wp-json\/wp\/v2\/media?parent=832"}],"wp:term":[{"taxonomy":"category","embeddable":true,"href":"https:\/\/www.encontracapaoredondo.com.br\/sobre\/wp-json\/wp\/v2\/categories?post=832"},{"taxonomy":"post_tag","embeddable":true,"href":"https:\/\/www.encontracapaoredondo.com.br\/sobre\/wp-json\/wp\/v2\/tags?post=832"}],"curies":[{"name":"wp","href":"https:\/\/api.w.org\/{rel}","templated":true}]}}