{"id":805,"date":"2013-05-14T12:40:00","date_gmt":"2013-05-14T12:40:00","guid":{"rendered":"http:\/\/www.encontracapaoredondo.com.br\/noticias\/?p=805"},"modified":"2019-04-29T16:28:24","modified_gmt":"2019-04-29T19:28:24","slug":"capao-redondo-e-um-dos-bairros-que-mais-registrou-casos-de-dengue-em-2013","status":"publish","type":"post","link":"https:\/\/www.encontracapaoredondo.com.br\/sobre\/capao-redondo-e-um-dos-bairros-que-mais-registrou-casos-de-dengue-em-2013\/","title":{"rendered":"Cap\u00e3o Redondo \u00e9 um dos bairros que mais registrou casos de dengue em 2013"},"content":{"rendered":"<div class=\"8fb9da09c1a584b185d8cf81e63b5046\" data-index=\"1\" style=\"float: none; margin:0px;\">\n<!-- Anuncio display - global -->\r\n<ins class=\"adsbygoogle\"\r\n     style=\"display:block\"\r\n     data-ad-client=\"ca-pub-8585364105181520\"\r\n     data-ad-slot=\"8789329856\"\r\n     data-ad-format=\"auto\"\r\n     data-full-width-responsive=\"true\"><\/ins>\r\n<script>\r\n     (adsbygoogle = window.adsbygoogle || []).push({});\r\n<\/script>\n<\/div>\n<div>Os meses de mais incid\u00eancia de contrair a Dengue j\u00e1 acabaram, apesar disso as vigil\u00e2ncias sanit\u00e1rias da cidade de Itapecerica, Embu das Artes e Tabo\u00e3o da Serra continuam realizando mobiliza\u00e7\u00f5es contra a doen\u00e7a e conscientizando os moradores sobre os sintomas e como \u00e9 poss\u00edvel prevenir a Dengue.<\/div>\n<p>At\u00e9 o momento, somente um caso de Dengue foi confirmado na cidade de Itapecerica, quinze casos foram detectados, sete descartados e outros sete esperando diagnostico. J\u00e1 em Tabo\u00e3o 29 pessoas foram diagnosticadas com a doen\u00e7a. Deste n\u00famero, seis casos foram contra\u00eddos na cidade e vinte e tr\u00eas importados, segundo a secret\u00e1ria de Sa\u00fade, Raquel Zaicaner. Embu das Artes, por sua vez, registrou at\u00e9 o momento 33 casos da doen\u00e7a.<\/p>\n<p>De acordo com Milton Parron, diretor da Zoonoses de Tabo\u00e3o, 70% dos criadouros est\u00e3o nos quintais das resid\u00eancias, por este motivo \u00e9 fundamental a parceria dos moradores com o poder p\u00fablico. Ele pontuou que os dois principais bairros que j\u00e1 t\u00eam registro de moradores com a doen\u00e7a \u00e9 o Jardim Am\u00e9rica e o Suin\u00e1.<\/p>\n<p>A cidade realizou no ultimo s\u00e1bado, dia 11, uma megaopera\u00e7\u00e3o nas 20 regi\u00f5es administrativas de Embu das Artes para alertar os moradores sobre a import\u00e2ncia de se combater a dengue. O prefeito Chico Brito distribuiu panfleto educativo aos comerciantes do Parque Piraju\u00e7ara e afirmou que, mesmo sendo uma das cidades do Brasil com menor n\u00famero de casos confirmados Embu das Artes est\u00e1 empenhada na luta para zerar esse \u00edndice. \u201cEstamos dando exemplo e passando nos bairros mesmo sem ser ano eleitoral. A campanha ser\u00e1 permanente e tenho certeza que teremos a colabora\u00e7\u00e3o de todos\u201d \u2013 declarou.<\/p>\n<p>As equipes entregaram material informativo porta a porta, deram orienta\u00e7\u00f5es de como identificar focos do mosquito da dengue, falaram sobre os sintomas da doen\u00e7a e de como devem agir em caso de suspeita. Os grupos passaram em de 50 mil lugares, entre resid\u00eancias e com\u00e9rcios. Participaram da megaopera\u00e7\u00e3o vereadores, o vice-prefeito Natinha, a secret\u00e1ria de Sa\u00fade, Sandra Magali e cerca de 700 servidores municipais.<\/p>\n<p>Na pr\u00f3xima sexta-feira, 17\/5, \u00e0s 17h30, todos os servidores envolvidos na causa participar\u00e3o de uma avalia\u00e7\u00e3o da a\u00e7\u00e3o na casa de shows O Caipir\u00e3o. A ideia \u00e9 que, a partir de 18\/5, cada grupo monte o seu calend\u00e1rio de reuni\u00f5es a serem realizadas nas suas comunidades, apresentando v\u00eddeo e com o compromisso de dar continuidade \u00e0 investida contra a dengue.<\/p>\n<p>Entre as a\u00e7\u00f5es para combater a doen\u00e7a est\u00e3o a verifica\u00e7\u00e3o de caixa d\u2019\u00e1gua no bairro do Cap\u00e3o Redondo e fornecimento de capas, orienta\u00e7\u00e3o das equipes m\u00e9dicas e de enfermagem para o diagn\u00f3stico precoce e tratamento eficiente, al\u00e9m de bloqueio nas regi\u00f5es com os casos.<\/p>\n<p>Os casos de dengue contra\u00eddos na cidade de S\u00e3o Paulo foram 449 contra 358 no mesmo per\u00edodo em 2012. De acordo com a secretaria, houve uma morte causada pela dengue este ano na capital paulista.<\/p>\n<div>\n<p>Entre os bairros com maior n\u00famero de casos em 2013 est\u00e3o Jardim \u00c2ngela, Cap\u00e3o Redondo, Campo Limpo, na Zona Sul de SP. O m\u00eas em que houve o maior aumento foi fevereiro 139 no mesmo m\u00eas em 2013.<\/p>\n<p><em>Fonte: Prefeitura Embu das Artes\u00a0<\/em><\/p>\n<\/div>\n\n<div style=\"font-size: 0px; height: 0px; line-height: 0px; margin: 0; padding: 0; clear: both;\"><\/div>","protected":false},"excerpt":{"rendered":"<p>Os meses de mais incid\u00eancia de contrair a Dengue j\u00e1 acabaram, apesar disso as vigil\u00e2ncias sanit\u00e1rias da cidade de Itapecerica, Embu das Artes e Tabo\u00e3o da Serra continuam realizando mobiliza\u00e7\u00f5es contra a doen\u00e7a e conscientizando os moradores sobre os sintomas e como \u00e9 poss\u00edvel prevenir a Dengue. At\u00e9 o momento, somente um caso de Dengue foi confirmado na cidade de Itapecerica, quinze casos foram detectados, sete descartados e outros sete esperando diagnostico. J\u00e1 em Tabo\u00e3o 29 pessoas foram diagnosticadas com a doen\u00e7a. Deste n\u00famero, seis casos foram contra\u00eddos na cidade e vinte e tr\u00eas importados, segundo a secret\u00e1ria de Sa\u00fade, <\/p>\n","protected":false},"author":1,"featured_media":0,"comment_status":"open","ping_status":"closed","sticky":false,"template":"","format":"standard","meta":{"footnotes":""},"categories":[6],"tags":[],"class_list":["post-805","post","type-post","status-publish","format-standard","hentry","category-noticias-no-capao-redondo"],"aioseo_notices":[],"_links":{"self":[{"href":"https:\/\/www.encontracapaoredondo.com.br\/sobre\/wp-json\/wp\/v2\/posts\/805","targetHints":{"allow":["GET"]}}],"collection":[{"href":"https:\/\/www.encontracapaoredondo.com.br\/sobre\/wp-json\/wp\/v2\/posts"}],"about":[{"href":"https:\/\/www.encontracapaoredondo.com.br\/sobre\/wp-json\/wp\/v2\/types\/post"}],"author":[{"embeddable":true,"href":"https:\/\/www.encontracapaoredondo.com.br\/sobre\/wp-json\/wp\/v2\/users\/1"}],"replies":[{"embeddable":true,"href":"https:\/\/www.encontracapaoredondo.com.br\/sobre\/wp-json\/wp\/v2\/comments?post=805"}],"version-history":[{"count":0,"href":"https:\/\/www.encontracapaoredondo.com.br\/sobre\/wp-json\/wp\/v2\/posts\/805\/revisions"}],"wp:attachment":[{"href":"https:\/\/www.encontracapaoredondo.com.br\/sobre\/wp-json\/wp\/v2\/media?parent=805"}],"wp:term":[{"taxonomy":"category","embeddable":true,"href":"https:\/\/www.encontracapaoredondo.com.br\/sobre\/wp-json\/wp\/v2\/categories?post=805"},{"taxonomy":"post_tag","embeddable":true,"href":"https:\/\/www.encontracapaoredondo.com.br\/sobre\/wp-json\/wp\/v2\/tags?post=805"}],"curies":[{"name":"wp","href":"https:\/\/api.w.org\/{rel}","templated":true}]}}