{"id":789,"date":"2013-04-23T14:52:47","date_gmt":"2013-04-23T14:52:47","guid":{"rendered":"http:\/\/www.encontracapaoredondo.com.br\/noticias\/?p=789"},"modified":"2019-04-29T16:28:24","modified_gmt":"2019-04-29T19:28:24","slug":"capao-redondo-comemorar-101-anos-com-circuito-esportivo-cultural-feira-de-artesanato-e-shows","status":"publish","type":"post","link":"https:\/\/www.encontracapaoredondo.com.br\/sobre\/capao-redondo-comemorar-101-anos-com-circuito-esportivo-cultural-feira-de-artesanato-e-shows\/","title":{"rendered":"Cap\u00e3o Redondo comemora 101 anos com Circuito Esportivo, Cultural, Feira de Artesanato e Shows"},"content":{"rendered":"<div class=\"8fb9da09c1a584b185d8cf81e63b5046\" data-index=\"1\" style=\"float: none; margin:0px;\">\n<!-- Anuncio display - global -->\r\n<ins class=\"adsbygoogle\"\r\n     style=\"display:block\"\r\n     data-ad-client=\"ca-pub-8585364105181520\"\r\n     data-ad-slot=\"8789329856\"\r\n     data-ad-format=\"auto\"\r\n     data-full-width-responsive=\"true\"><\/ins>\r\n<script>\r\n     (adsbygoogle = window.adsbygoogle || []).push({});\r\n<\/script>\n<\/div>\n<p>A Subprefeitura Campo Limpo comemora neste o domingo, (28\/04) em parceria com a Academia Sempre Viva, e outros \u00f3rg\u00e3os municipais, estaduais e entidades civis organizam a comemora\u00e7\u00e3o dos 101\u00ba anos do bairro Cap\u00e3o Redondo, Rua Marmeleira da \u00cdndia &#8211; Cap\u00e3o Redondo, pr\u00f3ximo ao Parque Municipal Santo Dias. A programa\u00e7\u00e3o prev\u00ea uma grande festa a partir das 9 horas, com atividades esportivas, culturais, feira de artesanato e shows musicais de rap, gospel e samba no per\u00edodo da tarde at\u00e9 as 22h30.<\/p>\n<p>De acordo com a tradi\u00e7\u00e3o contada por antigos moradores da regi\u00e3o, o nome Cap\u00e3o Redondo foi dado por existir na regi\u00e3o uma moita (cap\u00e3o) bem redonda, com cerca de 50 quil\u00f4metros de circunfer\u00eancia. A origem do nome vem do tupi Ca\u00e1pu\u00e3, trecho pequeno de mata arb\u00f3rea em meio a um campo, mato redondo, ilha de mato, pequeno bosque ou morador do mato.<\/p>\n<p>Hoje Cap\u00e3o Redondo tem uma popula\u00e7\u00e3o com mais de 268 mil moradores segundo o censo de 2010 e v\u00e1rias a\u00e7\u00f5es voltadas a melhorar a qualidade de vida dos seus moradores marcaram a regi\u00e3o que vem se transformando numa efervesc\u00eancia cultural e esportiva. Dentre elas, destacam-se a constru\u00e7\u00e3o do CEU Cap\u00e3o Redondo e a chegada da linha lil\u00e1s de metr\u00f4. Na \u00e1rea da sa\u00fade, duas Unidades de Assist\u00eancia M\u00e9dica Ambulatorial (AMAs) uma AMA-Especialidade, quatro Unidades B\u00e1sicas de Sa\u00fade (UBS\/PSF) e um Centro de Assist\u00eancia Psicossocial(CAPS).<\/p>\n<p>Destacam-se ainda o recapeamento e pavimenta\u00e7\u00f5es de vias, reformas de pra\u00e7as, instala\u00e7\u00e3o de dois ecopontos, de um Clube Escola, Parque Municipal Santo Dias que oferece diariamente diversas atividades esportivas e culturais com espa\u00e7os de leitura e um Centro de Conviv\u00eancia, urbaniza\u00e7\u00f5es das favelas Jardim Irene, Jardim das Rosas e Parque Fernanda, tr\u00eas novos empreendimentos da Cohab, regulariza\u00e7\u00e3o fundi\u00e1ria e programa de escrituras.<\/p>\n<p>O evento \u00e9 uma parceria da Subprefeitura Campo Limpo com a Academia Sempre Viva, Cooperativa de M\u00fasicos da Periferia (Coopermusp), Moradores da regi\u00e3o do Cap\u00e3o redondo, Guarda Civil Metropolitana (GCM), Policia Militar (PM) e Companhia de Engenharia de Transito (CET).<\/p>\n<p><strong>Programa\u00e7\u00e3o do Evento do Anivers\u00e1rio do Cap\u00e3o Redondo:<\/strong><\/p>\n<p>Abertura da Feira de Artesanato<br \/>\nAtividades Esportivas<br \/>\nGrupo Artimanha (Teatro)<br \/>\nGrupo de Capoeira<br \/>\nTeatro de Bonecos<br \/>\nCap\u00e3o Cidad\u00e3o (Bal\u00e9)<br \/>\nAfromix<br \/>\nGospel Music<br \/>\n(Grupo) Coral Igreja Adventista 7\u00ba Dia<br \/>\nJC &#8211; Rap \u2013 Filhos do Racional Superior<br \/>\nSapato Branco \u2013 Choro<br \/>\nGilberto Fran\u00e7a MPB<br \/>\nGrupo Alvorada \u2013 Samba<br \/>\nNovo Mundo Black<br \/>\nGrupo Vim Pra Ficar = Samba<br \/>\nMC Gui-Mc Japa-Bonde Canguru-Mc Juker E Mc Ez (Fank)<br \/>\nAmaugamas<br \/>\nSarau Literarua Rap Com Poesia<br \/>\nFino Du Rap \/ Ronaldo<br \/>\nGupo Ucl\u00e3n c\/ Participa\u00e7\u00e3o do Nen\u00ea MC e DJ Max<br \/>\nUni\u00e3o dos Grupos \u2013 Copermusp ( Negredo e Realidade Ativa)<\/p>\n<p><strong>Servi\u00e7o no bairro do Cap\u00e3o Redondo:<\/strong><br \/>\n<strong>Evento:<\/strong> Anivers\u00e1rio do Cap\u00e3o Redondo<br \/>\n<strong>Quando:<\/strong> 28 de Abril<br \/>\n<strong>Hor\u00e1rio:<\/strong> Das 09h00 o evento ter\u00e1 Shows em um palco montado na Rua Marmeleira da \u00cdndia \u2013 pr\u00f3ximo ao Parque Santo Dias &#8211; Cap\u00e3o Redondo<\/p>\n<p><em>Fonte: Prefeitura de S. Paulo<\/em><\/p>\n\n<div style=\"font-size: 0px; height: 0px; line-height: 0px; margin: 0; padding: 0; clear: both;\"><\/div>","protected":false},"excerpt":{"rendered":"<p>A Subprefeitura Campo Limpo comemora neste o domingo, (28\/04) em parceria com a Academia Sempre Viva, e outros \u00f3rg\u00e3os municipais, estaduais e entidades civis organizam a comemora\u00e7\u00e3o dos 101\u00ba anos do bairro Cap\u00e3o Redondo, Rua Marmeleira da \u00cdndia &#8211; Cap\u00e3o Redondo, pr\u00f3ximo ao Parque Municipal Santo Dias. A programa\u00e7\u00e3o prev\u00ea uma grande festa a partir das 9 horas, com atividades esportivas, culturais, feira de artesanato e shows musicais de rap, gospel e samba no per\u00edodo da tarde at\u00e9 as 22h30. De acordo com a tradi\u00e7\u00e3o contada por antigos moradores da regi\u00e3o, o nome Cap\u00e3o Redondo foi dado por existir na <\/p>\n","protected":false},"author":1,"featured_media":0,"comment_status":"open","ping_status":"closed","sticky":false,"template":"","format":"standard","meta":{"footnotes":""},"categories":[6],"tags":[],"class_list":["post-789","post","type-post","status-publish","format-standard","hentry","category-noticias-no-capao-redondo"],"aioseo_notices":[],"_links":{"self":[{"href":"https:\/\/www.encontracapaoredondo.com.br\/sobre\/wp-json\/wp\/v2\/posts\/789","targetHints":{"allow":["GET"]}}],"collection":[{"href":"https:\/\/www.encontracapaoredondo.com.br\/sobre\/wp-json\/wp\/v2\/posts"}],"about":[{"href":"https:\/\/www.encontracapaoredondo.com.br\/sobre\/wp-json\/wp\/v2\/types\/post"}],"author":[{"embeddable":true,"href":"https:\/\/www.encontracapaoredondo.com.br\/sobre\/wp-json\/wp\/v2\/users\/1"}],"replies":[{"embeddable":true,"href":"https:\/\/www.encontracapaoredondo.com.br\/sobre\/wp-json\/wp\/v2\/comments?post=789"}],"version-history":[{"count":0,"href":"https:\/\/www.encontracapaoredondo.com.br\/sobre\/wp-json\/wp\/v2\/posts\/789\/revisions"}],"wp:attachment":[{"href":"https:\/\/www.encontracapaoredondo.com.br\/sobre\/wp-json\/wp\/v2\/media?parent=789"}],"wp:term":[{"taxonomy":"category","embeddable":true,"href":"https:\/\/www.encontracapaoredondo.com.br\/sobre\/wp-json\/wp\/v2\/categories?post=789"},{"taxonomy":"post_tag","embeddable":true,"href":"https:\/\/www.encontracapaoredondo.com.br\/sobre\/wp-json\/wp\/v2\/tags?post=789"}],"curies":[{"name":"wp","href":"https:\/\/api.w.org\/{rel}","templated":true}]}}