{"id":783,"date":"2013-04-19T01:32:40","date_gmt":"2013-04-19T01:32:40","guid":{"rendered":"http:\/\/www.encontracapaoredondo.com.br\/noticias\/?p=783"},"modified":"2019-04-29T16:28:24","modified_gmt":"2019-04-29T19:28:24","slug":"bienal-faz-programacao-especial-esse-mes-na-fabrica-de-cultura-do-capao-redondo","status":"publish","type":"post","link":"https:\/\/www.encontracapaoredondo.com.br\/sobre\/bienal-faz-programacao-especial-esse-mes-na-fabrica-de-cultura-do-capao-redondo\/","title":{"rendered":"Bienal faz programa\u00e7\u00e3o especial esse m\u00eas na F\u00e1brica de Cultura do Cap\u00e3o Redondo"},"content":{"rendered":"<div class=\"8fb9da09c1a584b185d8cf81e63b5046\" data-index=\"1\" style=\"float: none; margin:0px;\">\n<!-- Anuncio display - global -->\r\n<ins class=\"adsbygoogle\"\r\n     style=\"display:block\"\r\n     data-ad-client=\"ca-pub-8585364105181520\"\r\n     data-ad-slot=\"8789329856\"\r\n     data-ad-format=\"auto\"\r\n     data-full-width-responsive=\"true\"><\/ins>\r\n<script>\r\n     (adsbygoogle = window.adsbygoogle || []).push({});\r\n<\/script>\n<\/div>\n<p>A Bienal Internacional de Arte de S\u00e3o Paulo faz programa\u00e7\u00e3o especial esse m\u00eas nas F\u00e1bricas de Cultura, mantidas pelo Governo do Estado em bairros da periferia de S\u00e3o Paulo. Obras em v\u00eddeoarte que fizeram parte da trig\u00e9sima edi\u00e7\u00e3o do evento &#8211; como dos artistas Daniel Steegmann, Alberto Bitar, Iv\u00e1n Argote, Marcelo Coutinho, Nino Cais, Patrick Jolley e Thomas Sipp \u2013 foi projetada nas F\u00e1bricas do Bairro do Jardim S\u00e3o Lu\u00eds (dia 16\/4) e ser\u00e3o projetadas nas F\u00e1bricas da Vila Nova Cachoeirinha (19) Ja\u00e7an\u00e3 (20) e Cap\u00e3o Redondo (26), sempre \u00e0s 14h.<\/p>\n<p>A programa\u00e7\u00e3o \u00e9 gratuita e aberta \u00e0 popula\u00e7\u00e3o. Em 2012, a programa\u00e7\u00e3o educativa da Bienal contou com apoio financeiro da Secretaria de Estado da Cultura do Estado de S\u00e3o Paulo, que mant\u00e9m as F\u00e1bricas.<\/p>\n<p><strong>Confira tudo sobre o evento no bairro do Cap\u00e3o Redondo<\/strong>:<\/p>\n<p><b>F\u00e1brica de Cultura<\/b><br \/>\nRua Algard esquina com Rua Trevo Branco, s\/n\u00ba.<br \/>\nFone: (11) 4096-9900<br \/>\nFuncionamento: ter\u00e7a a domingo, das 9h \u00e0s 17h<br \/>\nFechadas \u00e0s segundas-feiras<\/p>\n<p><em>Fonte: Cultura SP<\/em><\/p>\n\n<div style=\"font-size: 0px; height: 0px; line-height: 0px; margin: 0; padding: 0; clear: both;\"><\/div>","protected":false},"excerpt":{"rendered":"<p>A Bienal Internacional de Arte de S\u00e3o Paulo faz programa\u00e7\u00e3o especial esse m\u00eas nas F\u00e1bricas de Cultura, mantidas pelo Governo do Estado em bairros da periferia de S\u00e3o Paulo. Obras em v\u00eddeoarte que fizeram parte da trig\u00e9sima edi\u00e7\u00e3o do evento &#8211; como dos artistas Daniel Steegmann, Alberto Bitar, Iv\u00e1n Argote, Marcelo Coutinho, Nino Cais, Patrick Jolley e Thomas Sipp \u2013 foi projetada nas F\u00e1bricas do Bairro do Jardim S\u00e3o Lu\u00eds (dia 16\/4) e ser\u00e3o projetadas nas F\u00e1bricas da Vila Nova Cachoeirinha (19) Ja\u00e7an\u00e3 (20) e Cap\u00e3o Redondo (26), sempre \u00e0s 14h. A programa\u00e7\u00e3o \u00e9 gratuita e aberta \u00e0 popula\u00e7\u00e3o. Em <\/p>\n","protected":false},"author":1,"featured_media":0,"comment_status":"open","ping_status":"closed","sticky":false,"template":"","format":"standard","meta":{"footnotes":""},"categories":[6],"tags":[],"class_list":["post-783","post","type-post","status-publish","format-standard","hentry","category-noticias-no-capao-redondo"],"aioseo_notices":[],"_links":{"self":[{"href":"https:\/\/www.encontracapaoredondo.com.br\/sobre\/wp-json\/wp\/v2\/posts\/783","targetHints":{"allow":["GET"]}}],"collection":[{"href":"https:\/\/www.encontracapaoredondo.com.br\/sobre\/wp-json\/wp\/v2\/posts"}],"about":[{"href":"https:\/\/www.encontracapaoredondo.com.br\/sobre\/wp-json\/wp\/v2\/types\/post"}],"author":[{"embeddable":true,"href":"https:\/\/www.encontracapaoredondo.com.br\/sobre\/wp-json\/wp\/v2\/users\/1"}],"replies":[{"embeddable":true,"href":"https:\/\/www.encontracapaoredondo.com.br\/sobre\/wp-json\/wp\/v2\/comments?post=783"}],"version-history":[{"count":0,"href":"https:\/\/www.encontracapaoredondo.com.br\/sobre\/wp-json\/wp\/v2\/posts\/783\/revisions"}],"wp:attachment":[{"href":"https:\/\/www.encontracapaoredondo.com.br\/sobre\/wp-json\/wp\/v2\/media?parent=783"}],"wp:term":[{"taxonomy":"category","embeddable":true,"href":"https:\/\/www.encontracapaoredondo.com.br\/sobre\/wp-json\/wp\/v2\/categories?post=783"},{"taxonomy":"post_tag","embeddable":true,"href":"https:\/\/www.encontracapaoredondo.com.br\/sobre\/wp-json\/wp\/v2\/tags?post=783"}],"curies":[{"name":"wp","href":"https:\/\/api.w.org\/{rel}","templated":true}]}}