{"id":771,"date":"2013-04-05T13:10:01","date_gmt":"2013-04-05T13:10:01","guid":{"rendered":"http:\/\/www.encontracapaoredondo.com.br\/noticias\/?p=771"},"modified":"2019-04-29T16:28:24","modified_gmt":"2019-04-29T19:28:24","slug":"policia-investiga-ataques-a-onibus-no-capao-redondo","status":"publish","type":"post","link":"https:\/\/www.encontracapaoredondo.com.br\/sobre\/policia-investiga-ataques-a-onibus-no-capao-redondo\/","title":{"rendered":"Pol\u00edcia investiga ataques a \u00f4nibus no Cap\u00e3o Redondo"},"content":{"rendered":"<div class=\"8fb9da09c1a584b185d8cf81e63b5046\" data-index=\"1\" style=\"float: none; margin:0px;\">\n<!-- Anuncio display - global -->\r\n<ins class=\"adsbygoogle\"\r\n     style=\"display:block\"\r\n     data-ad-client=\"ca-pub-8585364105181520\"\r\n     data-ad-slot=\"8789329856\"\r\n     data-ad-format=\"auto\"\r\n     data-full-width-responsive=\"true\"><\/ins>\r\n<script>\r\n     (adsbygoogle = window.adsbygoogle || []).push({});\r\n<\/script>\n<\/div>\n<p>A pol\u00edcia investiga dois ataques a \u00f4nibus no Cap\u00e3o Redondo, na Zona Sul de S\u00e3o Paulo, na noite de quinta-feira (4). Os dois coletivos foram incendiados e ningu\u00e9m foi preso.<\/p>\n<p>Um dos crimes foi na Rua Alfredo Lorenz. O \u00f4nibus no bairro do Cap\u00e3o Redondo ficou totalmente destru\u00eddo. O motorista disse que ele estava parado no ponto quando um homem entrou e colocou fogo. Ningu\u00e9m ficou ferido. O outro coletivo foi incendiado na Avenida Dom Rodrigo Sanches.<\/p>\n<p>Existe a suspeita que os ataques sejam uma repres\u00e1lia contra uma a\u00e7\u00e3o da Pol\u00edcia Militar ocorrida no mesmo bairro por volta de quinta-feira.<\/p>\n<p>Por volta das 15h30, policiais deram ordem de parada a cinco pessoas que, segundo eles, estavam em atitude suspeita. Essas pessoas teriam desobedecido \u00e0 ordem, desacatado os policiais e feito tumulto, conforme informa\u00e7\u00f5es registradas no boletim de ocorr\u00eancia do caso.<\/p>\n<p>Tr\u00eas dos cinco suspeitos foram levados ao <a title=\"47\u00ba Distrito Policial\" href=\"http:\/\/www.encontracapaoredondo.com.br\/capao-redondo\/47-dp-no-capao-redondo.shtml\" target=\"_blank\">47\u00ba Distrito Policial<\/a> &#8211; a ocorr\u00eancia n\u00e3o registra se os outros dois fugiram. Na delegacia, um homem apareceu dizendo que o filho dele havia sido morto nessa mesma abordagem policial. Segundo a pol\u00edcia, nada foi confirmado e a rela\u00e7\u00e3o entre os casos ser\u00e1 investigada.<\/p>\n<p><em>Fonte: G1<\/em><\/p>\n\n<div style=\"font-size: 0px; height: 0px; line-height: 0px; margin: 0; padding: 0; clear: both;\"><\/div>","protected":false},"excerpt":{"rendered":"<p>A pol\u00edcia investiga dois ataques a \u00f4nibus no Cap\u00e3o Redondo, na Zona Sul de S\u00e3o Paulo, na noite de quinta-feira (4). Os dois coletivos foram incendiados e ningu\u00e9m foi preso. Um dos crimes foi na Rua Alfredo Lorenz. O \u00f4nibus no bairro do Cap\u00e3o Redondo ficou totalmente destru\u00eddo. O motorista disse que ele estava parado no ponto quando um homem entrou e colocou fogo. Ningu\u00e9m ficou ferido. O outro coletivo foi incendiado na Avenida Dom Rodrigo Sanches. Existe a suspeita que os ataques sejam uma repres\u00e1lia contra uma a\u00e7\u00e3o da Pol\u00edcia Militar ocorrida no mesmo bairro por volta de quinta-feira. <\/p>\n","protected":false},"author":1,"featured_media":0,"comment_status":"open","ping_status":"closed","sticky":false,"template":"","format":"standard","meta":{"footnotes":""},"categories":[6],"tags":[],"class_list":["post-771","post","type-post","status-publish","format-standard","hentry","category-noticias-no-capao-redondo"],"aioseo_notices":[],"_links":{"self":[{"href":"https:\/\/www.encontracapaoredondo.com.br\/sobre\/wp-json\/wp\/v2\/posts\/771","targetHints":{"allow":["GET"]}}],"collection":[{"href":"https:\/\/www.encontracapaoredondo.com.br\/sobre\/wp-json\/wp\/v2\/posts"}],"about":[{"href":"https:\/\/www.encontracapaoredondo.com.br\/sobre\/wp-json\/wp\/v2\/types\/post"}],"author":[{"embeddable":true,"href":"https:\/\/www.encontracapaoredondo.com.br\/sobre\/wp-json\/wp\/v2\/users\/1"}],"replies":[{"embeddable":true,"href":"https:\/\/www.encontracapaoredondo.com.br\/sobre\/wp-json\/wp\/v2\/comments?post=771"}],"version-history":[{"count":0,"href":"https:\/\/www.encontracapaoredondo.com.br\/sobre\/wp-json\/wp\/v2\/posts\/771\/revisions"}],"wp:attachment":[{"href":"https:\/\/www.encontracapaoredondo.com.br\/sobre\/wp-json\/wp\/v2\/media?parent=771"}],"wp:term":[{"taxonomy":"category","embeddable":true,"href":"https:\/\/www.encontracapaoredondo.com.br\/sobre\/wp-json\/wp\/v2\/categories?post=771"},{"taxonomy":"post_tag","embeddable":true,"href":"https:\/\/www.encontracapaoredondo.com.br\/sobre\/wp-json\/wp\/v2\/tags?post=771"}],"curies":[{"name":"wp","href":"https:\/\/api.w.org\/{rel}","templated":true}]}}