{"id":748,"date":"2013-02-20T14:23:42","date_gmt":"2013-02-20T14:23:42","guid":{"rendered":"http:\/\/www.encontracapaoredondo.com.br\/noticias\/?p=748"},"modified":"2019-04-29T16:28:25","modified_gmt":"2019-04-29T19:28:25","slug":"capao-redondo-oferece-locais-para-descarte-de-materiais-reciclaveis","status":"publish","type":"post","link":"https:\/\/www.encontracapaoredondo.com.br\/sobre\/capao-redondo-oferece-locais-para-descarte-de-materiais-reciclaveis\/","title":{"rendered":"Cap\u00e3o Redondo oferece locais para descarte de materiais recicl\u00e1veis"},"content":{"rendered":"<div class=\"8fb9da09c1a584b185d8cf81e63b5046\" data-index=\"1\" style=\"float: none; margin:0px;\">\n<!-- Anuncio display - global -->\r\n<ins class=\"adsbygoogle\"\r\n     style=\"display:block\"\r\n     data-ad-client=\"ca-pub-8585364105181520\"\r\n     data-ad-slot=\"8789329856\"\r\n     data-ad-format=\"auto\"\r\n     data-full-width-responsive=\"true\"><\/ins>\r\n<script>\r\n     (adsbygoogle = window.adsbygoogle || []).push({});\r\n<\/script>\n<\/div>\n<p>Desde dezembro\/2012 os mun\u00edcipes que residem pr\u00f3ximos \u00e0 Subprefeitura Campo Limpo, contam com um lugar adequado para descarte de seu \u2018lixo recicl\u00e1vel\u2019.<\/p>\n<p>Em frente \u00e0 Subprefeitura foram instalados dois cont\u00eaineres, tamb\u00e9m denominados de PEV\u2019s (Pontos de Entrega Volunt\u00e1ria), com capacidade volum\u00e9trica m\u00ednima de 2.000 litros cada, para o dep\u00f3sito de materiais recicl\u00e1veis tais como: vidro, papel\/papel\u00e3o, pl\u00e1sticos, metais e outros.<\/p>\n<p>Nestes pontos que prestam servi\u00e7o no bairro do Cap\u00e3o Redondo n\u00e3o podem ser descartados: lixo org\u00e2nico, espelhos, vidros de janelas, l\u00e2mpadas, ampolas de rem\u00e9dios, celofane, espuma, fraldas descart\u00e1veis, pilhas, filtros de ar, papel higi\u00eanico, guardanapos, papel laminado, entulho, assim como materiais que n\u00e3o s\u00e3o recicl\u00e1veis.<\/p>\n<p>Toda ter\u00e7a-feira acontece o recolhimento deste material recicl\u00e1vel por uma equipe da empresa Soma, e todo o material depositado nos PEV&#8217;s \u00e9 encaminhado para cooperativas conveniadas, gerando recursos financeiros para suas comunidades.<\/p>\n<p>Al\u00e9m do endere\u00e7o da Subprefeitura Campo Limpo (Rua Nossa Senhora do Bom Conselho, n\u00ba 59 \u2013 Jardim Laranjal) veja abaixo outros locais para descarte do material recicl\u00e1vel:<\/p>\n<p>METR\u00d4 \u2013 Esta\u00e7\u00e3o Campo Limpo;<br \/>\nMETR\u00d4 \u2013 <a title=\"Esta\u00e7\u00e3o Cap\u00e3o Redondo\" href=\"http:\/\/www.encontracapaoredondo.com.br\/capao-redondo\/estacao-capao-redondo.shtml\" target=\"_blank\">Esta\u00e7\u00e3o Cap\u00e3o Redondo<\/a>;<br \/>\nMETR\u00d4 \u2013 Esta\u00e7\u00e3o Giovanni Gronchi;<br \/>\nMETR\u00d4 \u2013 Esta\u00e7\u00e3o Vila das Belezas;<br \/>\n<a title=\"CEU Feiti\u00e7o da Vila\" href=\"http:\/\/www.encontracapaoredondo.com.br\/capao-redondo\/ceu-feitico-da-vila-no-capao-redondo.shtml\" target=\"_blank\">CEU Feiti\u00e7o da Vila<\/a> \u2013 Rua Feiti\u00e7o da Vila, n\u00ba 399; &#8211; Cap\u00e3o Redondo<br \/>\nCEU Parais\u00f3polis \u2013 Rua Dr. Jos\u00e9 Augusto de Souza e Silva, s\/n\u00ba &#8211; Encontra Parais\u00f3polis<br \/>\nCDC PESP Clube do Sapy \u2013 Rua Manuel Grandini Casquel, 20;<br \/>\nCOHAB Adventista (Port\u00e3o 1) \u2013 Rua Jasmim da Beirada, n\u00ba 71;<br \/>\nCondom\u00ednio Parque das \u00c1rvores \u2013 Av. Ellis Maas, n\u00ba 970;<br \/>\nParque Fernanda &#8211; Travessa Rosifloras, n\u00ba 301;<br \/>\nCap\u00e3o Redondo \u2013 Av. Dr. Salvador Rocco, n\u00ba 400 em frente \u00e0 Rua Antonio C\u00e2non.<\/p>\n<p><em>Fonte: Prefeitura de S. Paulo<\/em><\/p>\n<p>&nbsp;<\/p>\n\n<div style=\"font-size: 0px; height: 0px; line-height: 0px; margin: 0; padding: 0; clear: both;\"><\/div>","protected":false},"excerpt":{"rendered":"<p>Desde dezembro\/2012 os mun\u00edcipes que residem pr\u00f3ximos \u00e0 Subprefeitura Campo Limpo, contam com um lugar adequado para descarte de seu \u2018lixo recicl\u00e1vel\u2019. Em frente \u00e0 Subprefeitura foram instalados dois cont\u00eaineres, tamb\u00e9m denominados de PEV\u2019s (Pontos de Entrega Volunt\u00e1ria), com capacidade volum\u00e9trica m\u00ednima de 2.000 litros cada, para o dep\u00f3sito de materiais recicl\u00e1veis tais como: vidro, papel\/papel\u00e3o, pl\u00e1sticos, metais e outros. Nestes pontos que prestam servi\u00e7o no bairro do Cap\u00e3o Redondo n\u00e3o podem ser descartados: lixo org\u00e2nico, espelhos, vidros de janelas, l\u00e2mpadas, ampolas de rem\u00e9dios, celofane, espuma, fraldas descart\u00e1veis, pilhas, filtros de ar, papel higi\u00eanico, guardanapos, papel laminado, entulho, assim como <\/p>\n","protected":false},"author":1,"featured_media":0,"comment_status":"open","ping_status":"closed","sticky":false,"template":"","format":"standard","meta":{"footnotes":""},"categories":[6],"tags":[],"class_list":["post-748","post","type-post","status-publish","format-standard","hentry","category-noticias-no-capao-redondo"],"aioseo_notices":[],"_links":{"self":[{"href":"https:\/\/www.encontracapaoredondo.com.br\/sobre\/wp-json\/wp\/v2\/posts\/748","targetHints":{"allow":["GET"]}}],"collection":[{"href":"https:\/\/www.encontracapaoredondo.com.br\/sobre\/wp-json\/wp\/v2\/posts"}],"about":[{"href":"https:\/\/www.encontracapaoredondo.com.br\/sobre\/wp-json\/wp\/v2\/types\/post"}],"author":[{"embeddable":true,"href":"https:\/\/www.encontracapaoredondo.com.br\/sobre\/wp-json\/wp\/v2\/users\/1"}],"replies":[{"embeddable":true,"href":"https:\/\/www.encontracapaoredondo.com.br\/sobre\/wp-json\/wp\/v2\/comments?post=748"}],"version-history":[{"count":0,"href":"https:\/\/www.encontracapaoredondo.com.br\/sobre\/wp-json\/wp\/v2\/posts\/748\/revisions"}],"wp:attachment":[{"href":"https:\/\/www.encontracapaoredondo.com.br\/sobre\/wp-json\/wp\/v2\/media?parent=748"}],"wp:term":[{"taxonomy":"category","embeddable":true,"href":"https:\/\/www.encontracapaoredondo.com.br\/sobre\/wp-json\/wp\/v2\/categories?post=748"},{"taxonomy":"post_tag","embeddable":true,"href":"https:\/\/www.encontracapaoredondo.com.br\/sobre\/wp-json\/wp\/v2\/tags?post=748"}],"curies":[{"name":"wp","href":"https:\/\/api.w.org\/{rel}","templated":true}]}}