{"id":734,"date":"2013-01-31T01:12:55","date_gmt":"2013-01-31T01:12:55","guid":{"rendered":"http:\/\/www.encontracapaoredondo.com.br\/noticias\/?p=734"},"modified":"2019-04-29T16:28:25","modified_gmt":"2019-04-29T19:28:25","slug":"chefe-de-faccao-suspeito-de-mandar-matar-policiais-no-capao-redondo-e-preso","status":"publish","type":"post","link":"https:\/\/www.encontracapaoredondo.com.br\/sobre\/chefe-de-faccao-suspeito-de-mandar-matar-policiais-no-capao-redondo-e-preso\/","title":{"rendered":"Chefe de fac\u00e7\u00e3o suspeito de mandar matar policiais no Cap\u00e3o Redondo \u00e9 preso"},"content":{"rendered":"<div class=\"8fb9da09c1a584b185d8cf81e63b5046\" data-index=\"1\" style=\"float: none; margin:0px;\">\n<!-- Anuncio display - global -->\r\n<ins class=\"adsbygoogle\"\r\n     style=\"display:block\"\r\n     data-ad-client=\"ca-pub-8585364105181520\"\r\n     data-ad-slot=\"8789329856\"\r\n     data-ad-format=\"auto\"\r\n     data-full-width-responsive=\"true\"><\/ins>\r\n<script>\r\n     (adsbygoogle = window.adsbygoogle || []).push({});\r\n<\/script>\n<\/div>\n<p>Policiais da Rota (Rondas Ostensivas Tobias de Aguiar) prenderam, na tarde desta segunda-feira (28), o criminoso conhecido como Japa, de 38 anos. Segundo as investiga\u00e7\u00f5es do DHPP (Departamento de Homic\u00eddios e Prote\u00e7\u00e3o \u00e0 Pessoa), ele \u00e9 chefe de uma fac\u00e7\u00e3o criminosa na regi\u00e3o do Cap\u00e3o Redondo, zona sul de S\u00e3o Paulo, e foi quem mandou matar o policial Adriano Garcia Barbosa, em novembro de 2012.<\/p>\n<p>Segundo a diretora do DHPP, Elisabete Sato, M\u00e1rcio pode ter envolvimento em execu\u00e7\u00f5es de outros policiais na regi\u00e3o do Cap\u00e3o Redondo.<\/p>\n<p>\u2014 \u00c9 um indiv\u00edduo de bastante periculosidade, porque ao buscarmos os antecedentes dele n\u00f3s verificamos que ele tem v\u00e1rios crimes e ele se intitula o maioral da regi\u00e3o. Nesse sentido n\u00f3s consideramos que ele deva ter outros homic\u00eddios ou que seja o mandante de outros homic\u00eddios contra policiais militares.<\/p>\n<p>As investiga\u00e7\u00f5es ainda indicaram que Japa era chefe de Leo Gordo, preso em novembro, por suspeita de matar dois PMs. Ele teria ordenado ao subordinado que assassinasse dois soldados, em outubro.<\/p>\n<p>O mandado de pris\u00e3o tempor\u00e1ria de Japa foi cumprido pela Rota. Ele estava na casa da ex-mulher e n\u00e3o reagiu no momento em que os policiais chegaram. Informalmente, segundo o capit\u00e3o C\u00e1ssio de Freitas, coordenador operacional do batalh\u00e3o, o homem disse que viajaria na ter\u00e7a-feira (29) para Fortaleza (CE), onde participaria de um assalto a banco.<\/p>\n<p>Na regi\u00e3o do bairro Cap\u00e3o Redondo, o criminoso seria quem comandava o tr\u00e1fico de drogas.<\/p>\n<p><strong>O crime<\/strong><\/p>\n<p>O soldado Adriano Garcia Barbosa foi morto a tiros no dia 30 de novembro de 2012. Dois adolescentes foram apreendidos no dia do crime, por suspeita de atirar no policial. O PM chegou a ser socorrido a um hospital no bairro do Cap\u00e3o Redondo, mas n\u00e3o resistiu. A moto do soldado e a arma que ele usava foram roubadas.<\/p>\n<p><strong>Resposta \u00e0 sociedade <\/strong><\/p>\n<p>O ano de 2012 teve aumento de 15% no n\u00famero de homic\u00eddios dolosos \u2014 quando h\u00e1 inten\u00e7\u00e3o de matar \u2014 em rela\u00e7\u00e3o a 2011. A onda de assassinatos que se intensificou no fim do ano, com chacinas e mortes em s\u00e9rie. A delegada Elisabete Sato refor\u00e7ou o trabalho investigativo no esclarecimento desses crimes.<\/p>\n<p>\u2014 O intuito hoje foi, na verdade, mostrar \u00e0 sociedade da cidade de S\u00e3o Paulo que as suas pol\u00edcias est\u00e3o empenhadas em um trabalho que n\u00e3o \u00e9 s\u00f3 favor\u00e1vel a policiais quando s\u00e3o mortos. N\u00f3s estamos empenhados nos esclarecimentos de todos esses latroc\u00ednios e esses homic\u00eddios que hoje est\u00e3o afligindo a todos. \u00c9 uma resposta que a gente tem que dar para a sociedade.<\/p>\n<p><em>Fonte: R7<\/em><\/p>\n\n<div style=\"font-size: 0px; height: 0px; line-height: 0px; margin: 0; padding: 0; clear: both;\"><\/div>","protected":false},"excerpt":{"rendered":"<p>Policiais da Rota (Rondas Ostensivas Tobias de Aguiar) prenderam, na tarde desta segunda-feira (28), o criminoso conhecido como Japa, de 38 anos. Segundo as investiga\u00e7\u00f5es do DHPP (Departamento de Homic\u00eddios e Prote\u00e7\u00e3o \u00e0 Pessoa), ele \u00e9 chefe de uma fac\u00e7\u00e3o criminosa na regi\u00e3o do Cap\u00e3o Redondo, zona sul de S\u00e3o Paulo, e foi quem mandou matar o policial Adriano Garcia Barbosa, em novembro de 2012. Segundo a diretora do DHPP, Elisabete Sato, M\u00e1rcio pode ter envolvimento em execu\u00e7\u00f5es de outros policiais na regi\u00e3o do Cap\u00e3o Redondo. \u2014 \u00c9 um indiv\u00edduo de bastante periculosidade, porque ao buscarmos os antecedentes dele n\u00f3s <\/p>\n","protected":false},"author":1,"featured_media":0,"comment_status":"open","ping_status":"closed","sticky":false,"template":"","format":"standard","meta":{"footnotes":""},"categories":[6],"tags":[],"class_list":["post-734","post","type-post","status-publish","format-standard","hentry","category-noticias-no-capao-redondo"],"aioseo_notices":[],"_links":{"self":[{"href":"https:\/\/www.encontracapaoredondo.com.br\/sobre\/wp-json\/wp\/v2\/posts\/734","targetHints":{"allow":["GET"]}}],"collection":[{"href":"https:\/\/www.encontracapaoredondo.com.br\/sobre\/wp-json\/wp\/v2\/posts"}],"about":[{"href":"https:\/\/www.encontracapaoredondo.com.br\/sobre\/wp-json\/wp\/v2\/types\/post"}],"author":[{"embeddable":true,"href":"https:\/\/www.encontracapaoredondo.com.br\/sobre\/wp-json\/wp\/v2\/users\/1"}],"replies":[{"embeddable":true,"href":"https:\/\/www.encontracapaoredondo.com.br\/sobre\/wp-json\/wp\/v2\/comments?post=734"}],"version-history":[{"count":0,"href":"https:\/\/www.encontracapaoredondo.com.br\/sobre\/wp-json\/wp\/v2\/posts\/734\/revisions"}],"wp:attachment":[{"href":"https:\/\/www.encontracapaoredondo.com.br\/sobre\/wp-json\/wp\/v2\/media?parent=734"}],"wp:term":[{"taxonomy":"category","embeddable":true,"href":"https:\/\/www.encontracapaoredondo.com.br\/sobre\/wp-json\/wp\/v2\/categories?post=734"},{"taxonomy":"post_tag","embeddable":true,"href":"https:\/\/www.encontracapaoredondo.com.br\/sobre\/wp-json\/wp\/v2\/tags?post=734"}],"curies":[{"name":"wp","href":"https:\/\/api.w.org\/{rel}","templated":true}]}}