{"id":72,"date":"2011-02-01T00:00:25","date_gmt":"2011-02-01T00:00:25","guid":{"rendered":"http:\/\/www.encontracapaoredondo.com.br\/noticias\/?p=72"},"modified":"2019-04-29T16:29:43","modified_gmt":"2019-04-29T19:29:43","slug":"capao-redondo-protesto-contra-cheias-termina-em-confronto","status":"publish","type":"post","link":"https:\/\/www.encontracapaoredondo.com.br\/sobre\/capao-redondo-protesto-contra-cheias-termina-em-confronto\/","title":{"rendered":"Cap\u00e3o Redondo: Protesto contra cheias termina em confronto"},"content":{"rendered":"<div class=\"8fb9da09c1a584b185d8cf81e63b5046\" data-index=\"1\" style=\"float: none; margin:0px;\">\n<!-- Anuncio display - global -->\r\n<ins class=\"adsbygoogle\"\r\n     style=\"display:block\"\r\n     data-ad-client=\"ca-pub-8585364105181520\"\r\n     data-ad-slot=\"8789329856\"\r\n     data-ad-format=\"auto\"\r\n     data-full-width-responsive=\"true\"><\/ins>\r\n<script>\r\n     (adsbygoogle = window.adsbygoogle || []).push({});\r\n<\/script>\n<\/div>\n<p>A Pol\u00edcia Militar reprimiu com viol\u00eancia protesto de moradores contra  enchentes no Jardim Germ\u00e2nia, regi\u00e3o do Cap\u00e3o Redondo, zona sul,  anteontem.<\/p>\n<p>Os manifestantes, cansados de perder m\u00f3veis e eletrodom\u00e9sticos nos  seguidos transbordamentos do C\u00f3rrego dos Freitas, atearam fogo em lixo  acumulado na rua e pneus dentro de ca\u00e7ambas, at\u00e9 serem atingidos por  balas de borracha e g\u00e1s pimenta disparados pela For\u00e7a T\u00e1tica. Sete  homens foram detidos e um adolescente, apreendido. &#8220;Sempre que chove  perdemos tudo&#8221;, disse o confeiteiro L\u00e9lio Pereira da Silva. Os moradores  querem a canaliza\u00e7\u00e3o do c\u00f3rrego.<\/p>\n<p>A For\u00e7a T\u00e1tica chegou por volta das 23 horas \u00e0 Avenida Agostinho  Rubin. Segundo o sargento Andrade, do 1.\u00ba Batalh\u00e3o Metropolitano, os  policiais tentaram dialogar, mas foram recebidos a pedradas. &#8220;Eles foram  presos por interdi\u00e7\u00e3o de via p\u00fablica, desacato, inc\u00eandio e dano a bem  p\u00fablico&#8221;, disse o sargento. Todos assinaram termo circunstanciado e  foram liberados.<\/p>\n<p>Segundo o mestre de obras Jo\u00e3o Batista Rodrigues da Silva, de 44  anos, o bairro \u00e9 prejudicado por um jogo de empurra entre as  Subprefeituras do Campo Limpo e do M&#8221;Boi Mirim. O c\u00f3rrego fica na divisa  das duas e, segundo ele, ningu\u00e9m assume a limpeza das margens.<\/p>\n<p>Ontem, o c\u00f3rrego, que tem 3,5 km de extens\u00e3o, estava repleto de lixo.  A Prefeitura informou, por nota, que o c\u00f3rrego \u00e9 limpo semanalmente.<\/p>\n<p><em>Fonte: R7<\/em><\/p>\n\n<div style=\"font-size: 0px; height: 0px; line-height: 0px; margin: 0; padding: 0; clear: both;\"><\/div>","protected":false},"excerpt":{"rendered":"<p>A Pol\u00edcia Militar reprimiu com viol\u00eancia protesto de moradores contra enchentes no Jardim Germ\u00e2nia, regi\u00e3o do Cap\u00e3o Redondo, zona sul, anteontem. Os manifestantes, cansados de perder m\u00f3veis e eletrodom\u00e9sticos nos seguidos transbordamentos do C\u00f3rrego dos Freitas, atearam fogo em lixo acumulado na rua e pneus dentro de ca\u00e7ambas, at\u00e9 serem atingidos por balas de borracha e g\u00e1s pimenta disparados pela For\u00e7a T\u00e1tica. Sete homens foram detidos e um adolescente, apreendido. &#8220;Sempre que chove perdemos tudo&#8221;, disse o confeiteiro L\u00e9lio Pereira da Silva. Os moradores querem a canaliza\u00e7\u00e3o do c\u00f3rrego. A For\u00e7a T\u00e1tica chegou por volta das 23 horas \u00e0 Avenida <\/p>\n","protected":false},"author":1,"featured_media":0,"comment_status":"open","ping_status":"closed","sticky":false,"template":"","format":"standard","meta":{"footnotes":""},"categories":[6],"tags":[],"class_list":["post-72","post","type-post","status-publish","format-standard","hentry","category-noticias-no-capao-redondo"],"aioseo_notices":[],"_links":{"self":[{"href":"https:\/\/www.encontracapaoredondo.com.br\/sobre\/wp-json\/wp\/v2\/posts\/72","targetHints":{"allow":["GET"]}}],"collection":[{"href":"https:\/\/www.encontracapaoredondo.com.br\/sobre\/wp-json\/wp\/v2\/posts"}],"about":[{"href":"https:\/\/www.encontracapaoredondo.com.br\/sobre\/wp-json\/wp\/v2\/types\/post"}],"author":[{"embeddable":true,"href":"https:\/\/www.encontracapaoredondo.com.br\/sobre\/wp-json\/wp\/v2\/users\/1"}],"replies":[{"embeddable":true,"href":"https:\/\/www.encontracapaoredondo.com.br\/sobre\/wp-json\/wp\/v2\/comments?post=72"}],"version-history":[{"count":0,"href":"https:\/\/www.encontracapaoredondo.com.br\/sobre\/wp-json\/wp\/v2\/posts\/72\/revisions"}],"wp:attachment":[{"href":"https:\/\/www.encontracapaoredondo.com.br\/sobre\/wp-json\/wp\/v2\/media?parent=72"}],"wp:term":[{"taxonomy":"category","embeddable":true,"href":"https:\/\/www.encontracapaoredondo.com.br\/sobre\/wp-json\/wp\/v2\/categories?post=72"},{"taxonomy":"post_tag","embeddable":true,"href":"https:\/\/www.encontracapaoredondo.com.br\/sobre\/wp-json\/wp\/v2\/tags?post=72"}],"curies":[{"name":"wp","href":"https:\/\/api.w.org\/{rel}","templated":true}]}}