{"id":714,"date":"2013-01-23T14:35:11","date_gmt":"2013-01-23T14:35:11","guid":{"rendered":"http:\/\/www.encontracapaoredondo.com.br\/noticias\/?p=714"},"modified":"2019-04-29T16:28:25","modified_gmt":"2019-04-29T19:28:25","slug":"primeira-audiencia-publica-do-secretario-de-direitos-humanos-sera-no-capao-redondo-nesta-quinta-feira","status":"publish","type":"post","link":"https:\/\/www.encontracapaoredondo.com.br\/sobre\/primeira-audiencia-publica-do-secretario-de-direitos-humanos-sera-no-capao-redondo-nesta-quinta-feira\/","title":{"rendered":"Primeira audi\u00eancia p\u00fablica do Secret\u00e1rio de Direitos Humanos ser\u00e1 no Cap\u00e3o Redondo nesta quinta-feira"},"content":{"rendered":"<div class=\"8fb9da09c1a584b185d8cf81e63b5046\" data-index=\"1\" style=\"float: none; margin:0px;\">\n<!-- Anuncio display - global -->\r\n<ins class=\"adsbygoogle\"\r\n     style=\"display:block\"\r\n     data-ad-client=\"ca-pub-8585364105181520\"\r\n     data-ad-slot=\"8789329856\"\r\n     data-ad-format=\"auto\"\r\n     data-full-width-responsive=\"true\"><\/ins>\r\n<script>\r\n     (adsbygoogle = window.adsbygoogle || []).push({});\r\n<\/script>\n<\/div>\n<p>A primeira audi\u00eancia p\u00fablica do novo secret\u00e1rio de Direitos Humanos da Cidade de S\u00e3o Paulo, Rog\u00e9rio Sotilli, acontecer\u00e1 nessa quinta-feira, 24 de janeiro, no Cap\u00e3o Redondo. O encontro com entidades e a popula\u00e7\u00e3o local ser\u00e1 no Parque Santo Dias, ao lado do metr\u00f4 Cap\u00e3o Redondo. O ato foi articulado pelos movimentos sociais e culturais da zona Sul de SP, e a principal motiva\u00e7\u00e3o foi a chacina que aconteceu no primeiro s\u00e1bado de 2013, 5 de janeiro, deixando sete jovens mortos no Jardim Rosana, pr\u00f3ximo do local onde ser\u00e1 a audi\u00eancia.<\/p>\n<p>At\u00e9 agora, nenhum suspeito da chacina foi apresentado, apesar da press\u00e3o da popula\u00e7\u00e3o local, que, embaixo de chuva, fez uma caminhada e uma missa de s\u00e9timo dia na Par\u00f3quia Santa Isabel com a presen\u00e7a de mais de mil pessoas, no domingo, dia 13 de janeiro. Lideran\u00e7as comunit\u00e1rias e familiares das v\u00edtimas estar\u00e3o presentes. A inten\u00e7\u00e3o \u00e9 que autoridades, entidades e popula\u00e7\u00e3o local fa\u00e7am uma reflex\u00e3o p\u00fablica sobre as dezenas de mortes que v\u00eam acontecendo toda semana na periferia da Grande S\u00e3o Paulo, e que encaminhamentos pr\u00e1ticos sejam anunciados.<\/p>\n<p>O encontro foi intitulado, \u201cN\u00e3o Matar\u00e1s Nenhum Brasileiro\u201d, verso de Marco Pez\u00e3o, um dos criadores da Cooperifa. Marcando o car\u00e1ter cultural de boa parte das iniciativas de combate \u00e0 viol\u00eancia na regi\u00e3o, a audi\u00eancia p\u00fablica ser\u00e1 encerrada com um sarau com diversos peotas da regi\u00e3o. O secret\u00e1rio de Cultura, Juca Ferreira, e o secret\u00e1rio de Promo\u00e7\u00e3o da Igualdade Racial, Netinho de Paula, tamb\u00e9m foram convidados, mas ainda n\u00e3o confirmaram presen\u00e7a.<\/p>\n<p><img loading=\"lazy\" decoding=\"async\" class=\"alignnone size-full wp-image-720\" title=\"Cap\u00e3o Redondo\" src=\"http:\/\/www.encontracapaoredondo.com.br\/noticias\/wp-content\/uploads\/Cap\u00e3o-Redondo1.jpg\" alt=\"\" width=\"370\" height=\"490\" srcset=\"https:\/\/www.encontracapaoredondo.com.br\/sobre\/wp-content\/uploads\/Cap\u00e3o-Redondo1.jpg 617w, https:\/\/www.encontracapaoredondo.com.br\/sobre\/wp-content\/uploads\/Cap\u00e3o-Redondo1-226x300.jpg 226w\" sizes=\"auto, (max-width: 370px) 100vw, 370px\" \/><\/p>\n<p><strong>SERVI\u00c7O<\/strong><\/p>\n<p><strong>Local:<\/strong> Parque Santo Dias<br \/>\n<strong>Endere\u00e7o:<\/strong> Rua Jasmim da Beirada, 71, Cap\u00e3o Redondo, ao lado da esta\u00e7\u00e3o do <a title=\"Metr\u00f4 Cap\u00e3o Redondo\" href=\"http:\/\/www.encontracapaoredondo.com.br\/capao-redondo\/estacao-capao-redondo.shtml\" target=\"_blank\">metr\u00f4 Cap\u00e3o Redondo<\/a><br \/>\n<strong>Informa\u00e7\u00f5es:<\/strong> (11) 9 9649-9597<\/p>\n<p><em>Fonte: Matilha Cultural<\/em><\/p>\n\n<div style=\"font-size: 0px; height: 0px; line-height: 0px; margin: 0; padding: 0; clear: both;\"><\/div>","protected":false},"excerpt":{"rendered":"<p>A primeira audi\u00eancia p\u00fablica do novo secret\u00e1rio de Direitos Humanos da Cidade de S\u00e3o Paulo, Rog\u00e9rio Sotilli, acontecer\u00e1 nessa quinta-feira, 24 de janeiro, no Cap\u00e3o Redondo. O encontro com entidades e a popula\u00e7\u00e3o local ser\u00e1 no Parque Santo Dias, ao lado do metr\u00f4 Cap\u00e3o Redondo. O ato foi articulado pelos movimentos sociais e culturais da zona Sul de SP, e a principal motiva\u00e7\u00e3o foi a chacina que aconteceu no primeiro s\u00e1bado de 2013, 5 de janeiro, deixando sete jovens mortos no Jardim Rosana, pr\u00f3ximo do local onde ser\u00e1 a audi\u00eancia. At\u00e9 agora, nenhum suspeito da chacina foi apresentado, apesar da <\/p>\n","protected":false},"author":1,"featured_media":0,"comment_status":"open","ping_status":"closed","sticky":false,"template":"","format":"standard","meta":{"footnotes":""},"categories":[6],"tags":[],"class_list":["post-714","post","type-post","status-publish","format-standard","hentry","category-noticias-no-capao-redondo"],"aioseo_notices":[],"_links":{"self":[{"href":"https:\/\/www.encontracapaoredondo.com.br\/sobre\/wp-json\/wp\/v2\/posts\/714","targetHints":{"allow":["GET"]}}],"collection":[{"href":"https:\/\/www.encontracapaoredondo.com.br\/sobre\/wp-json\/wp\/v2\/posts"}],"about":[{"href":"https:\/\/www.encontracapaoredondo.com.br\/sobre\/wp-json\/wp\/v2\/types\/post"}],"author":[{"embeddable":true,"href":"https:\/\/www.encontracapaoredondo.com.br\/sobre\/wp-json\/wp\/v2\/users\/1"}],"replies":[{"embeddable":true,"href":"https:\/\/www.encontracapaoredondo.com.br\/sobre\/wp-json\/wp\/v2\/comments?post=714"}],"version-history":[{"count":0,"href":"https:\/\/www.encontracapaoredondo.com.br\/sobre\/wp-json\/wp\/v2\/posts\/714\/revisions"}],"wp:attachment":[{"href":"https:\/\/www.encontracapaoredondo.com.br\/sobre\/wp-json\/wp\/v2\/media?parent=714"}],"wp:term":[{"taxonomy":"category","embeddable":true,"href":"https:\/\/www.encontracapaoredondo.com.br\/sobre\/wp-json\/wp\/v2\/categories?post=714"},{"taxonomy":"post_tag","embeddable":true,"href":"https:\/\/www.encontracapaoredondo.com.br\/sobre\/wp-json\/wp\/v2\/tags?post=714"}],"curies":[{"name":"wp","href":"https:\/\/api.w.org\/{rel}","templated":true}]}}