{"id":707,"date":"2013-01-16T00:04:01","date_gmt":"2013-01-16T00:04:01","guid":{"rendered":"http:\/\/www.encontracapaoredondo.com.br\/noticias\/?p=707"},"modified":"2019-04-29T16:28:25","modified_gmt":"2019-04-29T19:28:25","slug":"regiao-do-capao-e-do-campo-limpo-ganhara-vagas-em-creches-que-serao-construidas-pela-prefeitura","status":"publish","type":"post","link":"https:\/\/www.encontracapaoredondo.com.br\/sobre\/regiao-do-capao-e-do-campo-limpo-ganhara-vagas-em-creches-que-serao-construidas-pela-prefeitura\/","title":{"rendered":"Regi\u00e3o do Cap\u00e3o e do Campo Limpo ganhar\u00e1 vagas em creches que ser\u00e3o constru\u00eddas pela Prefeitura"},"content":{"rendered":"<div class=\"8fb9da09c1a584b185d8cf81e63b5046\" data-index=\"1\" style=\"float: none; margin:0px;\">\n<!-- Anuncio display - global -->\r\n<ins class=\"adsbygoogle\"\r\n     style=\"display:block\"\r\n     data-ad-client=\"ca-pub-8585364105181520\"\r\n     data-ad-slot=\"8789329856\"\r\n     data-ad-format=\"auto\"\r\n     data-full-width-responsive=\"true\"><\/ins>\r\n<script>\r\n     (adsbygoogle = window.adsbygoogle || []).push({});\r\n<\/script>\n<\/div>\n<p>A Prefeitura de S\u00e3o Paulo j\u00e1 localizou entre 30 e 40 terrenos que ser\u00e3o destinados \u00e0 constru\u00e7\u00e3o de novas creches na cidade. Quem diz isso \u00e9 o prefeito, Fernando Haddad (PT), que tamb\u00e9m afirmou contar com recursos federais para a constru\u00e7\u00e3o de novas unidades na cidade.<\/p>\n<p>No entanto, Haddad n\u00e3o deu prazo para que as creches estejam prontas. &#8220;A prioridade zero \u00e9 terreno para as creches, porque a\u00ed eu tenho verba federal e eu n\u00e3o posso perder. Teremos a\u00ed os primeiros 30, 40 terrenos nas pr\u00f3ximas semanas.&#8221;<\/p>\n<p>Depois de mapeados, os terrenos ser\u00e3o desapropriados. As obras depois precisam ser projetadas e licitadas.<\/p>\n<p>Durante a campanha eleitoral, no ano passado, Haddad prometeu criar 172 creches e 150 mil vagas com verba do Pr\u00f3-Inf\u00e2ncia, programa de investimentos do Minist\u00e9rio da Educa\u00e7\u00e3o (MEC) &#8211; pasta que Haddad comandou entre 2005 e 2011.<\/p>\n<p>Ent\u00e3o candidato, Haddad acusou o ex-secret\u00e1rio de Educa\u00e7\u00e3o da Alexandre Schneider (PSD) &#8211; titular na gest\u00e3o Gilberto Kassab (PSD) &#8211; de n\u00e3o ter procurado verba do MEC para construir creches. Schneider, que havia participado de audi\u00eancia com Haddad, rebateu a cr\u00edtica e afirmou que havia burocracia no processo.<\/p>\n<p>A demanda atual por vagas \u00e9 de 93.814, de acordo com dados de dezembro da Secretaria Municipal de Educa\u00e7\u00e3o (SME). O n\u00famero \u00e9 menor que os 97.751, registrados em dezembro de 2011.<\/p>\n<p>Segundo a SME, a diferen\u00e7a do d\u00e9ficit atual em rela\u00e7\u00e3o ao de setembro de 2012, quando atingiu 170.858 vagas, \u00e9 porque as crian\u00e7as se formaram no fim do ano e passaram \u00e0s Escolas Municipais de Ensino Infantil (EMEIs) &#8211; que n\u00e3o t\u00eam falta de vagas.<\/p>\n<p>A localiza\u00e7\u00e3o dos terrenos encontrados pela Prefeitura n\u00e3o foi informada. A regi\u00e3o mais carente de vagas \u00e9 a zona sul, segundo a SME: os distritos com maior demanda s\u00e3o Cap\u00e3o Redondo (6.650), Bairro Jardim \u00c2ngela (6.364), Graja\u00fa (5.838), Cidade Ademar (5.173) e Campo Limpo (4.647).<\/p>\n<p>O secret\u00e1rio da Educa\u00e7\u00e3o, Antonio Cesar Callegari (PSB), afirmou que estuda a constru\u00e7\u00e3o em terrenos municipais. Ele disse que a inaugura\u00e7\u00e3o ser\u00e1 &#8220;a mais r\u00e1pida poss\u00edvel&#8221;.<\/p>\n<p><em>Fonte: O Estado de S\u00e3o Paulo<\/em><\/p>\n\n<div style=\"font-size: 0px; height: 0px; line-height: 0px; margin: 0; padding: 0; clear: both;\"><\/div>","protected":false},"excerpt":{"rendered":"<p>A Prefeitura de S\u00e3o Paulo j\u00e1 localizou entre 30 e 40 terrenos que ser\u00e3o destinados \u00e0 constru\u00e7\u00e3o de novas creches na cidade. Quem diz isso \u00e9 o prefeito, Fernando Haddad (PT), que tamb\u00e9m afirmou contar com recursos federais para a constru\u00e7\u00e3o de novas unidades na cidade. No entanto, Haddad n\u00e3o deu prazo para que as creches estejam prontas. &#8220;A prioridade zero \u00e9 terreno para as creches, porque a\u00ed eu tenho verba federal e eu n\u00e3o posso perder. Teremos a\u00ed os primeiros 30, 40 terrenos nas pr\u00f3ximas semanas.&#8221; Depois de mapeados, os terrenos ser\u00e3o desapropriados. As obras depois precisam ser projetadas <\/p>\n","protected":false},"author":1,"featured_media":0,"comment_status":"open","ping_status":"closed","sticky":false,"template":"","format":"standard","meta":{"footnotes":""},"categories":[6],"tags":[],"class_list":["post-707","post","type-post","status-publish","format-standard","hentry","category-noticias-no-capao-redondo"],"aioseo_notices":[],"_links":{"self":[{"href":"https:\/\/www.encontracapaoredondo.com.br\/sobre\/wp-json\/wp\/v2\/posts\/707","targetHints":{"allow":["GET"]}}],"collection":[{"href":"https:\/\/www.encontracapaoredondo.com.br\/sobre\/wp-json\/wp\/v2\/posts"}],"about":[{"href":"https:\/\/www.encontracapaoredondo.com.br\/sobre\/wp-json\/wp\/v2\/types\/post"}],"author":[{"embeddable":true,"href":"https:\/\/www.encontracapaoredondo.com.br\/sobre\/wp-json\/wp\/v2\/users\/1"}],"replies":[{"embeddable":true,"href":"https:\/\/www.encontracapaoredondo.com.br\/sobre\/wp-json\/wp\/v2\/comments?post=707"}],"version-history":[{"count":0,"href":"https:\/\/www.encontracapaoredondo.com.br\/sobre\/wp-json\/wp\/v2\/posts\/707\/revisions"}],"wp:attachment":[{"href":"https:\/\/www.encontracapaoredondo.com.br\/sobre\/wp-json\/wp\/v2\/media?parent=707"}],"wp:term":[{"taxonomy":"category","embeddable":true,"href":"https:\/\/www.encontracapaoredondo.com.br\/sobre\/wp-json\/wp\/v2\/categories?post=707"},{"taxonomy":"post_tag","embeddable":true,"href":"https:\/\/www.encontracapaoredondo.com.br\/sobre\/wp-json\/wp\/v2\/tags?post=707"}],"curies":[{"name":"wp","href":"https:\/\/api.w.org\/{rel}","templated":true}]}}