{"id":702,"date":"2013-01-14T01:16:35","date_gmt":"2013-01-14T01:16:35","guid":{"rendered":"http:\/\/www.encontracapaoredondo.com.br\/noticias\/?p=702"},"modified":"2019-04-29T16:28:25","modified_gmt":"2019-04-29T19:28:25","slug":"criancas-e-adolescentes-do-capao-redondo-podem-participar-do-recreio-nas-ferias","status":"publish","type":"post","link":"https:\/\/www.encontracapaoredondo.com.br\/sobre\/criancas-e-adolescentes-do-capao-redondo-podem-participar-do-recreio-nas-ferias\/","title":{"rendered":"Crian\u00e7as e adolescentes do Cap\u00e3o Redondo podem participar do Recreio nas F\u00e9rias"},"content":{"rendered":"<div class=\"8fb9da09c1a584b185d8cf81e63b5046\" data-index=\"1\" style=\"float: none; margin:0px;\">\n<!-- Anuncio display - global -->\r\n<ins class=\"adsbygoogle\"\r\n     style=\"display:block\"\r\n     data-ad-client=\"ca-pub-8585364105181520\"\r\n     data-ad-slot=\"8789329856\"\r\n     data-ad-format=\"auto\"\r\n     data-full-width-responsive=\"true\"><\/ins>\r\n<script>\r\n     (adsbygoogle = window.adsbygoogle || []).push({});\r\n<\/script>\n<\/div>\n<p>Crian\u00e7as e adolescentes, entre 4 e 16 anos, podem se inscrever nas atividades da 25\u00aa edi\u00e7\u00e3o do programa Recreio nas F\u00e9rias na cidade de S\u00e3o Paulo. O evento acontecer\u00e1 entre os dias 14 e 24 de janeiro, de segunda a sexta-feira, das 9h \u00e0s 16h. As atividades s\u00e3o gratuitas.<\/p>\n<p>Estudantes que pertencerem ou n\u00e3o \u00e0 Rede Municipal de Ensino podem uma s\u00e9rie de atividades l\u00fadicas, culturais, passeios, al\u00e9m de pr\u00e1ticas esportivas. Al\u00e9m de participar da intensa programa\u00e7\u00e3o, os participantes tamb\u00e9m recebem tr\u00eas refei\u00e7\u00f5es ao dia.<\/p>\n<p>Para participar, o interessado precisa comparecer ao polo mais pr\u00f3ximo de casa, acompanhado de um respons\u00e1vel, para preencher a ficha de inscri\u00e7\u00e3o. \u00c9 preciso levar documento com foto do adulto e da crian\u00e7a. As inscri\u00e7\u00f5es ficam abertas at\u00e9 o preenchimento das vagas.<\/p>\n<p><strong>Servi\u00e7o:<\/strong><\/p>\n<p title=\"Cap\u00e3o Redondo\"><a title=\"CEU Cap\u00e3o Redondo\" href=\"http:\/\/www.encontracapaoredondo.com.br\/capao-redondo\/ceu-capao-redondo.shtml\" target=\"_blank\">CEU Cap\u00e3o Redondo<\/a><br \/>\nEndere\u00e7o: Rua Daniel Gran, s\/n\u00ba &#8211; Bairro Cap\u00e3o Redondo &#8211; S\u00e3o Paulo &#8211; SP<br \/>\nCEP: 05867-380<br \/>\n(11) 5873-8067 \/ 5873-8093 \/ 5873-8090<\/p>\n<p><a title=\"CEU Feiti\u00e7o da Vila\" href=\"http:\/\/www.encontracapaoredondo.com.br\/capao-redondo\/ceu-feitico-da-vila-no-capao-redondo.shtml\" target=\"_blank\">CEU Feiti\u00e7o da Vila<\/a><br \/>\nEndere\u00e7o: Rua Feiti\u00e7o da Vila, s\/n\u00ba &#8211; S\u00e3o Paulo &#8211; SP<br \/>\nCEP: 05879-000<br \/>\n(11) 3397-6550 \/ 3397-6559<\/p>\n<p><em>Fonte: G1<\/em><\/p>\n\n<div style=\"font-size: 0px; height: 0px; line-height: 0px; margin: 0; padding: 0; clear: both;\"><\/div>","protected":false},"excerpt":{"rendered":"<p>Crian\u00e7as e adolescentes, entre 4 e 16 anos, podem se inscrever nas atividades da 25\u00aa edi\u00e7\u00e3o do programa Recreio nas F\u00e9rias na cidade de S\u00e3o Paulo. O evento acontecer\u00e1 entre os dias 14 e 24 de janeiro, de segunda a sexta-feira, das 9h \u00e0s 16h. As atividades s\u00e3o gratuitas. Estudantes que pertencerem ou n\u00e3o \u00e0 Rede Municipal de Ensino podem uma s\u00e9rie de atividades l\u00fadicas, culturais, passeios, al\u00e9m de pr\u00e1ticas esportivas. Al\u00e9m de participar da intensa programa\u00e7\u00e3o, os participantes tamb\u00e9m recebem tr\u00eas refei\u00e7\u00f5es ao dia. Para participar, o interessado precisa comparecer ao polo mais pr\u00f3ximo de casa, acompanhado de um <\/p>\n","protected":false},"author":1,"featured_media":0,"comment_status":"open","ping_status":"closed","sticky":false,"template":"","format":"standard","meta":{"footnotes":""},"categories":[6],"tags":[],"class_list":["post-702","post","type-post","status-publish","format-standard","hentry","category-noticias-no-capao-redondo"],"aioseo_notices":[],"_links":{"self":[{"href":"https:\/\/www.encontracapaoredondo.com.br\/sobre\/wp-json\/wp\/v2\/posts\/702","targetHints":{"allow":["GET"]}}],"collection":[{"href":"https:\/\/www.encontracapaoredondo.com.br\/sobre\/wp-json\/wp\/v2\/posts"}],"about":[{"href":"https:\/\/www.encontracapaoredondo.com.br\/sobre\/wp-json\/wp\/v2\/types\/post"}],"author":[{"embeddable":true,"href":"https:\/\/www.encontracapaoredondo.com.br\/sobre\/wp-json\/wp\/v2\/users\/1"}],"replies":[{"embeddable":true,"href":"https:\/\/www.encontracapaoredondo.com.br\/sobre\/wp-json\/wp\/v2\/comments?post=702"}],"version-history":[{"count":0,"href":"https:\/\/www.encontracapaoredondo.com.br\/sobre\/wp-json\/wp\/v2\/posts\/702\/revisions"}],"wp:attachment":[{"href":"https:\/\/www.encontracapaoredondo.com.br\/sobre\/wp-json\/wp\/v2\/media?parent=702"}],"wp:term":[{"taxonomy":"category","embeddable":true,"href":"https:\/\/www.encontracapaoredondo.com.br\/sobre\/wp-json\/wp\/v2\/categories?post=702"},{"taxonomy":"post_tag","embeddable":true,"href":"https:\/\/www.encontracapaoredondo.com.br\/sobre\/wp-json\/wp\/v2\/tags?post=702"}],"curies":[{"name":"wp","href":"https:\/\/api.w.org\/{rel}","templated":true}]}}