{"id":677,"date":"2012-12-17T10:19:26","date_gmt":"2012-12-17T10:19:26","guid":{"rendered":"http:\/\/www.encontracapaoredondo.com.br\/noticias\/?p=677"},"modified":"2019-04-29T16:28:26","modified_gmt":"2019-04-29T19:28:26","slug":"defesa-civil-decreta-atencao-para-deslizamentos-no-capao-redondo","status":"publish","type":"post","link":"https:\/\/www.encontracapaoredondo.com.br\/sobre\/defesa-civil-decreta-atencao-para-deslizamentos-no-capao-redondo\/","title":{"rendered":"Defesa Civil decreta aten\u00e7\u00e3o para deslizamentos no Cap\u00e3o Redondo"},"content":{"rendered":"<div class=\"8fb9da09c1a584b185d8cf81e63b5046\" data-index=\"1\" style=\"float: none; margin:0px;\">\n<!-- Anuncio display - global -->\r\n<ins class=\"adsbygoogle\"\r\n     style=\"display:block\"\r\n     data-ad-client=\"ca-pub-8585364105181520\"\r\n     data-ad-slot=\"8789329856\"\r\n     data-ad-format=\"auto\"\r\n     data-full-width-responsive=\"true\"><\/ins>\r\n<script>\r\n     (adsbygoogle = window.adsbygoogle || []).push({});\r\n<\/script>\n<\/div>\n<p>A Coordenadoria Municipal de Defesa Civil da Cidade de S\u00e3o Paulo decretou estado de aten\u00e7\u00e3o para deslizamentos \u00e0s 9h30 desta segunda-feira (17), por causa da chuva que atingiu a capital nesta manh\u00e3.<\/p>\n<p>Segundo a Defesa Civil, est\u00e3o em estado de aten\u00e7\u00e3o para escorregamentos as regi\u00f5es de Aricanduva\/Formosa, Butant\u00e3, Campo Limpo, Cambuci, Cap\u00e3o Redondo, Capela do Socorro, Casa Verde, Cidade Ademar, Cidade Tiradentes, Ermelino Matarazzo, Freguesia do \u00d3, Guaianases, Ipiranga, Itaim Paulista, Itaquera, Jabaquara, Ja\u00e7an\u00e3\/Trememb\u00e9, Lapa, M\u2019 Boi Mirim, Parelheiros, Penha, Perus, Pirituba\/Jaragu\u00e1, Santana, Santo Amaro, S\u00e3o Mateus, S\u00e3o Miguel Paulista, Vila Maria\/Vila Guilherme e no bairro da Vila Prudente.<\/p>\n<p>Com a chuva, os \u00edndices de lentid\u00e3o da Companhia de Engenharia de Tr\u00e1fego (CET) ficaram acima da m\u00e9dia ao longo desta manh\u00e3. De acordo com as previs\u00f5es \u00e9 alta a probabilidade de chuva na capital durante o final da tarde.<\/p>\n<p><em>Fonte: G1<\/em><\/p>\n\n<div style=\"font-size: 0px; height: 0px; line-height: 0px; margin: 0; padding: 0; clear: both;\"><\/div>","protected":false},"excerpt":{"rendered":"<p>A Coordenadoria Municipal de Defesa Civil da Cidade de S\u00e3o Paulo decretou estado de aten\u00e7\u00e3o para deslizamentos \u00e0s 9h30 desta segunda-feira (17), por causa da chuva que atingiu a capital nesta manh\u00e3. Segundo a Defesa Civil, est\u00e3o em estado de aten\u00e7\u00e3o para escorregamentos as regi\u00f5es de Aricanduva\/Formosa, Butant\u00e3, Campo Limpo, Cambuci, Cap\u00e3o Redondo, Capela do Socorro, Casa Verde, Cidade Ademar, Cidade Tiradentes, Ermelino Matarazzo, Freguesia do \u00d3, Guaianases, Ipiranga, Itaim Paulista, Itaquera, Jabaquara, Ja\u00e7an\u00e3\/Trememb\u00e9, Lapa, M\u2019 Boi Mirim, Parelheiros, Penha, Perus, Pirituba\/Jaragu\u00e1, Santana, Santo Amaro, S\u00e3o Mateus, S\u00e3o Miguel Paulista, Vila Maria\/Vila Guilherme e no bairro da Vila Prudente. Com <\/p>\n","protected":false},"author":1,"featured_media":0,"comment_status":"open","ping_status":"closed","sticky":false,"template":"","format":"standard","meta":{"footnotes":""},"categories":[6],"tags":[],"class_list":["post-677","post","type-post","status-publish","format-standard","hentry","category-noticias-no-capao-redondo"],"aioseo_notices":[],"_links":{"self":[{"href":"https:\/\/www.encontracapaoredondo.com.br\/sobre\/wp-json\/wp\/v2\/posts\/677","targetHints":{"allow":["GET"]}}],"collection":[{"href":"https:\/\/www.encontracapaoredondo.com.br\/sobre\/wp-json\/wp\/v2\/posts"}],"about":[{"href":"https:\/\/www.encontracapaoredondo.com.br\/sobre\/wp-json\/wp\/v2\/types\/post"}],"author":[{"embeddable":true,"href":"https:\/\/www.encontracapaoredondo.com.br\/sobre\/wp-json\/wp\/v2\/users\/1"}],"replies":[{"embeddable":true,"href":"https:\/\/www.encontracapaoredondo.com.br\/sobre\/wp-json\/wp\/v2\/comments?post=677"}],"version-history":[{"count":0,"href":"https:\/\/www.encontracapaoredondo.com.br\/sobre\/wp-json\/wp\/v2\/posts\/677\/revisions"}],"wp:attachment":[{"href":"https:\/\/www.encontracapaoredondo.com.br\/sobre\/wp-json\/wp\/v2\/media?parent=677"}],"wp:term":[{"taxonomy":"category","embeddable":true,"href":"https:\/\/www.encontracapaoredondo.com.br\/sobre\/wp-json\/wp\/v2\/categories?post=677"},{"taxonomy":"post_tag","embeddable":true,"href":"https:\/\/www.encontracapaoredondo.com.br\/sobre\/wp-json\/wp\/v2\/tags?post=677"}],"curies":[{"name":"wp","href":"https:\/\/api.w.org\/{rel}","templated":true}]}}