{"id":645,"date":"2012-10-25T16:44:59","date_gmt":"2012-10-25T16:44:59","guid":{"rendered":"http:\/\/www.encontracapaoredondo.com.br\/noticias\/?p=645"},"modified":"2019-04-29T16:28:27","modified_gmt":"2019-04-29T19:28:27","slug":"capao-redondo-tem-programacao-intensa-de-danca-contemporanea","status":"publish","type":"post","link":"https:\/\/www.encontracapaoredondo.com.br\/sobre\/capao-redondo-tem-programacao-intensa-de-danca-contemporanea\/","title":{"rendered":"Cap\u00e3o Redondo tem programa\u00e7\u00e3o intensa de dan\u00e7a contempor\u00e2nea"},"content":{"rendered":"<div class=\"8fb9da09c1a584b185d8cf81e63b5046\" data-index=\"1\" style=\"float: none; margin:0px;\">\n<!-- Anuncio display - global -->\r\n<ins class=\"adsbygoogle\"\r\n     style=\"display:block\"\r\n     data-ad-client=\"ca-pub-8585364105181520\"\r\n     data-ad-slot=\"8789329856\"\r\n     data-ad-format=\"auto\"\r\n     data-full-width-responsive=\"true\"><\/ins>\r\n<script>\r\n     (adsbygoogle = window.adsbygoogle || []).push({});\r\n<\/script>\n<\/div>\n<p>O Ninho Sansacroma, localizado no Cap\u00e3o Redondo (extremo da zona sul de S\u00e3o Paulo), d\u00e1 prosseguimento no projeto Programa\u00e7\u00e3o de Espa\u00e7o C\u00eanico Ninho Sansacroma, que segue\u00a0 com os espet\u00e1culos Profana\u00e7\u00e3o (de 24 a 26 de outubro), da Cia. Dan\u00e7as Claudia de Souza, Mem\u00f3rias (27 de outubro) e N\u00e3o D\u00e1 P\u00e9 (28 de outubro) da Cia. Sa\u00edda de Emerg\u00eancia e OurLove (dias 30 e 31 de outubro e 01 de novembro), do bailarino e core\u00f3grafo Edson Calheiros.<\/p>\n<p>Trata-se de atra\u00e7\u00f5es vindas da \u201cquebrada\u201d e tamb\u00e9m de outros pontos da cidade, com o objetivo de colocar periferia na rota cultural da cidade de S\u00e3o Paulo por meio uma programa\u00e7\u00e3o de dan\u00e7a contempor\u00e2nea de qualidade, mostrando que a cultura tamb\u00e9m respira fora dos grandes centros. A mostra \u00e9 um retrato do\u00a0 crescente movimento denominado \u201ccultura perif\u00e9rica\u201d, com sua linguagem pr\u00f3pria e singular, por\u00e9m, antenados no mundo. A programa\u00e7\u00e3o segue at\u00e9 dezembro de 2012.<\/p>\n<p>O projeto abarca curtas temporadas de espet\u00e1culos, oficinas e encontros com profissionais da \u00e1rea contemplado pelo Pr\u00eamio Procultura de Programa\u00e7\u00e3o de Espa\u00e7o C\u00eanico &#8211; Funarte &#8211; Minist\u00e9rio da Cultura.<\/p>\n<p><strong>Datas<\/strong><\/p>\n<p><strong>26 de outubro de 2012<\/strong><\/p>\n<p>Sexta \u00e0s 20h<strong><br \/>\n<\/strong><\/p>\n<p><strong>Profana\u00e7\u00e3o<\/strong><strong> \u2013 <\/strong>Cia. Dan\u00e7as Claudia de Souza<\/p>\n<p>livre, 60 min<strong><br \/>\n<\/strong><\/p>\n<p><strong>SINOPSE<\/strong><\/p>\n<p><strong>O espet\u00e1culo partiu de uma inspira\u00e7\u00e3o propiciada<\/strong><strong> <\/strong>pela leitura do livro \u2018Profana\u00e7\u00f5es\u2019 de Giorgio Agamben. Em seu ensaio <em>Elogio da profana\u00e7\u00e3o<\/em>, Giorgio Agamben se dedica a fazer rela\u00e7\u00f5es comuns entre as ideias de &#8220;usar&#8221; e &#8220;profanar&#8221;. Para isto, Agamben parte de uma discuss\u00e3o da etimologia de religio &#8211; n\u00e3o a etimologia que nos \u00e9 dada comumente, religare, mas outra, relegere, que aponta para outro sentido do religioso.<\/p>\n<p>Profanar n\u00e3o significa somente apagar as separa\u00e7\u00f5es, cancelar as autonomias, mas tamb\u00e9m fazer um novo uso delas, ou abrir para um uso poss\u00edvel. Tocar o texto dessa maneira, com as m\u00e3os, com o pr\u00f3prio corpo, \u00e9 tocar tamb\u00e9m o corpo da imagem, a nudez, a pr\u00f3pria mat\u00e9ria da obra, da escrita, e desgast\u00e1-la, sobretudo.<strong><br \/>\n<\/strong><\/p>\n<p><strong>FICHA T\u00c9CNICA<\/strong><\/p>\n<p><strong>Dire\u00e7\u00e3o e Coreografia <\/strong>&#8211; Claudia de Souza\/ <strong>Assistente de Dire\u00e7\u00e3o<\/strong> \u2013 Cristiana de Souza\/ <strong>Elenco<\/strong> \u2013 Cristiana de Souza, \u00cdtalo Ramos, Junior Domingos, Kleber Santos, Rafael Abreu, Rafael Valentim e Yeda Peres\/ <strong>Estagi\u00e1rias <\/strong>\u2013 Carolina Thomaz e Fernanda Motta\/ <strong>Textos<\/strong> \u2013 Jana\u00edna Castro, Solange Borelli e Claudia de Souza\/ <strong>Ilumina\u00e7\u00e3o <\/strong>\u2013 D\u00e9cio Filho\/ <strong>Assistente de ilumina\u00e7\u00e3o \u2013 <\/strong>Al\u00ea\/ <strong>Assistente de palco<\/strong> \u2013 Cristina de C\u00e1ssia\/ <strong>Edi\u00e7\u00e3o de trilha Sonora <\/strong>\u2013 Gustavo Barbosa Lima\/ <strong>Trilha sonora<\/strong> \u2013 J. Massenet, Abel Korzeniowski, Kronos, Clementina de Jesus, Geraldo Filme\/ <strong>Fotos<\/strong> \u2013J\u00f4nia Guimar\u00e3es\/ <strong>Programa\u00e7\u00e3o Visual<\/strong> \u2013 Voga planejamento gr\u00e1fico e visual\/ <strong>Figurino e Cenografia<\/strong> \u2013 Claudia de Souza\/ <strong>Produ\u00e7\u00e3o e Administra\u00e7\u00e3o<\/strong> <strong>\u2013 <\/strong>N\u00facleo Cia Dan\u00e7as\/ <strong>Apoio <\/strong>\u2013 Cooperativa Paulista de Trabalhadores de Dan\u00e7a e Est\u00fadio Dan\u00e7as do Mundo.<\/p>\n<p><strong>27 de outubro de 2012<\/strong><strong><\/strong><\/p>\n<p>S\u00e1bado \u00e0s 20h<strong><br \/>\n<\/strong><\/p>\n<p><strong>Mem\u00f3rias<\/strong><strong> \u2013 <\/strong>Cia. Sa\u00edda de Emerg\u00eancia<\/p>\n<p>Livre, 40 min<strong><br \/>\n<\/strong><\/p>\n<p><strong>SINOPSE<\/strong><\/p>\n<p>O espet\u00e1culo \u00e9 baseado na hist\u00f3ria de uma fam\u00edlia a partir do retorno a antiga casa em que\u00a0 moravam por iniciativa da m\u00e3e. A partir dos m\u00f3veis, dos objetos encontrados ali ela relembra o que foi vivido pelos membros dessa fam\u00edlia. As lembran\u00e7as surgem desde o\u00a0 encontro do pai com a m\u00e3e em uma festa onde tudo come\u00e7ou, das brincadeiras feitas pelas crian\u00e7as, do trabalho do dia a dia, as alegrias, tristezas, o pai que abonda a fam\u00edlia , o crescimento\u00a0 e escolha de vida de cada filho. Flashes, lembran\u00e7as, que passam t\u00e3o vis\u00edveis, mas que n\u00e3o passam de simples mem\u00f3rias.<\/p>\n<p><strong>FICHA T\u00c9CNICA<\/strong><\/p>\n<p><strong>Concep\u00e7\u00e3o Geral e Art\u00edstica:<\/strong> Maz\u00e9 Soares\/ <strong>Coreografias:<\/strong> Davison Silva, Maz\u00e9 Soares, Rodrigo C\u00e2ndido e Thiago Silva\/ <strong>Figurinos: <\/strong>Maz\u00e9 Soares e Elenco\/ <strong>Elenco Experimental:<\/strong> Adriana Peixoto, Camila Ferreira, Camila Odara, Jayne Fortunato, \u00a0Lucas Almeida, Maria Em\u00edlia e Rafael Edgar.<\/p>\n<p><strong>28 de outubro de 2012<\/strong><\/p>\n<p>Domingo \u00e0s 19h<strong><br \/>\n<\/strong><\/p>\n<p><strong>N\u00e3o D\u00e1 P\u00e9 <\/strong><strong>\u2013 <\/strong>Cia. Sa\u00edda de Emerg\u00eancia<\/p>\n<p>Livre, 50 min<strong><br \/>\n<\/strong><\/p>\n<p><strong>SINOPSE<\/strong><\/p>\n<p>O espet\u00e1culo mergulha no universo de como algo pequeno para alguns pode se transformar grande para outros, alterando o rumo da vida de\u00a0 muitas pessoas. Como elemento de pesquisa utilizamos o filme \u201cBicho de Sete Cabe\u00e7as\u201d, que nos mostra<em> \u201cos pais de um jovem que descobrem um cigarro de maconha em seu casaco e s\u00e3o aconselhados a internar o filho em uma institui\u00e7\u00e3o psiqui\u00e1trica, dai em diante a situa\u00e7\u00e3o do jovem s\u00f3 piorou\u201d<\/em>. Esse fato possibilitou a Cia. a buscar em seu cotidiano, situa\u00e7\u00f5es que poderiam ser simples, mas que acabam sendo distorcidas no meio do caminho.<strong><br \/>\n<\/strong><\/p>\n<p><strong>FICHA T\u00c9CNICA<\/strong><\/p>\n<p><strong>Concep\u00e7\u00e3o Geral e Art\u00edstica:<\/strong> Maz\u00e9 Soares\/ <strong>Coreografias:<\/strong>\u00a0<strong>\u00a0<\/strong>Maz\u00e9 Soares e Elenco\/ <strong>Figurinos: <\/strong>Maz\u00e9 Soares e Elenco\/ <strong>Elenco <\/strong><strong>Oficial:\u00a0<\/strong>Alessandro Saldanha, Alex Guimar\u00e3es, B\u00e1rbara Santos, Bruno Feliciano, Felipe Santana, Jayne Fortunato, Let\u00edcia Novais, Patricia Penha, Priscila Santana, Rafael Edgar, Thiago Silva.<\/p>\n<p><strong>30 e 31 de outubro e 01 de novembro de 2012<\/strong><\/p>\n<p>Ter\u00e7a a quinta-feira \u00e0s 20h<strong><br \/>\n<\/strong><\/p>\n<p><strong>OurLove<\/strong><strong> \u2013 <\/strong>Edson Calheiros<strong> <\/strong><\/p>\n<p>Livre, 40 min<strong><br \/>\n<\/strong><\/p>\n<p><strong>SINOPSE<\/strong><\/p>\n<p>Num espa\u00e7o p\u00fablico quatro pessoas deparam-se com suas solid\u00f5es e as dificuldades de estabelecer um contato, um di\u00e1logo, um encontro. O espa\u00e7o comum urbanamente planejado e humanamente esterilizado como reflexo da condi\u00e7\u00e3o (in)dependente e solit\u00e1ria do humano.\u00a0 <strong><br \/>\n<\/strong><\/p>\n<p><strong>FICHA T\u00c9CNICA<\/strong><\/p>\n<p><strong>Concep\u00e7\u00e3o geral e dire\u00e7\u00e3o:<\/strong> Edson Calheiros\/ <strong>Int\u00e9rpretes-criadores:<\/strong> Djalma Moura, Edson Calheiros, Fl\u00e1via Spinardi, Juliana Nascimento e Urubatan\/ <strong>Projeto de luz:<\/strong> Marcus Filomenus\/ <strong>Trilha sonora:<\/strong> Edson Calheiros\/ <strong>Fotos:<\/strong> Andr\u00e9 Prado e Bete Ander\/ <strong>Opera\u00e7\u00e3o t\u00e9cnica:<\/strong> Maj\u00f3 Sesan\/ <strong>Figurinos:<\/strong> Fernando Delabio.<\/p>\n<p><strong>Servi\u00e7o<\/strong><\/p>\n<p><strong>Local: <\/strong>Ninho Sansacroma<br \/>\n<strong>Endere\u00e7o:<\/strong> Rua Dr. Lu\u00eds da Fonseca, 248 \u2013 Parque Maria Helena \u2013 Cap\u00e3o Redondo (100mts do <a title=\"Metr\u00f4 Cap\u00e3o Redondo\" href=\"http:\/\/www.encontracapaoredondo.com.br\/capao-redondo\/estacao-capao-redondo.shtml\" target=\"_blank\">Metr\u00f4 Cap\u00e3o<\/a>)<br \/>\n<strong>Informa\u00e7\u00f5es:<\/strong> 11 5511-0055<br \/>\n<strong>Valor:<\/strong> Entrada franca<strong><br \/>\n<\/strong><\/p>\n\n<div style=\"font-size: 0px; height: 0px; line-height: 0px; margin: 0; padding: 0; clear: both;\"><\/div>","protected":false},"excerpt":{"rendered":"<p>O Ninho Sansacroma, localizado no Cap\u00e3o Redondo (extremo da zona sul de S\u00e3o Paulo), d\u00e1 prosseguimento no projeto Programa\u00e7\u00e3o de Espa\u00e7o C\u00eanico Ninho Sansacroma, que segue\u00a0 com os espet\u00e1culos Profana\u00e7\u00e3o (de 24 a 26 de outubro), da Cia. Dan\u00e7as Claudia de Souza, Mem\u00f3rias (27 de outubro) e N\u00e3o D\u00e1 P\u00e9 (28 de outubro) da Cia. Sa\u00edda de Emerg\u00eancia e OurLove (dias 30 e 31 de outubro e 01 de novembro), do bailarino e core\u00f3grafo Edson Calheiros. Trata-se de atra\u00e7\u00f5es vindas da \u201cquebrada\u201d e tamb\u00e9m de outros pontos da cidade, com o objetivo de colocar periferia na rota cultural da cidade <\/p>\n","protected":false},"author":1,"featured_media":0,"comment_status":"open","ping_status":"closed","sticky":false,"template":"","format":"standard","meta":{"footnotes":""},"categories":[6],"tags":[],"class_list":["post-645","post","type-post","status-publish","format-standard","hentry","category-noticias-no-capao-redondo"],"aioseo_notices":[],"_links":{"self":[{"href":"https:\/\/www.encontracapaoredondo.com.br\/sobre\/wp-json\/wp\/v2\/posts\/645","targetHints":{"allow":["GET"]}}],"collection":[{"href":"https:\/\/www.encontracapaoredondo.com.br\/sobre\/wp-json\/wp\/v2\/posts"}],"about":[{"href":"https:\/\/www.encontracapaoredondo.com.br\/sobre\/wp-json\/wp\/v2\/types\/post"}],"author":[{"embeddable":true,"href":"https:\/\/www.encontracapaoredondo.com.br\/sobre\/wp-json\/wp\/v2\/users\/1"}],"replies":[{"embeddable":true,"href":"https:\/\/www.encontracapaoredondo.com.br\/sobre\/wp-json\/wp\/v2\/comments?post=645"}],"version-history":[{"count":0,"href":"https:\/\/www.encontracapaoredondo.com.br\/sobre\/wp-json\/wp\/v2\/posts\/645\/revisions"}],"wp:attachment":[{"href":"https:\/\/www.encontracapaoredondo.com.br\/sobre\/wp-json\/wp\/v2\/media?parent=645"}],"wp:term":[{"taxonomy":"category","embeddable":true,"href":"https:\/\/www.encontracapaoredondo.com.br\/sobre\/wp-json\/wp\/v2\/categories?post=645"},{"taxonomy":"post_tag","embeddable":true,"href":"https:\/\/www.encontracapaoredondo.com.br\/sobre\/wp-json\/wp\/v2\/tags?post=645"}],"curies":[{"name":"wp","href":"https:\/\/api.w.org\/{rel}","templated":true}]}}