{"id":630,"date":"2012-10-11T15:03:32","date_gmt":"2012-10-11T15:03:32","guid":{"rendered":"http:\/\/www.encontracapaoredondo.com.br\/noticias\/?p=630"},"modified":"2019-04-29T16:28:27","modified_gmt":"2019-04-29T19:28:27","slug":"mardincontros-no-capao-redondo-gratis","status":"publish","type":"post","link":"https:\/\/www.encontracapaoredondo.com.br\/sobre\/mardincontros-no-capao-redondo-gratis\/","title":{"rendered":"MarDincontros, no Cap\u00e3o Redondo, gr\u00e1tis"},"content":{"rendered":"<div class=\"8fb9da09c1a584b185d8cf81e63b5046\" data-index=\"1\" style=\"float: none; margin:0px;\">\n<!-- Anuncio display - global -->\r\n<ins class=\"adsbygoogle\"\r\n     style=\"display:block\"\r\n     data-ad-client=\"ca-pub-8585364105181520\"\r\n     data-ad-slot=\"8789329856\"\r\n     data-ad-format=\"auto\"\r\n     data-full-width-responsive=\"true\"><\/ins>\r\n<script>\r\n     (adsbygoogle = window.adsbygoogle || []).push({});\r\n<\/script>\n<\/div>\n<p>Dia 14 de outubro de 2012, a Sa\u00edda de Emerg\u00eancia Cia. de Dan\u00e7a apresenta o espet\u00e1culo MarDincontros, \u00e0s 19h, na programa\u00e7\u00e3o do Ninho Sansacroma (Rua Dr. Lu\u00eds da Fonseca, 248, Parque Maria Helena \u2013 Cap\u00e3o Redondo).<\/p>\n<p>Criado em 2010 com dire\u00e7\u00e3o de Maz\u00e9 Soares, o espet\u00e1culo tem como base de pesquisa os encontros e desencontros do ser humano conseguem mesmo, com o outro e com o espa\u00e7o em que vive. O mar, as ondas, simbolizando e norteando os corpos nesse vai e vem de sensa\u00e7\u00f5es, incertezas e medos, propondo uma reflex\u00e3o sobre as rela\u00e7\u00f5es humanas na contemporaneidade.<\/p>\n<p>O projeto de programa\u00e7\u00e3o do Ninho Sansacroma, contemplado pelo Pr\u00eamio Procultura \u2013 Programa\u00e7\u00e3o de Espa\u00e7o C\u00eanico -, tem a inten\u00e7\u00e3o de efetivar um interc\u00e2mbio art\u00edstico\/cultural entre os artistas locais, enfatizando o movimento hoje denominado como \u201ccultura perif\u00e9rica\u201d, e os artistas dos outros pontos da cidade que est\u00e3o inseridos no circuito cultural paulista.<\/p>\n<p><strong>A Cia.<\/strong><\/p>\n<p>A Sa\u00edda de Emerg\u00eancia Cia de Dan\u00e7a foi criada em Julho de 2008, formada pelos alunos do curso intermedi\u00e1rio de Dan\u00e7a Contempor\u00e2nea da F\u00e1brica de Criatividade coordenado por Maz\u00e9 Soares, onde participaram do Projeto A(s)cender com o apoio do Minist\u00e9rio da Cultura por meio da Lei Rouanet, e assim crescendo criando identidade, sendo conhecida atrav\u00e9s das apresenta\u00e7\u00f5es e intera\u00e7\u00e3o com outros artistas e grupos da\u00a0 regi\u00e3o.<\/p>\n<p>Em 2008 com a cria\u00e7\u00e3o de seu primeiro espet\u00e1culo chamado \u201cFrestas\u201d, a Cia seguiu em frente com apresenta\u00e7\u00f5es do espet\u00e1culo em eventos culturais e festivais.<\/p>\n<p>No ano de 2010 a Cia abriu as portas para um novo elenco, o elenco experimental, com jovens ainda iniciantes na dan\u00e7a, ficando assim com dois elencos. Neste mesmo ano o elenco oficial, estava em processo de montagem do espet\u00e1culo \u201cMar Dincontros\u201d, o segundo espet\u00e1culo da Cia. Seu terceiro espet\u00e1culo chamado \u201cHevo\u201d foi criado pelos pr\u00f3prios bailarinos, sendo eles dos dois elencos fazendo uma mistura com troca de ideias, dirigido por Maz\u00e9 Soares.<\/p>\n<p><strong>Ficha T\u00e9cnica<\/strong><\/p>\n<p>Dire\u00e7\u00e3o Geral e Art\u00edstica: Maz\u00e9 Soares<\/p>\n<p>Coreografias: Felipe Santana, Jean Valber, Lucimeire Monteiro e Maz\u00e9 Soares<\/p>\n<p>Elenco Oficial: Alessandro Saldanha, Alex Guimar\u00e3es, B\u00e1rbara Santos, Daiana Rodrigues, Davison Silva, Felipe Santana, Jean Valber, Let\u00edcia Novais, Patr\u00edcia da Penha, Priscila Santana e Thiago Silva<\/p>\n<p>Assistentes Coreogr\u00e1ficos: Alessandro Saldanha e Daiana Rodrigues<\/p>\n<p>Figurinos: O grupo<\/p>\n<p>Maquiagens: O grupo<\/p>\n<p>Cenografia: Marcela Teixeira e Maz\u00e9 Soares<\/p>\n<p>Produ\u00e7\u00e3o e Divulga\u00e7\u00e3o: B\u00e1rbara Santos e Jean Valber<\/p>\n<p><strong>Servi\u00e7o<\/strong><\/p>\n<p><strong>Data:<\/strong> Dia 14 de outubro de 2012 \u00a0&#8211;\u00a0Domingo \u00e0s 19h<\/p>\n<p><strong>Local:<\/strong> Ninho Sansacroma:<\/p>\n<p><strong>Endere\u00e7o:<\/strong> Rua Dr. Lu\u00eds da Fonseca, 248 \u00a0&#8211;\u00a0Parque Maria Helena \u2013 Cap\u00e3o Redondo (100mts do <a title=\"Metr\u00f4 Cap\u00e3o\" href=\"http:\/\/www.encontracapaoredondo.com.br\/capao-redondo\/estacao-capao-redondo.shtml\" target=\"_blank\">Metr\u00f4 Cap\u00e3o<\/a>)<\/p>\n<p><strong>Dura\u00e7\u00e3o:<\/strong> 60 minutos<\/p>\n<p><strong>Recomenda\u00e7\u00e3o:<\/strong> Livre<\/p>\n<p><strong>Informa\u00e7\u00f5es:<\/strong> 11 5511-0055<\/p>\n<p><strong>Valor:<\/strong> Entrada Franca<\/p>\n\n<div style=\"font-size: 0px; height: 0px; line-height: 0px; margin: 0; padding: 0; clear: both;\"><\/div>","protected":false},"excerpt":{"rendered":"<p>Dia 14 de outubro de 2012, a Sa\u00edda de Emerg\u00eancia Cia. de Dan\u00e7a apresenta o espet\u00e1culo MarDincontros, \u00e0s 19h, na programa\u00e7\u00e3o do Ninho Sansacroma (Rua Dr. Lu\u00eds da Fonseca, 248, Parque Maria Helena \u2013 Cap\u00e3o Redondo). Criado em 2010 com dire\u00e7\u00e3o de Maz\u00e9 Soares, o espet\u00e1culo tem como base de pesquisa os encontros e desencontros do ser humano conseguem mesmo, com o outro e com o espa\u00e7o em que vive. O mar, as ondas, simbolizando e norteando os corpos nesse vai e vem de sensa\u00e7\u00f5es, incertezas e medos, propondo uma reflex\u00e3o sobre as rela\u00e7\u00f5es humanas na contemporaneidade. O projeto de <\/p>\n","protected":false},"author":1,"featured_media":0,"comment_status":"open","ping_status":"closed","sticky":false,"template":"","format":"standard","meta":{"footnotes":""},"categories":[6],"tags":[],"class_list":["post-630","post","type-post","status-publish","format-standard","hentry","category-noticias-no-capao-redondo"],"aioseo_notices":[],"_links":{"self":[{"href":"https:\/\/www.encontracapaoredondo.com.br\/sobre\/wp-json\/wp\/v2\/posts\/630","targetHints":{"allow":["GET"]}}],"collection":[{"href":"https:\/\/www.encontracapaoredondo.com.br\/sobre\/wp-json\/wp\/v2\/posts"}],"about":[{"href":"https:\/\/www.encontracapaoredondo.com.br\/sobre\/wp-json\/wp\/v2\/types\/post"}],"author":[{"embeddable":true,"href":"https:\/\/www.encontracapaoredondo.com.br\/sobre\/wp-json\/wp\/v2\/users\/1"}],"replies":[{"embeddable":true,"href":"https:\/\/www.encontracapaoredondo.com.br\/sobre\/wp-json\/wp\/v2\/comments?post=630"}],"version-history":[{"count":0,"href":"https:\/\/www.encontracapaoredondo.com.br\/sobre\/wp-json\/wp\/v2\/posts\/630\/revisions"}],"wp:attachment":[{"href":"https:\/\/www.encontracapaoredondo.com.br\/sobre\/wp-json\/wp\/v2\/media?parent=630"}],"wp:term":[{"taxonomy":"category","embeddable":true,"href":"https:\/\/www.encontracapaoredondo.com.br\/sobre\/wp-json\/wp\/v2\/categories?post=630"},{"taxonomy":"post_tag","embeddable":true,"href":"https:\/\/www.encontracapaoredondo.com.br\/sobre\/wp-json\/wp\/v2\/tags?post=630"}],"curies":[{"name":"wp","href":"https:\/\/api.w.org\/{rel}","templated":true}]}}