{"id":618,"date":"2012-10-05T12:21:32","date_gmt":"2012-10-05T12:21:32","guid":{"rendered":"http:\/\/www.encontracapaoredondo.com.br\/noticias\/?p=618"},"modified":"2019-04-29T16:28:27","modified_gmt":"2019-04-29T19:28:27","slug":"capao-redondo-recebe-espetaculo-el-mar-sin-nombre","status":"publish","type":"post","link":"https:\/\/www.encontracapaoredondo.com.br\/sobre\/capao-redondo-recebe-espetaculo-el-mar-sin-nombre\/","title":{"rendered":"Cap\u00e3o Redondo recebe espet\u00e1culo El Mar Sin Nombre"},"content":{"rendered":"<div class=\"8fb9da09c1a584b185d8cf81e63b5046\" data-index=\"1\" style=\"float: none; margin:0px;\">\n<!-- Anuncio display - global -->\r\n<ins class=\"adsbygoogle\"\r\n     style=\"display:block\"\r\n     data-ad-client=\"ca-pub-8585364105181520\"\r\n     data-ad-slot=\"8789329856\"\r\n     data-ad-format=\"auto\"\r\n     data-full-width-responsive=\"true\"><\/ins>\r\n<script>\r\n     (adsbygoogle = window.adsbygoogle || []).push({});\r\n<\/script>\n<\/div>\n<p>Em um cen\u00e1rio coberto de a\u00e7\u00facar que evoca a imagem de um mar branco ou jardim japon\u00eas, o obra onde as duas interpretes criadoras revelam mediante uma constru\u00e7\u00e3o simples e po\u00e9tica de a\u00e7\u00f5es e movimento, a indaga\u00e7\u00e3o sobre a necessidade, a dist\u00e2ncia, o desejo, a presen\u00e7a de algu\u00e9m ausente, a perda de controle, a sensa\u00e7\u00e3o de vazio e n\u00e3o lugar, nos oferece momentos emotivos carregados de silencio, palavras secretas e cumplicidade.<\/p>\n<p>O projeto de programa\u00e7\u00e3o do Ninho Sansacroma, contemplado pelo Pr\u00eamio Procultura \u2013 Programa\u00e7\u00e3o de Espa\u00e7o C\u00eanico -, tem a inten\u00e7\u00e3o de efetivar um interc\u00e2mbio art\u00edstico\/cultural entre os artistas locais, enfatizando o movimento hoje denominado como \u201ccultura perif\u00e9rica\u201d, e os artistas dos outros pontos da cidade que est\u00e3o inseridos no circuito cultural paulista.<strong><br \/>\n<\/strong><\/p>\n<p><strong>A Companhia<\/strong><\/p>\n<p>Companhia de dan\u00e7a contempor\u00e2nea que desde o ano 2001 desenvolve sua pesquisa e cria\u00e7\u00e3o a partir da composi\u00e7\u00e3o de uma linguagem c\u00eanica: corp\u00f3rea, teatral e emotiva, consolidando-se como um espa\u00e7o permanente de indaga\u00e7\u00e3o e produ\u00e7\u00e3o art\u00edstica para a cria\u00e7\u00e3o de uma po\u00e9tica do corpo e do movimento. Sua proposta c\u00eanica elabora-se a partir de uma fus\u00e3o e encontro entre as diferentes disciplinas art\u00edsticas que suportam a imagem, a a\u00e7\u00e3o e a coreografia.<\/p>\n<p>A companhia Estantres prop\u00f5e em cada obra uma linguagem de express\u00f5es \u00edntimas capazes de comunicar al\u00e9m do movimento f\u00edsico e da t\u00e9cnica. \u00c9 assim que seus diretores e sua equipe de bailarinos e atores enfatizam a elabora\u00e7\u00e3o de uma dramaturgia do movimento, mediante a qual procuram oferecer um mapa de sensa\u00e7\u00f5es e puls\u00f5es no qual o espectador possa navegar e encontrar suas pr\u00f3prias sensa\u00e7\u00f5es, puls\u00f5es e significados.\u00a0 A composi\u00e7\u00e3o e cria\u00e7\u00e3o de suas obras surgem em resposta \u00e0 necessidade de traduzir <em>as palavras da alma <\/em>para composi\u00e7\u00f5es e partituras de alta exig\u00eancia f\u00edsica, que envolvam intensamente a vis\u00e3o, sensa\u00e7\u00e3o, experi\u00eancia de vida e necessidade expressiva de cada bailarino-ator.<\/p>\n<p><strong>Ficha T\u00e9cnica<\/strong><strong>\u00a0<\/strong><\/p>\n<p><strong>C<\/strong><strong>oncep\u00e7\u00e3o, dire\u00e7\u00e3o e coreografia:<\/strong> Vivian Nu\u00f1ez Medina<\/p>\n<p><strong>Interpreta\u00e7\u00e3o:<\/strong> Erika Mata Gonzales e Vivan Nu\u00f1ez Medina<\/p>\n<p><strong>M\u00fasica:<\/strong> Sidsel Endersen, Meredith Monk, Balanescu Quartet, Chango Spasiuk e Cinematica Orquesta<\/p>\n<p><strong>Textos:<\/strong> Vivian Medina e Framento Benedetti<\/p>\n<p><strong>Fotografias:<\/strong> Carlos Mario Lema e Frederico Rios<\/p>\n<p><strong>Produ\u00e7\u00e3o:<\/strong> Estantres Danza<\/p>\n<p><strong>Servi\u00e7o<\/strong><\/p>\n<p><strong>Data: <\/strong>Dia 05 de outubro, sexta-feira \u00e0s 20h<\/p>\n<p><strong>Local: <\/strong>Ninho Sansacroma<strong><br \/>\n<\/strong><br \/>\n<strong>Endere\u00e7o:<\/strong> Rua Dr. Lu\u00eds da Fonseca, 248 &#8211;\u00a0\u00a0Parque Maria Helena \u2013 Cap\u00e3o Redondo (100mts do <a title=\"Metr\u00f4 Cap\u00e3o Redondo\" href=\"http:\/\/www.encontracapaoredondo.com.br\/capao-redondo\/estacao-capao-redondo.shtml\" target=\"_blank\">Metr\u00f4 Cap\u00e3o Redondo<\/a>)<\/p>\n<p><strong>Dura\u00e7\u00e3o:<\/strong> 35 minutos<\/p>\n<p><strong>Recomenda\u00e7\u00e3o:<\/strong> livre<\/p>\n<p><strong>Informa\u00e7\u00f5es<\/strong>: 11 5511-0055<\/p>\n<p><strong>Valor:<\/strong> Entrada Franca<\/p>\n<p>&nbsp;<\/p>\n\n<div style=\"font-size: 0px; height: 0px; line-height: 0px; margin: 0; padding: 0; clear: both;\"><\/div>","protected":false},"excerpt":{"rendered":"<p>Em um cen\u00e1rio coberto de a\u00e7\u00facar que evoca a imagem de um mar branco ou jardim japon\u00eas, o obra onde as duas interpretes criadoras revelam mediante uma constru\u00e7\u00e3o simples e po\u00e9tica de a\u00e7\u00f5es e movimento, a indaga\u00e7\u00e3o sobre a necessidade, a dist\u00e2ncia, o desejo, a presen\u00e7a de algu\u00e9m ausente, a perda de controle, a sensa\u00e7\u00e3o de vazio e n\u00e3o lugar, nos oferece momentos emotivos carregados de silencio, palavras secretas e cumplicidade. O projeto de programa\u00e7\u00e3o do Ninho Sansacroma, contemplado pelo Pr\u00eamio Procultura \u2013 Programa\u00e7\u00e3o de Espa\u00e7o C\u00eanico -, tem a inten\u00e7\u00e3o de efetivar um interc\u00e2mbio art\u00edstico\/cultural entre os artistas locais, <\/p>\n","protected":false},"author":1,"featured_media":0,"comment_status":"open","ping_status":"closed","sticky":false,"template":"","format":"standard","meta":{"footnotes":""},"categories":[6],"tags":[],"class_list":["post-618","post","type-post","status-publish","format-standard","hentry","category-noticias-no-capao-redondo"],"aioseo_notices":[],"_links":{"self":[{"href":"https:\/\/www.encontracapaoredondo.com.br\/sobre\/wp-json\/wp\/v2\/posts\/618","targetHints":{"allow":["GET"]}}],"collection":[{"href":"https:\/\/www.encontracapaoredondo.com.br\/sobre\/wp-json\/wp\/v2\/posts"}],"about":[{"href":"https:\/\/www.encontracapaoredondo.com.br\/sobre\/wp-json\/wp\/v2\/types\/post"}],"author":[{"embeddable":true,"href":"https:\/\/www.encontracapaoredondo.com.br\/sobre\/wp-json\/wp\/v2\/users\/1"}],"replies":[{"embeddable":true,"href":"https:\/\/www.encontracapaoredondo.com.br\/sobre\/wp-json\/wp\/v2\/comments?post=618"}],"version-history":[{"count":0,"href":"https:\/\/www.encontracapaoredondo.com.br\/sobre\/wp-json\/wp\/v2\/posts\/618\/revisions"}],"wp:attachment":[{"href":"https:\/\/www.encontracapaoredondo.com.br\/sobre\/wp-json\/wp\/v2\/media?parent=618"}],"wp:term":[{"taxonomy":"category","embeddable":true,"href":"https:\/\/www.encontracapaoredondo.com.br\/sobre\/wp-json\/wp\/v2\/categories?post=618"},{"taxonomy":"post_tag","embeddable":true,"href":"https:\/\/www.encontracapaoredondo.com.br\/sobre\/wp-json\/wp\/v2\/tags?post=618"}],"curies":[{"name":"wp","href":"https:\/\/api.w.org\/{rel}","templated":true}]}}