{"id":604,"date":"2012-09-17T16:18:06","date_gmt":"2012-09-17T16:18:06","guid":{"rendered":"http:\/\/www.encontracapaoredondo.com.br\/noticias\/?p=604"},"modified":"2019-04-29T16:28:28","modified_gmt":"2019-04-29T19:28:28","slug":"linha-5-do-metro-que-passa-pelo-capao-deve-ter-tarifa-menor-das-9h-as-10h","status":"publish","type":"post","link":"https:\/\/www.encontracapaoredondo.com.br\/sobre\/linha-5-do-metro-que-passa-pelo-capao-deve-ter-tarifa-menor-das-9h-as-10h\/","title":{"rendered":"Linha 5 do Metr\u00f4, que passa pelo Cap\u00e3o, deve ter tarifa menor das 9h \u00e0s 10h"},"content":{"rendered":"<div class=\"8fb9da09c1a584b185d8cf81e63b5046\" data-index=\"1\" style=\"float: none; margin:0px;\">\n<!-- Anuncio display - global -->\r\n<ins class=\"adsbygoogle\"\r\n     style=\"display:block\"\r\n     data-ad-client=\"ca-pub-8585364105181520\"\r\n     data-ad-slot=\"8789329856\"\r\n     data-ad-format=\"auto\"\r\n     data-full-width-responsive=\"true\"><\/ins>\r\n<script>\r\n     (adsbygoogle = window.adsbygoogle || []).push({});\r\n<\/script>\n<\/div>\n<p>A tarifa do metr\u00f4 da cidade de S\u00e3o Paulo, hoje em 3 reais, deve cair. Mas s\u00f3 para a Linha 5-Lil\u00e1s (Cap\u00e3o Redondo-Largo Treze) e das 9h \u00e0s 10h dos dias \u00fateis.<\/p>\n<p>Com a medida, a Secretaria Estadual de Transportes Metropolitanos quer desestimular os passageiros a usar o sistema no hor\u00e1rio de pico da manh\u00e3.<\/p>\n<p>A expectativa do secret\u00e1rio Jurandir Fernandes \u00e9 que a redu\u00e7\u00e3o comece a vigorar em novembro. Com isso, qualquer pessoa que usar o bilhete \u00fanico nas esta\u00e7\u00f5es da Linha 5-Lil\u00e1s das 9h \u00e0s 10h, de segunda a sexta-feira, pagar\u00e1 uma tarifa similar ou menor do que a do bilhete madrugador (das 4h40 \u00e0s 6h15), de 2,50 reais.<\/p>\n<p>A ideia \u00e9 promover essa redu\u00e7\u00e3o da tarifa at\u00e9 que a extens\u00e3o da Linha 5-Lil\u00e1s seja entregue. O trecho, que est\u00e1 em constru\u00e7\u00e3o, vai ligar a Esta\u00e7\u00e3o Largo Treze \u00e0 Esta\u00e7\u00e3o Santa Cruz, na Linha 1-Azul, e a esta\u00e7\u00e3o Ch\u00e1cara Klabin, na Linha 2-Verde. A entrega est\u00e1 prevista para dezembro de 2015.<\/p>\n<p><em>Fonte: Portal Veja\u00a0<\/em><\/p>\n\n<div style=\"font-size: 0px; height: 0px; line-height: 0px; margin: 0; padding: 0; clear: both;\"><\/div>","protected":false},"excerpt":{"rendered":"<p>A tarifa do metr\u00f4 da cidade de S\u00e3o Paulo, hoje em 3 reais, deve cair. Mas s\u00f3 para a Linha 5-Lil\u00e1s (Cap\u00e3o Redondo-Largo Treze) e das 9h \u00e0s 10h dos dias \u00fateis. Com a medida, a Secretaria Estadual de Transportes Metropolitanos quer desestimular os passageiros a usar o sistema no hor\u00e1rio de pico da manh\u00e3. A expectativa do secret\u00e1rio Jurandir Fernandes \u00e9 que a redu\u00e7\u00e3o comece a vigorar em novembro. Com isso, qualquer pessoa que usar o bilhete \u00fanico nas esta\u00e7\u00f5es da Linha 5-Lil\u00e1s das 9h \u00e0s 10h, de segunda a sexta-feira, pagar\u00e1 uma tarifa similar ou menor do que <\/p>\n","protected":false},"author":1,"featured_media":0,"comment_status":"open","ping_status":"closed","sticky":false,"template":"","format":"standard","meta":{"footnotes":""},"categories":[6],"tags":[],"class_list":["post-604","post","type-post","status-publish","format-standard","hentry","category-noticias-no-capao-redondo"],"aioseo_notices":[],"_links":{"self":[{"href":"https:\/\/www.encontracapaoredondo.com.br\/sobre\/wp-json\/wp\/v2\/posts\/604","targetHints":{"allow":["GET"]}}],"collection":[{"href":"https:\/\/www.encontracapaoredondo.com.br\/sobre\/wp-json\/wp\/v2\/posts"}],"about":[{"href":"https:\/\/www.encontracapaoredondo.com.br\/sobre\/wp-json\/wp\/v2\/types\/post"}],"author":[{"embeddable":true,"href":"https:\/\/www.encontracapaoredondo.com.br\/sobre\/wp-json\/wp\/v2\/users\/1"}],"replies":[{"embeddable":true,"href":"https:\/\/www.encontracapaoredondo.com.br\/sobre\/wp-json\/wp\/v2\/comments?post=604"}],"version-history":[{"count":0,"href":"https:\/\/www.encontracapaoredondo.com.br\/sobre\/wp-json\/wp\/v2\/posts\/604\/revisions"}],"wp:attachment":[{"href":"https:\/\/www.encontracapaoredondo.com.br\/sobre\/wp-json\/wp\/v2\/media?parent=604"}],"wp:term":[{"taxonomy":"category","embeddable":true,"href":"https:\/\/www.encontracapaoredondo.com.br\/sobre\/wp-json\/wp\/v2\/categories?post=604"},{"taxonomy":"post_tag","embeddable":true,"href":"https:\/\/www.encontracapaoredondo.com.br\/sobre\/wp-json\/wp\/v2\/tags?post=604"}],"curies":[{"name":"wp","href":"https:\/\/api.w.org\/{rel}","templated":true}]}}