{"id":599,"date":"2012-09-13T15:15:03","date_gmt":"2012-09-13T15:15:03","guid":{"rendered":"http:\/\/www.encontracapaoredondo.com.br\/noticias\/?p=599"},"modified":"2019-04-29T16:28:28","modified_gmt":"2019-04-29T19:28:28","slug":"capao-redondo-dois-suspeitos-de-matar-jovem-em-assalto-sao-presos","status":"publish","type":"post","link":"https:\/\/www.encontracapaoredondo.com.br\/sobre\/capao-redondo-dois-suspeitos-de-matar-jovem-em-assalto-sao-presos\/","title":{"rendered":"Cap\u00e3o Redondo: dois suspeitos de matar jovem em assalto s\u00e3o presos"},"content":{"rendered":"<div class=\"8fb9da09c1a584b185d8cf81e63b5046\" data-index=\"1\" style=\"float: none; margin:0px;\">\n<!-- Anuncio display - global -->\r\n<ins class=\"adsbygoogle\"\r\n     style=\"display:block\"\r\n     data-ad-client=\"ca-pub-8585364105181520\"\r\n     data-ad-slot=\"8789329856\"\r\n     data-ad-format=\"auto\"\r\n     data-full-width-responsive=\"true\"><\/ins>\r\n<script>\r\n     (adsbygoogle = window.adsbygoogle || []).push({});\r\n<\/script>\n<\/div>\n<p>Dois homens suspeitos de assaltar e matar um jovem de 20 anos no \u00faltimo dia 5 deste m\u00eas foram presos na ter\u00e7a-feira no Jardim Maced\u00f4nia, zona sul de S\u00e3o Paulo. A v\u00edtima foi abordada e morta ap\u00f3s sair de uma autoescola na avenida Dom Rodrigo Sanches, Cap\u00e3o Redondo, tamb\u00e9m zona sul da capital.<\/p>\n<p>Policiais civis do <a title=\"47\u00ba Distrito Policial\" href=\"http:\/\/www.encontracapaoredondo.com.br\/capao-redondo\/47-dp-no-capao-redondo.shtml\" target=\"_blank\">47\u00ba Distrito Policial<\/a>, de Cap\u00e3o Redondo, apuravam informa\u00e7\u00f5es sobre a morte do jovem que foi baleado durante um assalto. Na ocasi\u00e3o, foram roubados R$ 1,5 mil. No local do crime, testemunhas informaram aos investigadores o n\u00famero da placa do Fox prata usado na a\u00e7\u00e3o. Em pesquisas, conseguiram o nome e a foto de um motoboy de 28 anos &#8211; propriet\u00e1rio do ve\u00edculo, de acordo com informa\u00e7\u00f5es da Secretaria de Seguran\u00e7a P\u00fablica (SSP) da cidade de S\u00e3o Paulo.<\/p>\n<p>Com a foto em m\u00e3os, os policiais mostraram para as testemunhas, que disseram ser muito parecido com um dos suspeitos que estava no carro. Os policiais civis encontraram o endere\u00e7o do suspeito e foram at\u00e9 a rua Manoel da Concei\u00e7\u00e3o, onde estavam o motoboy e um pedreiro de 29 anos. Questionados sobre o carro que estava em frente da casa, o motoboy disse que era seu, mas que o im\u00f3vel era de sua sogra.<\/p>\n<p>Ap\u00f3s apreenderem o ve\u00edculo, os policiais questionaram a mulher do motoboy, que apontou onde o casal morava e autorizou a entrada em sua resid\u00eancia. Em um guarda-roupa foi encontrada um rev\u00f3lver calibre 38 e cinco cartuchos intactos. O motoboy disse que a arma era do pedreiro e que apenas havia guardado em sua casa. Ele confessou que o rev\u00f3lver era usado pela dupla para praticar roubos.<\/p>\n<p>Os dois foram presos e levados ao 47\u00ba DP, onde foram indiciados porte ilegal de arma de fogo. Eles s\u00e3o suspeitos pela morte do jovem e a pol\u00edcia segue com as investiga\u00e7\u00f5es para localizar uma terceira pessoa que teria participado do crime.<\/p>\n<p><strong>O caso<\/strong><br \/>\nO crime aconteceu no \u00faltimo dia 5 ap\u00f3s. Segundo o pai da v\u00edtima, um aposentado de 60 anos, o jovem saiu de casa para ir \u00e0 academia e, antes de voltar, passaria em um banco para sacar dinheiro e pagar a autoescola. Ap\u00f3s retirar R$ 2 mil, a v\u00edtima passou na institui\u00e7\u00e3o e saldou a d\u00edvida.<\/p>\n<p>Quando seguia para casa, ele foi abordado por dois homens que estavam em uma motocicleta. A pessoa que estava na garupa desceu da moto e atirou na cabe\u00e7a do jovem. O suspeito fugiu de carona em um Fox prata levando R$ 1,5 mil. Os outros dois que participaram da a\u00e7\u00e3o tamb\u00e9m fugiram.<\/p>\n<p><em>Fonte: Portal Terra\u00a0<\/em><\/p>\n\n<div style=\"font-size: 0px; height: 0px; line-height: 0px; margin: 0; padding: 0; clear: both;\"><\/div>","protected":false},"excerpt":{"rendered":"<p>Dois homens suspeitos de assaltar e matar um jovem de 20 anos no \u00faltimo dia 5 deste m\u00eas foram presos na ter\u00e7a-feira no Jardim Maced\u00f4nia, zona sul de S\u00e3o Paulo. A v\u00edtima foi abordada e morta ap\u00f3s sair de uma autoescola na avenida Dom Rodrigo Sanches, Cap\u00e3o Redondo, tamb\u00e9m zona sul da capital. Policiais civis do 47\u00ba Distrito Policial, de Cap\u00e3o Redondo, apuravam informa\u00e7\u00f5es sobre a morte do jovem que foi baleado durante um assalto. Na ocasi\u00e3o, foram roubados R$ 1,5 mil. No local do crime, testemunhas informaram aos investigadores o n\u00famero da placa do Fox prata usado na a\u00e7\u00e3o. <\/p>\n","protected":false},"author":1,"featured_media":0,"comment_status":"open","ping_status":"closed","sticky":false,"template":"","format":"standard","meta":{"footnotes":""},"categories":[6],"tags":[],"class_list":["post-599","post","type-post","status-publish","format-standard","hentry","category-noticias-no-capao-redondo"],"aioseo_notices":[],"_links":{"self":[{"href":"https:\/\/www.encontracapaoredondo.com.br\/sobre\/wp-json\/wp\/v2\/posts\/599","targetHints":{"allow":["GET"]}}],"collection":[{"href":"https:\/\/www.encontracapaoredondo.com.br\/sobre\/wp-json\/wp\/v2\/posts"}],"about":[{"href":"https:\/\/www.encontracapaoredondo.com.br\/sobre\/wp-json\/wp\/v2\/types\/post"}],"author":[{"embeddable":true,"href":"https:\/\/www.encontracapaoredondo.com.br\/sobre\/wp-json\/wp\/v2\/users\/1"}],"replies":[{"embeddable":true,"href":"https:\/\/www.encontracapaoredondo.com.br\/sobre\/wp-json\/wp\/v2\/comments?post=599"}],"version-history":[{"count":0,"href":"https:\/\/www.encontracapaoredondo.com.br\/sobre\/wp-json\/wp\/v2\/posts\/599\/revisions"}],"wp:attachment":[{"href":"https:\/\/www.encontracapaoredondo.com.br\/sobre\/wp-json\/wp\/v2\/media?parent=599"}],"wp:term":[{"taxonomy":"category","embeddable":true,"href":"https:\/\/www.encontracapaoredondo.com.br\/sobre\/wp-json\/wp\/v2\/categories?post=599"},{"taxonomy":"post_tag","embeddable":true,"href":"https:\/\/www.encontracapaoredondo.com.br\/sobre\/wp-json\/wp\/v2\/tags?post=599"}],"curies":[{"name":"wp","href":"https:\/\/api.w.org\/{rel}","templated":true}]}}