{"id":575,"date":"2012-08-20T17:57:18","date_gmt":"2012-08-20T17:57:18","guid":{"rendered":"http:\/\/www.encontracapaoredondo.com.br\/noticias\/?p=575"},"modified":"2019-04-29T16:29:07","modified_gmt":"2019-04-29T19:29:07","slug":"capao-redondo-ganhara-escola-estadual","status":"publish","type":"post","link":"https:\/\/www.encontracapaoredondo.com.br\/sobre\/capao-redondo-ganhara-escola-estadual\/","title":{"rendered":"Cap\u00e3o Redondo ganhar\u00e1 escola estadual"},"content":{"rendered":"<div class=\"8fb9da09c1a584b185d8cf81e63b5046\" data-index=\"1\" style=\"float: none; margin:0px;\">\n<!-- Anuncio display - global -->\r\n<ins class=\"adsbygoogle\"\r\n     style=\"display:block\"\r\n     data-ad-client=\"ca-pub-8585364105181520\"\r\n     data-ad-slot=\"8789329856\"\r\n     data-ad-format=\"auto\"\r\n     data-full-width-responsive=\"true\"><\/ins>\r\n<script>\r\n     (adsbygoogle = window.adsbygoogle || []).push({});\r\n<\/script>\n<\/div>\n<p>O governador Geraldo Alckmin e o secret\u00e1rio da Educa\u00e7\u00e3o, professor Herman Voorwald, assinaram neste domingo, 19, o decreto de cria\u00e7\u00e3o das escolas estaduais Jardim Carumb\u00e9, no bairro da Brasil\u00e2ndia; Ch\u00e1cara Santa Maria, no Jardim \u00c2ngela; Campo Limpo I, no Jardim S\u00e3o Lu\u00eds; Feiti\u00e7o da Vila e Jardim Ip\u00ea, no Cap\u00e3o Redondo; Jardim Sabi\u00e1 II, no Graja\u00fa; e Jardim Santa Cec\u00edlia, no Jardim Cocaia, em Guarulhos. &#8220;Eu deixo um desafio ao secret\u00e1rio da educa\u00e7\u00e3o, aos professores, dirigentes de ensino da regi\u00e3o e a todos os educadores envolvidos no programa Escola da Fam\u00edlia para que no ano que vem aconte\u00e7a a amplia\u00e7\u00e3o do programa nessa escola e em outras unidades de ensino da zona norte&#8221;, disse o governador.<\/p>\n<p>As sete unidades j\u00e1 atendem aproximadamente 5.000 estudantes do ensino fundamental, do ensino m\u00e9dio e da Educa\u00e7\u00e3o para Jovens e Adultos (EJA) desde o come\u00e7o deste ano letivo. O investimento nas obras foi de R$ 29,5 milh\u00f5es e todas as unidades de ensino contam com ambientes administrativos e pedag\u00f3gicos, como salas de aula, sala de leitura, salas de recupera\u00e7\u00e3o, sala de uso m\u00faltiplo e sala de inform\u00e1tica, al\u00e9m de quadra esportiva, sanit\u00e1rios acess\u00edveis e elevador.<\/p>\n<p>A assinatura aconteceu durante visita do governador \u00e0 Escola Estadual General Humberto de Souza Mello, na zona norte da capital, em comemora\u00e7\u00e3o ao anivers\u00e1rio de nove anos do &#8220;Escola da Fam\u00edlia&#8221;, da secretaria de Estado da Educa\u00e7\u00e3o. O programa proporciona a abertura de unidades de ensino da rede estadual nos finais de semana, transformando-as em espa\u00e7os com atividades planejadas para a comunidade e criando uma cultura de paz e est\u00edmulo \u00e0s potencialidades dos participantes.<\/p>\n<p>Na EE General Humberto de Souza Melllo, por exemplo, s\u00e3o desenvolvidas atividades como artesanato com material recicl\u00e1vel, capoeira, hip hop, basquete masculino, voleibol, oficina de beleza, brinquedoteca, mutir\u00e3o de limpeza, xadrez, aulas de ingl\u00eas e espanhol e t\u00eanis de mesa.<\/p>\n<p><em>Portal: Do Portal do Governo do Estado<\/em><\/p>\n\n<div style=\"font-size: 0px; height: 0px; line-height: 0px; margin: 0; padding: 0; clear: both;\"><\/div>","protected":false},"excerpt":{"rendered":"<p>O governador Geraldo Alckmin e o secret\u00e1rio da Educa\u00e7\u00e3o, professor Herman Voorwald, assinaram neste domingo, 19, o decreto de cria\u00e7\u00e3o das escolas estaduais Jardim Carumb\u00e9, no bairro da Brasil\u00e2ndia; Ch\u00e1cara Santa Maria, no Jardim \u00c2ngela; Campo Limpo I, no Jardim S\u00e3o Lu\u00eds; Feiti\u00e7o da Vila e Jardim Ip\u00ea, no Cap\u00e3o Redondo; Jardim Sabi\u00e1 II, no Graja\u00fa; e Jardim Santa Cec\u00edlia, no Jardim Cocaia, em Guarulhos. &#8220;Eu deixo um desafio ao secret\u00e1rio da educa\u00e7\u00e3o, aos professores, dirigentes de ensino da regi\u00e3o e a todos os educadores envolvidos no programa Escola da Fam\u00edlia para que no ano que vem aconte\u00e7a a amplia\u00e7\u00e3o <\/p>\n","protected":false},"author":1,"featured_media":0,"comment_status":"open","ping_status":"closed","sticky":false,"template":"","format":"standard","meta":{"footnotes":""},"categories":[6],"tags":[],"class_list":["post-575","post","type-post","status-publish","format-standard","hentry","category-noticias-no-capao-redondo"],"aioseo_notices":[],"_links":{"self":[{"href":"https:\/\/www.encontracapaoredondo.com.br\/sobre\/wp-json\/wp\/v2\/posts\/575","targetHints":{"allow":["GET"]}}],"collection":[{"href":"https:\/\/www.encontracapaoredondo.com.br\/sobre\/wp-json\/wp\/v2\/posts"}],"about":[{"href":"https:\/\/www.encontracapaoredondo.com.br\/sobre\/wp-json\/wp\/v2\/types\/post"}],"author":[{"embeddable":true,"href":"https:\/\/www.encontracapaoredondo.com.br\/sobre\/wp-json\/wp\/v2\/users\/1"}],"replies":[{"embeddable":true,"href":"https:\/\/www.encontracapaoredondo.com.br\/sobre\/wp-json\/wp\/v2\/comments?post=575"}],"version-history":[{"count":0,"href":"https:\/\/www.encontracapaoredondo.com.br\/sobre\/wp-json\/wp\/v2\/posts\/575\/revisions"}],"wp:attachment":[{"href":"https:\/\/www.encontracapaoredondo.com.br\/sobre\/wp-json\/wp\/v2\/media?parent=575"}],"wp:term":[{"taxonomy":"category","embeddable":true,"href":"https:\/\/www.encontracapaoredondo.com.br\/sobre\/wp-json\/wp\/v2\/categories?post=575"},{"taxonomy":"post_tag","embeddable":true,"href":"https:\/\/www.encontracapaoredondo.com.br\/sobre\/wp-json\/wp\/v2\/tags?post=575"}],"curies":[{"name":"wp","href":"https:\/\/api.w.org\/{rel}","templated":true}]}}