{"id":54,"date":"2011-01-07T16:13:03","date_gmt":"2011-01-07T16:13:03","guid":{"rendered":"http:\/\/www.encontracapaoredondo.com.br\/noticias\/?p=54"},"modified":"2019-04-29T16:29:44","modified_gmt":"2019-04-29T19:29:44","slug":"novo-delegado-geral-da-policia-civil-ja-atuou-em-delegacia-do-capao-redondo","status":"publish","type":"post","link":"https:\/\/www.encontracapaoredondo.com.br\/sobre\/novo-delegado-geral-da-policia-civil-ja-atuou-em-delegacia-do-capao-redondo\/","title":{"rendered":"Novo delegado geral da Pol\u00edcia Civil j\u00e1 atuou em Delegacia do Cap\u00e3o Redondo"},"content":{"rendered":"<div class=\"8fb9da09c1a584b185d8cf81e63b5046\" data-index=\"1\" style=\"float: none; margin:0px;\">\n<!-- Anuncio display - global -->\r\n<ins class=\"adsbygoogle\"\r\n     style=\"display:block\"\r\n     data-ad-client=\"ca-pub-8585364105181520\"\r\n     data-ad-slot=\"8789329856\"\r\n     data-ad-format=\"auto\"\r\n     data-full-width-responsive=\"true\"><\/ins>\r\n<script>\r\n     (adsbygoogle = window.adsbygoogle || []).push({});\r\n<\/script>\n<\/div>\n<p>O secret\u00e1rio da Seguran\u00e7a P\u00fablica, Antonio Ferreira Pinto, anunciou, na  manh\u00e3 desta sexta-feira (07), Marcos Carneiro Lima como o novo delegado  geral de Pol\u00edcia Civil de S\u00e3o Paulo. Ele substitui o delegado Domingos  Paulo Neto, que estava no cargo desde mar\u00e7o de 2009.<\/p>\n<p>Formado em Direito pela USP (Universidade de S\u00e3o Paulo) em 1986, Marcos  Carneiro respondeu pela dire\u00e7\u00e3o da Demacro (Departamento de Pol\u00edcia  Judici\u00e1ria da Macro S\u00e3o Paulo) por um ano.<\/p>\n<p>Ele entrou para a Pol\u00edcia Civil em 1989, como delegado de pol\u00edcia, e  completar\u00e1 22 anos na carreira neste m\u00eas. Delegado de classe especial,  foi chefe da DHPP (Divis\u00e3o de Homic\u00eddios do Departamento de Homic\u00eddios e  Prote\u00e7\u00e3o \u00e0 Pessoa).<\/p>\n<p>Carneiro tamb\u00e9m trabalhou na Divis\u00e3o Operacional da Corregedoria, na  Divis\u00e3o Antissequestro, e no 47\u00ba DP (Cap\u00e3o Redondo). Desde 2001, \u00e9  professor de Gerenciamento de Crises na Acadepol (Academia de Pol\u00edcia  Civil).<\/p>\n<p><em>Fonte: R7<\/em><\/p>\n\n<div style=\"font-size: 0px; height: 0px; line-height: 0px; margin: 0; padding: 0; clear: both;\"><\/div>","protected":false},"excerpt":{"rendered":"<p>O secret\u00e1rio da Seguran\u00e7a P\u00fablica, Antonio Ferreira Pinto, anunciou, na manh\u00e3 desta sexta-feira (07), Marcos Carneiro Lima como o novo delegado geral de Pol\u00edcia Civil de S\u00e3o Paulo. Ele substitui o delegado Domingos Paulo Neto, que estava no cargo desde mar\u00e7o de 2009. Formado em Direito pela USP (Universidade de S\u00e3o Paulo) em 1986, Marcos Carneiro respondeu pela dire\u00e7\u00e3o da Demacro (Departamento de Pol\u00edcia Judici\u00e1ria da Macro S\u00e3o Paulo) por um ano. Ele entrou para a Pol\u00edcia Civil em 1989, como delegado de pol\u00edcia, e completar\u00e1 22 anos na carreira neste m\u00eas. Delegado de classe especial, foi chefe da DHPP <\/p>\n","protected":false},"author":1,"featured_media":0,"comment_status":"open","ping_status":"closed","sticky":false,"template":"","format":"standard","meta":{"footnotes":""},"categories":[6],"tags":[],"class_list":["post-54","post","type-post","status-publish","format-standard","hentry","category-noticias-no-capao-redondo"],"aioseo_notices":[],"_links":{"self":[{"href":"https:\/\/www.encontracapaoredondo.com.br\/sobre\/wp-json\/wp\/v2\/posts\/54","targetHints":{"allow":["GET"]}}],"collection":[{"href":"https:\/\/www.encontracapaoredondo.com.br\/sobre\/wp-json\/wp\/v2\/posts"}],"about":[{"href":"https:\/\/www.encontracapaoredondo.com.br\/sobre\/wp-json\/wp\/v2\/types\/post"}],"author":[{"embeddable":true,"href":"https:\/\/www.encontracapaoredondo.com.br\/sobre\/wp-json\/wp\/v2\/users\/1"}],"replies":[{"embeddable":true,"href":"https:\/\/www.encontracapaoredondo.com.br\/sobre\/wp-json\/wp\/v2\/comments?post=54"}],"version-history":[{"count":0,"href":"https:\/\/www.encontracapaoredondo.com.br\/sobre\/wp-json\/wp\/v2\/posts\/54\/revisions"}],"wp:attachment":[{"href":"https:\/\/www.encontracapaoredondo.com.br\/sobre\/wp-json\/wp\/v2\/media?parent=54"}],"wp:term":[{"taxonomy":"category","embeddable":true,"href":"https:\/\/www.encontracapaoredondo.com.br\/sobre\/wp-json\/wp\/v2\/categories?post=54"},{"taxonomy":"post_tag","embeddable":true,"href":"https:\/\/www.encontracapaoredondo.com.br\/sobre\/wp-json\/wp\/v2\/tags?post=54"}],"curies":[{"name":"wp","href":"https:\/\/api.w.org\/{rel}","templated":true}]}}