{"id":534,"date":"2012-06-27T16:27:06","date_gmt":"2012-06-27T16:27:06","guid":{"rendered":"http:\/\/www.encontracapaoredondo.com.br\/noticias\/?p=534"},"modified":"2019-04-29T16:29:08","modified_gmt":"2019-04-29T19:29:08","slug":"operarios-trabalham-sem-protecao-em-obra-no-capao-redondo","status":"publish","type":"post","link":"https:\/\/www.encontracapaoredondo.com.br\/sobre\/operarios-trabalham-sem-protecao-em-obra-no-capao-redondo\/","title":{"rendered":"Oper\u00e1rios trabalham sem prote\u00e7\u00e3o em obra no Cap\u00e3o Redondo"},"content":{"rendered":"<div class=\"8fb9da09c1a584b185d8cf81e63b5046\" data-index=\"1\" style=\"float: none; margin:0px;\">\n<!-- Anuncio display - global -->\r\n<ins class=\"adsbygoogle\"\r\n     style=\"display:block\"\r\n     data-ad-client=\"ca-pub-8585364105181520\"\r\n     data-ad-slot=\"8789329856\"\r\n     data-ad-format=\"auto\"\r\n     data-full-width-responsive=\"true\"><\/ins>\r\n<script>\r\n     (adsbygoogle = window.adsbygoogle || []).push({});\r\n<\/script>\n<\/div>\n<p>A constru\u00e7\u00e3o de uma loja na avenida Comendador Sant&#8217;Anna, no bairro Cap\u00e3o Redondo, em S\u00e3o Paulo, chamou a aten\u00e7\u00e3o de moradores da regi\u00e3o. No \u00faltimo s\u00e1bado, 23, funcion\u00e1rios foram flagrados trabalhando na fachada da obra sem equipamentos de prote\u00e7\u00e3o individual (EPI).<\/p>\n<p>No endere\u00e7o ir\u00e1 funcionar uma nova unidade da &#8220;Lojas Paulistanas&#8221;, rede de varejo fundada em 1988 que comercializa moda, materiais esportivos, cama, mesa e banho e que j\u00e1 conta com outras sete unidades.<\/p>\n<p>Segundo Jos\u00e9 Luiz Luc\u00edrio, supervisor das Lojas Paulistanas, a obra \u00e9 terceirizada e o respons\u00e1vel pela seguran\u00e7a dos funcion\u00e1rios \u00e9 a empresa contratada para os distintos servi\u00e7os.<\/p>\n<p>&#8220;A obra \u00e9 terceirizada: h\u00e1 pedreiros, serralheiros, gesseiros, o engenheiro respons\u00e1vel. N\u00e3o podemos nem dar muito palpite porque \u00e9 tudo terceirizado, fica at\u00e9 dif\u00edcil para a gente tentar controlar o trabalho deles&#8221;, afirma.<\/p>\n<p>Geraldo Herval Alcides, respons\u00e1vel pela Victor Esquadrias, empresa que estava trabalhando na fachada do empreendimento no \u00faltimo s\u00e1bado, explica que os funcion\u00e1rios deveriam estar utilizando os equipamentos de seguran\u00e7a porque a empresa disponibiliza os acess\u00f3rios para sua equipe.<\/p>\n<p>&#8220;Temos todos os equipamentos, cinto, m\u00e1scara, \u00f3culos, protetor auricular, capacete. Se algum funcion\u00e1rio n\u00e3o estava utilizando \u00e9 por neglig\u00eancia dele&#8221;, diz.<\/p>\n<p>Segundo o engenheiro Jurandir Silva, respons\u00e1vel t\u00e9cnico pelo projeto e pela dire\u00e7\u00e3o t\u00e9cnica da obra, as exig\u00eancias de seguran\u00e7a devem ser atendidas pelos executores.<\/p>\n<p>&#8220;J\u00e1 falei para eles que tem que utilizar o capacete e todos os equipamentos de seguran\u00e7a. Vou conversar com o empreiteiro respons\u00e1vel para verificar essa situa\u00e7\u00e3o e vou notificar o propriet\u00e1rio da empresa para que essa quest\u00e3o seja observada&#8221;, informou.<\/p>\n<p>De acordo com a lei n\u00ba 6.514, de 22 de dezembro de 1977, a empresa \u00e9 obrigada a fornecer aos empregados, gratuitamente, equipamento de prote\u00e7\u00e3o individual adequado ao risco e em perfeito estado de conserva\u00e7\u00e3o e funcionamento, sempre que as medidas de ordem geral n\u00e3o ofere\u00e7am completa prote\u00e7\u00e3o contra os riscos de acidentes e danos \u00e0 sa\u00fade dos empregados. Ainda segundo a lei, a recusa injustificada do empregado ao uso dos equipamentos fornecidos pela empresa constitui ato faltoso.<\/p>\n<p><em>Fonte: Portal Terra<\/em><\/p>\n\n<div style=\"font-size: 0px; height: 0px; line-height: 0px; margin: 0; padding: 0; clear: both;\"><\/div>","protected":false},"excerpt":{"rendered":"<p>A constru\u00e7\u00e3o de uma loja na avenida Comendador Sant&#8217;Anna, no bairro Cap\u00e3o Redondo, em S\u00e3o Paulo, chamou a aten\u00e7\u00e3o de moradores da regi\u00e3o. No \u00faltimo s\u00e1bado, 23, funcion\u00e1rios foram flagrados trabalhando na fachada da obra sem equipamentos de prote\u00e7\u00e3o individual (EPI). No endere\u00e7o ir\u00e1 funcionar uma nova unidade da &#8220;Lojas Paulistanas&#8221;, rede de varejo fundada em 1988 que comercializa moda, materiais esportivos, cama, mesa e banho e que j\u00e1 conta com outras sete unidades. Segundo Jos\u00e9 Luiz Luc\u00edrio, supervisor das Lojas Paulistanas, a obra \u00e9 terceirizada e o respons\u00e1vel pela seguran\u00e7a dos funcion\u00e1rios \u00e9 a empresa contratada para os distintos <\/p>\n","protected":false},"author":1,"featured_media":0,"comment_status":"open","ping_status":"closed","sticky":false,"template":"","format":"standard","meta":{"footnotes":""},"categories":[6],"tags":[],"class_list":["post-534","post","type-post","status-publish","format-standard","hentry","category-noticias-no-capao-redondo"],"aioseo_notices":[],"_links":{"self":[{"href":"https:\/\/www.encontracapaoredondo.com.br\/sobre\/wp-json\/wp\/v2\/posts\/534","targetHints":{"allow":["GET"]}}],"collection":[{"href":"https:\/\/www.encontracapaoredondo.com.br\/sobre\/wp-json\/wp\/v2\/posts"}],"about":[{"href":"https:\/\/www.encontracapaoredondo.com.br\/sobre\/wp-json\/wp\/v2\/types\/post"}],"author":[{"embeddable":true,"href":"https:\/\/www.encontracapaoredondo.com.br\/sobre\/wp-json\/wp\/v2\/users\/1"}],"replies":[{"embeddable":true,"href":"https:\/\/www.encontracapaoredondo.com.br\/sobre\/wp-json\/wp\/v2\/comments?post=534"}],"version-history":[{"count":0,"href":"https:\/\/www.encontracapaoredondo.com.br\/sobre\/wp-json\/wp\/v2\/posts\/534\/revisions"}],"wp:attachment":[{"href":"https:\/\/www.encontracapaoredondo.com.br\/sobre\/wp-json\/wp\/v2\/media?parent=534"}],"wp:term":[{"taxonomy":"category","embeddable":true,"href":"https:\/\/www.encontracapaoredondo.com.br\/sobre\/wp-json\/wp\/v2\/categories?post=534"},{"taxonomy":"post_tag","embeddable":true,"href":"https:\/\/www.encontracapaoredondo.com.br\/sobre\/wp-json\/wp\/v2\/tags?post=534"}],"curies":[{"name":"wp","href":"https:\/\/api.w.org\/{rel}","templated":true}]}}