{"id":527,"date":"2012-06-23T15:30:39","date_gmt":"2012-06-23T15:30:39","guid":{"rendered":"http:\/\/www.encontracapaoredondo.com.br\/noticias\/?p=527"},"modified":"2019-04-29T16:29:09","modified_gmt":"2019-04-29T19:29:09","slug":"assaltante-de-saidinha-de-banco-e-preso-no-capao-redondo","status":"publish","type":"post","link":"https:\/\/www.encontracapaoredondo.com.br\/sobre\/assaltante-de-saidinha-de-banco-e-preso-no-capao-redondo\/","title":{"rendered":"Assaltante de &#8216;saidinha de banco&#8217; \u00e9 preso no Cap\u00e3o Redondo"},"content":{"rendered":"<div class=\"8fb9da09c1a584b185d8cf81e63b5046\" data-index=\"1\" style=\"float: none; margin:0px;\">\n<!-- Anuncio display - global -->\r\n<ins class=\"adsbygoogle\"\r\n     style=\"display:block\"\r\n     data-ad-client=\"ca-pub-8585364105181520\"\r\n     data-ad-slot=\"8789329856\"\r\n     data-ad-format=\"auto\"\r\n     data-full-width-responsive=\"true\"><\/ins>\r\n<script>\r\n     (adsbygoogle = window.adsbygoogle || []).push({});\r\n<\/script>\n<\/div>\n<p>Acusado de praticar assaltos em sa\u00eddas de bancos na regi\u00e3o do \u00c9den, zona industrial de Sorocaba, Filipe Vicente de Souza Costa, 23 anos, foi preso pela DIG (Delegacia de Investiga\u00e7\u00f5es Gerais) com a participa\u00e7\u00e3o do Deic (Departamento de Investiga\u00e7\u00f5es sobre Crime Organizado), em Cap\u00e3o Redondo, S\u00e3o Paulo, ontem.<\/p>\n<p>Os policiais sorocabanos identificaram tr\u00eas pessoas que sofreram roubos entre novembro de 2011 e mar\u00e7o deste ano. Ao todo, foram levados mais de R$ 25 mil.<\/p>\n<p>Filipe agia com um primo, que est\u00e1 sendo investigado. Existe a possibilidade de uma terceira pessoa ter participado das a\u00e7\u00f5es criminosas.<\/p>\n<p>O grupo atuava da seguinte maneira: um deles ficava dentro do banco observando o movimento. Ao avistar a poss\u00edvel v\u00edtima sair da sala reservada, onde \u00e9 feito saque de valores altos, ligava para o comparsa, que estava do lado de fora da ag\u00eancia, e passava as caracter\u00edsticas. Ambos seguiam a pessoa, mostravam o rev\u00f3lver e tomavam o dinheiro.<\/p>\n<p><strong>Os casos<\/strong><br \/>\nEm mar\u00e7o, um aposentado de 63 anos foi roubado na avenida Jos\u00e9 Benedito de Lima, Jardim Piratininga, ao sair do banco com R$ 5 mil. Ele reagiu ao assalto. Um dos criminosos atirou,\u00a0 o senhor escapou do disparo por pouco, mas o dinheiro foi levado.<\/p>\n<p>Em outro caso, um casal perdeu R$ 16 mil em dezembro, na avenida Independ\u00eancia,\u00a0 \u00c9den. Eles saiam\u00a0 da ag\u00eancia e o assaltante deu uma coronhada no senhor que estava no banco de passageiro.<\/p>\n<p>J\u00e1 em novembro do ano passado, uma cabeleireira de 33 anos sacou R$ 5 mil e foi abordada no estacionamento do banco pelos indiv\u00edduos que estavam em uma motocicleta. O crime ocorreu\u00a0 na avenida Paran\u00e1, Cajuru.<\/p>\n<p><strong>Forasteiro<\/strong><br \/>\nSegundo a pol\u00edcia, Filipe veio de Cap\u00e3o Redondo, Capital, a Sorocaba\u00a0 no fim do ano passado. Ele vai responder por roubo qualificado e est\u00e1 preso no CDP (Centro de Deten\u00e7\u00e3o Provis\u00f3ria),\u00a0 bairro Aparecidinha. Se condenado, a\u00a0 pena \u00e9 de at\u00e9 15 anos.<\/p>\n<p><strong>25 mil<\/strong><br \/>\nreais foram levados pelos ladr\u00f5es<\/p>\n<p><strong>Motocicleta<\/strong><br \/>\nEra o ve\u00edculo\u00a0 usado pelos ladr\u00f5es para facilitar a fuga.<\/p>\n<p><strong>Zona industrial<\/strong><br \/>\nAs a\u00e7\u00f5es criminosas ocorriam pr\u00f3ximo \u00e0s rodovias tamb\u00e9m para facilitar a fuga<\/p>\n<p><strong>Em todos os cantos<\/strong><br \/>\nFilipe agia em todo o Estado. Moradores\u00a0 de cerca de dez munic\u00edpios foram v\u00edtimas. Algumas das cidades s\u00e3o Mat\u00e3o, S\u00e3o Carlos e Elias Fausto.<\/p>\n<p><em>Fonte: Rede Bom Dia<\/em><\/p>\n\n<div style=\"font-size: 0px; height: 0px; line-height: 0px; margin: 0; padding: 0; clear: both;\"><\/div>","protected":false},"excerpt":{"rendered":"<p>Acusado de praticar assaltos em sa\u00eddas de bancos na regi\u00e3o do \u00c9den, zona industrial de Sorocaba, Filipe Vicente de Souza Costa, 23 anos, foi preso pela DIG (Delegacia de Investiga\u00e7\u00f5es Gerais) com a participa\u00e7\u00e3o do Deic (Departamento de Investiga\u00e7\u00f5es sobre Crime Organizado), em Cap\u00e3o Redondo, S\u00e3o Paulo, ontem. Os policiais sorocabanos identificaram tr\u00eas pessoas que sofreram roubos entre novembro de 2011 e mar\u00e7o deste ano. Ao todo, foram levados mais de R$ 25 mil. Filipe agia com um primo, que est\u00e1 sendo investigado. Existe a possibilidade de uma terceira pessoa ter participado das a\u00e7\u00f5es criminosas. O grupo atuava da seguinte <\/p>\n","protected":false},"author":1,"featured_media":0,"comment_status":"open","ping_status":"closed","sticky":false,"template":"","format":"standard","meta":{"footnotes":""},"categories":[6],"tags":[],"class_list":["post-527","post","type-post","status-publish","format-standard","hentry","category-noticias-no-capao-redondo"],"aioseo_notices":[],"_links":{"self":[{"href":"https:\/\/www.encontracapaoredondo.com.br\/sobre\/wp-json\/wp\/v2\/posts\/527","targetHints":{"allow":["GET"]}}],"collection":[{"href":"https:\/\/www.encontracapaoredondo.com.br\/sobre\/wp-json\/wp\/v2\/posts"}],"about":[{"href":"https:\/\/www.encontracapaoredondo.com.br\/sobre\/wp-json\/wp\/v2\/types\/post"}],"author":[{"embeddable":true,"href":"https:\/\/www.encontracapaoredondo.com.br\/sobre\/wp-json\/wp\/v2\/users\/1"}],"replies":[{"embeddable":true,"href":"https:\/\/www.encontracapaoredondo.com.br\/sobre\/wp-json\/wp\/v2\/comments?post=527"}],"version-history":[{"count":0,"href":"https:\/\/www.encontracapaoredondo.com.br\/sobre\/wp-json\/wp\/v2\/posts\/527\/revisions"}],"wp:attachment":[{"href":"https:\/\/www.encontracapaoredondo.com.br\/sobre\/wp-json\/wp\/v2\/media?parent=527"}],"wp:term":[{"taxonomy":"category","embeddable":true,"href":"https:\/\/www.encontracapaoredondo.com.br\/sobre\/wp-json\/wp\/v2\/categories?post=527"},{"taxonomy":"post_tag","embeddable":true,"href":"https:\/\/www.encontracapaoredondo.com.br\/sobre\/wp-json\/wp\/v2\/tags?post=527"}],"curies":[{"name":"wp","href":"https:\/\/api.w.org\/{rel}","templated":true}]}}