{"id":513,"date":"2012-06-12T13:30:27","date_gmt":"2012-06-12T13:30:27","guid":{"rendered":"http:\/\/www.encontracapaoredondo.com.br\/noticias\/?p=513"},"modified":"2019-04-29T16:29:09","modified_gmt":"2019-04-29T19:29:09","slug":"saiba-mais-sobre-o-circuito-vozes-do-corpo-que-acontece-no-capao-redondo","status":"publish","type":"post","link":"https:\/\/www.encontracapaoredondo.com.br\/sobre\/saiba-mais-sobre-o-circuito-vozes-do-corpo-que-acontece-no-capao-redondo\/","title":{"rendered":"Saiba mais sobre o Circuito Vozes do Corpo que acontece no Cap\u00e3o Redondo"},"content":{"rendered":"<div class=\"8fb9da09c1a584b185d8cf81e63b5046\" data-index=\"1\" style=\"float: none; margin:0px;\">\n<!-- Anuncio display - global -->\r\n<ins class=\"adsbygoogle\"\r\n     style=\"display:block\"\r\n     data-ad-client=\"ca-pub-8585364105181520\"\r\n     data-ad-slot=\"8789329856\"\r\n     data-ad-format=\"auto\"\r\n     data-full-width-responsive=\"true\"><\/ins>\r\n<script>\r\n     (adsbygoogle = window.adsbygoogle || []).push({});\r\n<\/script>\n<\/div>\n<p>A core\u00f3grafa Gal Martins acredita que a dan\u00e7a contempor\u00e2nea \u00e9 revolucion\u00e1ria. Por isso, ela organiza, pelo terceiro ano consecutivo, o Circuito Vozes do Corpo, que leva espet\u00e1culos dessa forma de express\u00e3o para o Cap\u00e3o Redondo e outros bairros perif\u00e9ricos da zona sul de SP. \u201cA dan\u00e7a contempor\u00e2nea tem por caracter\u00edstica quebrar r\u00f3tulos. Ela veio para quebrar o bal\u00e9 cl\u00e1ssico e formas concretas. Quando a gente vem para a periferia, vem com um olhar pol\u00edtico, social, cr\u00edtico, voltado para a realidade das rela\u00e7\u00f5es humanas\u201d, explica a diretora da Companhia Sansacroma.<\/p>\n<p>Na edi\u00e7\u00e3o deste ano, 27 companhias de dan\u00e7a, incluindo grupos do Rio de Janeiro e Rio Grande do Sul, se apresentam na mostra de quatro semanas, que termina no dia 1\u00ba de julho. \u201cO circuito surgiu com a necessidade que a Companhia Sansacroma teve de fomentar a dan\u00e7a contempor\u00e2nea na periferia, principalmente no Cap\u00e3o Redondo\u201d, explica Gal. O projeto tamb\u00e9m tem o apoio da Secretaria da Cultura de S\u00e3o Paulo e do Sesc Santo Amaro.<\/p>\n<p>A car\u00eancia de programa\u00e7\u00e3o cultural nas partes mais pobres e afastadas da capital paulista \u00e9 confirmada pelo dan\u00e7arino e educador Rafael Souza. \u201cTem muita gente, principalmente o pessoal jovem, que tem vontade de aprender, vontade de ter contato com algum tipo de express\u00e3o art\u00edstica, e falta local. Tanto que quando aparece uma oportunidade, lota\u201d, ressalta. Realmente, na primeira noite do Vozes do Corpo alguns espectadores tiveram que se sentar no ch\u00e3o.<\/p>\n<p>Parte da plateia compareceu devido \u00e0s a\u00e7\u00f5es de forma\u00e7\u00e3o de p\u00fablico da companhia, que tamb\u00e9m tem um espa\u00e7o na regi\u00e3o, o Ninho Sansacroma. O trabalho de dissemina\u00e7\u00e3o dos conceitos de arte e da dan\u00e7a contempor\u00e2nea \u00e9 realizado com os professores e alunos de dez escolas da regi\u00e3o.<\/p>\n<p>As a\u00e7\u00f5es incluem ainda visitas a fam\u00edlias da comunidade. \u201cPara falar de arte e cultura. [Perguntar] se eles conhecem as programa\u00e7\u00f5es culturais da regi\u00e3o e por que n\u00e3o frequentam &#8211; se n\u00e3o conhecem ou n\u00e3o querem. Ent\u00e3o, come\u00e7amos a realizar esse diagn\u00f3stico e a divulgar tudo que acontece na regi\u00e3o, principalmente no nosso espa\u00e7o\u201d, explica a diretora do projeto.<\/p>\n<p>O pedreiro Francisco Ara\u00fajo, de 39 anos, foi um dos que conheceram o projeto pelas atividades desenvolvidas nas escolas. Quando jovem, abandonou os estudos para trabalhar na ro\u00e7a. \u201c Preferia mais trabalhar no ro\u00e7ado do que estudar e hoje estou aqui, depois de velho, quebrando a cabe\u00e7a e tentando aprender um pouco\u201d. O espet\u00e1culo Dimens\u00e3o Oculta, que abriu o circuito, foi a primeira apresenta\u00e7\u00e3o de dan\u00e7a que Ara\u00fajo viu.<\/p>\n<p>Ap\u00f3s a performance, o p\u00fablico pode conversar e fazer perguntas aos artistas da companhia, como Cl\u00e1udia de Souza, respons\u00e1vel pela apresenta\u00e7\u00e3o da noite. \u201cNos espet\u00e1culos que a gente realiza aqui, sempre fazemos um bate-papo depois para saber quais foram as impress\u00f5es que o p\u00fablico teve do trabalho e para que eles possam trocar com os artistas todo o processo de constru\u00e7\u00e3o\u201d, conta Gal. Ap\u00f3s a primeira apresenta\u00e7\u00e3o do circuito, a plateia perguntou sobre os conceitos envolvendo o espet\u00e1culo, quis saber se \u00e9 poss\u00edvel viver de dan\u00e7a e como os artistas faziam para manter o corpo em forma.<\/p>\n<p>A diretora do Sansacroma explica que as conversas e as a\u00e7\u00f5es na comunidade ajudam a aproximar as pessoas da linguagem da dan\u00e7a contempor\u00e2nea.\u201dQuando eles v\u00eam assistir da primeira vez h\u00e1 um estranhamento, uma coisa do tipo: isso n\u00e3o pertence a mim, prefiro ouvir meu rap, meu samba&#8217;\u201d, destaca. \u201cDepois que se desenvolve, existe esse processo de frui\u00e7\u00e3o, a\u00ed muda um pouco o olhar\u201d, completa.<\/p>\n<p><em>Fonte: Jornal do Brasil<\/em><\/p>\n\n<div style=\"font-size: 0px; height: 0px; line-height: 0px; margin: 0; padding: 0; clear: both;\"><\/div>","protected":false},"excerpt":{"rendered":"<p>A core\u00f3grafa Gal Martins acredita que a dan\u00e7a contempor\u00e2nea \u00e9 revolucion\u00e1ria. Por isso, ela organiza, pelo terceiro ano consecutivo, o Circuito Vozes do Corpo, que leva espet\u00e1culos dessa forma de express\u00e3o para o Cap\u00e3o Redondo e outros bairros perif\u00e9ricos da zona sul de SP. \u201cA dan\u00e7a contempor\u00e2nea tem por caracter\u00edstica quebrar r\u00f3tulos. Ela veio para quebrar o bal\u00e9 cl\u00e1ssico e formas concretas. Quando a gente vem para a periferia, vem com um olhar pol\u00edtico, social, cr\u00edtico, voltado para a realidade das rela\u00e7\u00f5es humanas\u201d, explica a diretora da Companhia Sansacroma. Na edi\u00e7\u00e3o deste ano, 27 companhias de dan\u00e7a, incluindo grupos do <\/p>\n","protected":false},"author":1,"featured_media":0,"comment_status":"open","ping_status":"closed","sticky":false,"template":"","format":"standard","meta":{"footnotes":""},"categories":[6],"tags":[],"class_list":["post-513","post","type-post","status-publish","format-standard","hentry","category-noticias-no-capao-redondo"],"aioseo_notices":[],"_links":{"self":[{"href":"https:\/\/www.encontracapaoredondo.com.br\/sobre\/wp-json\/wp\/v2\/posts\/513","targetHints":{"allow":["GET"]}}],"collection":[{"href":"https:\/\/www.encontracapaoredondo.com.br\/sobre\/wp-json\/wp\/v2\/posts"}],"about":[{"href":"https:\/\/www.encontracapaoredondo.com.br\/sobre\/wp-json\/wp\/v2\/types\/post"}],"author":[{"embeddable":true,"href":"https:\/\/www.encontracapaoredondo.com.br\/sobre\/wp-json\/wp\/v2\/users\/1"}],"replies":[{"embeddable":true,"href":"https:\/\/www.encontracapaoredondo.com.br\/sobre\/wp-json\/wp\/v2\/comments?post=513"}],"version-history":[{"count":0,"href":"https:\/\/www.encontracapaoredondo.com.br\/sobre\/wp-json\/wp\/v2\/posts\/513\/revisions"}],"wp:attachment":[{"href":"https:\/\/www.encontracapaoredondo.com.br\/sobre\/wp-json\/wp\/v2\/media?parent=513"}],"wp:term":[{"taxonomy":"category","embeddable":true,"href":"https:\/\/www.encontracapaoredondo.com.br\/sobre\/wp-json\/wp\/v2\/categories?post=513"},{"taxonomy":"post_tag","embeddable":true,"href":"https:\/\/www.encontracapaoredondo.com.br\/sobre\/wp-json\/wp\/v2\/tags?post=513"}],"curies":[{"name":"wp","href":"https:\/\/api.w.org\/{rel}","templated":true}]}}