{"id":505,"date":"2012-05-29T17:02:27","date_gmt":"2012-05-29T17:02:27","guid":{"rendered":"http:\/\/www.encontracapaoredondo.com.br\/noticias\/?p=505"},"modified":"2019-04-29T16:29:10","modified_gmt":"2019-04-29T19:29:10","slug":"mostra-de-danca-contemporanea-reune-espetaculos-performances-e-workshops-no-capao-redondo","status":"publish","type":"post","link":"https:\/\/www.encontracapaoredondo.com.br\/sobre\/mostra-de-danca-contemporanea-reune-espetaculos-performances-e-workshops-no-capao-redondo\/","title":{"rendered":"Mostra de dan\u00e7a contempor\u00e2nea re\u00fane espet\u00e1culos, performances e workshops no Cap\u00e3o Redondo"},"content":{"rendered":"<div class=\"8fb9da09c1a584b185d8cf81e63b5046\" data-index=\"1\" style=\"float: none; margin:0px;\">\n<!-- Anuncio display - global -->\r\n<ins class=\"adsbygoogle\"\r\n     style=\"display:block\"\r\n     data-ad-client=\"ca-pub-8585364105181520\"\r\n     data-ad-slot=\"8789329856\"\r\n     data-ad-format=\"auto\"\r\n     data-full-width-responsive=\"true\"><\/ins>\r\n<script>\r\n     (adsbygoogle = window.adsbygoogle || []).push({});\r\n<\/script>\n<\/div>\n<p>A dan\u00e7a contempor\u00e2nea rompe com as molduras cl\u00e1ssicas. N\u00e3o tem t\u00e9cnicas espec\u00edficas nem um &#8220;corpo ideal&#8221;. Inova nas tem\u00e1ticas e na rela\u00e7\u00e3o com os espa\u00e7os e outras artes. Nascida nos anos 60 nos EUA, surge no seguimento da dan\u00e7a moderna, na medida em que pretende tamb\u00e9m romper com os moldes r\u00edgidos da dan\u00e7a cl\u00e1ssica. A contempor\u00e2nea modificou as posi\u00e7\u00f5es do ballet, tirou as sapatilhas das bailarinas. A ess\u00eancia de ruptura ainda vive na atualidade, por\u00e9m, com novos desafios. Hoje, ela prova que as barreiras existentes entre o centro e a periferia das cidades tamb\u00e9m podem ser derrubadas. A ferramenta: a\u00e7\u00f5es de interc\u00e2mbio cultural que unam \u201cos dois lados da ponte\u201d.<\/p>\n<p>\u00c9 isso que se v\u00ea no III CIRCUITO VOZES DO CORPO, mostra de dan\u00e7a contempor\u00e2nea que tem realiza\u00e7\u00e3o e apoio do SESCSP, e ocorre entre os dias 05 de junho e 1\u00ba de julho de 2012, no Ninho Sansacroma, no bairro do Cap\u00e3o Redondo, bairro paulistano. A maratona cultural inclui 27 companhias de S\u00e3o Paulo (capital e interior), Rio de Janeiro e Rio Grande do Sul, al\u00e9m de workshops e debates com profissionais da dan\u00e7a. O projeto tem o apoio do Programa de A\u00e7\u00e3o Cultural \u2013 Proac (2011) da Secretaria Estadual de Cultura de S\u00e3o Paulo, Sesc Santo Amaro e organiza\u00e7\u00e3o da Cia. Sansacroma e todas as atividades t\u00eam entrada franca.<\/p>\n<p>\u201c\u00c9 o \u00fanico festival de dan\u00e7a que acontece na periferia. Privilegiamos, e muito, a diversidade est\u00e9tica e regional dos grupos. Trata-se de um evento onde podemos reunir companhias locais e de outras cidades, e perceber como eles se veem juntos na periferia de S\u00e3o Paulo, como eles enxergam juntos o Cap\u00e3o Redondo\u201d, explica\u00a0 Gal Martins, diretora art\u00edstica do III Circuito Vozes do Corpo. Segundo a diretora, a organiza\u00e7\u00e3o conseguiu duplicar o n\u00famero de participa\u00e7\u00f5es em 2012 e a expectativa com o p\u00fablico tamb\u00e9m aumenta na mesma propor\u00e7\u00e3o. \u201cAno passado tivemos um bom n\u00famero de p\u00fablico que n\u00e3o era da regi\u00e3o do Cap\u00e3o Redondo, e a tend\u00eancia \u00e9 que aumente, pois temos companhias importantes do cen\u00e1rio atual participando, al\u00e9m de artistas de outros estados, o que desperta a curiosidade das pessoas em conhecer e prestigiar\u201d, complementa Gal, que destaca grupos provenientes de cidades como Campinas, Araraquara e Itapecerica da Serra, al\u00e9m de ter na programa\u00e7\u00e3o companhias premiadas como a Fragmentos e a Mariana Muniz.<\/p>\n<p><strong>Ruas e at\u00e9 o Poupatempo vira palco para espet\u00e1culos<\/strong><br \/>\nO III Circuito Vozes do Corpo est\u00e1 dividido em tr\u00eas categorias: Mostra Local, Mostra de Rua e Espet\u00e1culos. Na Mostra Local, grupos da regi\u00e3o do Cap\u00e3o Redondo e adjac\u00eancias colocam no palco toda a diversidade de temas e estilos. A Mostra de Rua vai acontecer entre as esta\u00e7\u00f5es da Linha Lil\u00e1s do <a title=\"Metr\u00f4 Cap\u00e3o Redondo\" href=\"http:\/\/www.encontracapaoredondo.com.br\/capao-redondo\/estacao-capao-redondo.shtml\" target=\"_blank\">Metr\u00f4 Cap\u00e3o Redondo<\/a> e Largo 13, uns dos principais centros comerciais da zona sul de S\u00e3o Paulo. Locais como Poupatempo, Terminal Santo Amaro e o pr\u00f3prio Metr\u00f4 ser\u00e3o utilizados como espa\u00e7o para performances. \u201dEscolhemos estes locais justamente porque as pessoas nunca pensariam em assistir um espet\u00e1culo de dan\u00e7a em lugar utilizado para transporte ou de retirada de documentos\u201d, ressalta Gal Martins. A categoriaEspet\u00e1culos abrange a dan\u00e7a de grupos, solos, duos e trios e vai\u00a0 acontecer nas depend\u00eancias do Ninho Sansacroma\u00a0 e no SESC Santo Amaro.<\/p>\n<p>O III Circuito Vozes do Corpo receber\u00e1 tamb\u00e9m profissionais da dan\u00e7a para workshops e debates, s\u00e3o os Encontros de Forma\u00e7\u00e3o, em que o objetivo \u00e9 elevar a forma\u00e7\u00e3o e qualifica\u00e7\u00e3o art\u00edstica. As atividades acontecer\u00e3o\u00a0 no\u00a0 Ninho\u00a0 Sansacroma e no Sesc Santo Amaro e reunir\u00e1 alguns nomes como o de Marcos Moraes, que abordar\u00e1 Economia da Dan\u00e7a, Marco Lima, que compartilhar\u00e1 informa\u00e7\u00f5es sobre Figurinos e Adere\u00e7os e Celso Nascimento, que desvendar\u00e1 detalhes sobre Trilha Sonora.<\/p>\n<p><strong>PROGRAMA\u00c7\u00c3O<\/strong><br \/>\nMostra Interna &#8211; Ter\u00e7a-feira, dia 05 de junho de 2012<br \/>\nDimens\u00e3o Oculta (Cia. Dan\u00e7as Cl\u00e1udia de Souza)<br \/>\nyoutube.com\/watch?v=k2efv0GWBjk<br \/>\nInspirado em id\u00e9ias e textos do antrop\u00f3logo americano Edward T. Hall, conhecido por suas pesquisas sobre comunica\u00e7\u00e3o intercultural, \u201cDimens\u00e3o Oculta\u201d \u00e9 um trabalho de explora\u00e7\u00e3o das rela\u00e7\u00f5es corporais, sob uma \u00f3tica biol\u00f3gica, espaciais e sensoriais.<\/p>\n<p><strong>Hor\u00e1rio: 20h Local: Ninho Sansacroma<\/strong><\/p>\n<p>Mostra de Rua &#8211;\u00a0 Quarta-feira, 06 de junho de 2012<br \/>\nInstru\u00e7\u00f5es para Subir uma escada (Liga da Dan\u00e7a Dura)<br \/>\nyoutube.com\/watch?v=fszMqMhdi3I<\/p>\n<p>Projeto de Resid\u00eancia Art\u00edstico realizado na Casa das Caldeiras. Pesquisamos dan\u00e7a contempor\u00e2nea e humor a partir do conto &#8220;Instru\u00e7\u00f5es para subir uma escada&#8221; de Julio Cort\u00e1zar, contido no livro Hist\u00f3rias de Cron\u00f3pios e Famas.<\/p>\n<p><strong>Hor\u00e1rio: 17h Local: Terminal Santo Amaro<\/strong><\/p>\n<p>Mostra Espet\u00e1culos (Solos, Duos,Trios) \u2013 Quarta-feira, 06 de junho de2012<br \/>\nFlex! (de Rog\u00e9rio Salatine)<br \/>\nyoutube.com\/watch?v=KtDF9ots4sQ<\/p>\n<p>Na estrutura do solo, a pesquisa foi direcionada para a cria\u00e7\u00e3o de imagens de tens\u00e3o e solid\u00e3o, inspirado pelas leituras dos livros \u201cAmor L\u00edquido\u201d (Jorge Zahar Editor, 2003) e \u201cVidas Desperdi\u00e7adas\u201d (Jorge Zahar Editor, 2004), do soci\u00f3logo polon\u00eas Zygmunt Bauman, e em procedimentos de desenhar linhas no espa\u00e7o, aprisionamentos para o corpo, uma movimenta\u00e7\u00e3o de choques e tens\u00f5es, e ainda em busca de uma est\u00e9tica pop.<\/p>\n<p><strong>Hor\u00e1rio: 20h Local: Ninho Sansacroma<\/strong><\/p>\n<p>Mostra Espet\u00e1culos (Solos, Duos,Trios) \u2013 Quarta-feira, 06 de junho de 2012<br \/>\nInfluxos (da Cia. N\u00f3sl\u00e1emcasa)<br \/>\nO espet\u00e1culo prop\u00f5e um di\u00e1logo em que bailarina e m\u00fasico constroem a dramaturgia pela conex\u00e3o entre o movimento dan\u00e7ado, o movimento sonoro, o movimento luminoso, e a plasticidade sonora \/cenogr\u00e1fica, considerando a permeabilidade, a interpenetra\u00e7\u00e3o e a inter-rela\u00e7\u00e3o de uma potencialidade em outra.<\/p>\n<p><strong>Hor\u00e1rio: 20h30 Local: Ninho Sansacroma<\/strong><\/p>\n<p>Mostra Local\u00a0 &#8211; Quinta-feira, 07 de junho de 2012<br \/>\nN\u00e3o d\u00e1 P\u00e9 (da Cia. de Emerg\u00eancia)<br \/>\nHor\u00e1rio: 20h Local: Ninho Sansacroma<\/p>\n<p>Mostra de Rua \u2013 Sexta-feira, 08 de junho de 2012<br \/>\nTrav\u00e8ssa (N\u00facleo de Garagem)<br \/>\nyoutube.com\/watch?v=mZBNBixtti0<\/p>\n<p>Este \u00e9 um projeto de resid\u00eancia continuada do N\u00facleo de Garagem. Atualmente residindo na garagem de um de seus integrantes, \u00e9 neste espa\u00e7o que estamos desenvolvendo processualmente nossa habita\u00e7\u00e3o po\u00e9tica. Trav\u00e8ssa foi realizado em tr\u00eas lugares de S\u00e3o Paulo: Garagem de resid\u00eancia do grupo, Museu de Arte de S\u00e3o Paulo &#8211; MASP e Escadaria do Beco Tim Maia na Vila Madalena.<\/p>\n<p><strong>Hor\u00e1rio: 17h Local: Poupatempo Santo Amaro<\/strong><\/p>\n<p>Mostra Espet\u00e1culo (Solos, Duos, Trios) \u2013 Sexta-feira, 08 de junho de 2012<br \/>\nViral (do Grupo Gestus)<br \/>\nyoutube.com\/watch?v=eQsDFfkyD3Q<\/p>\n<p>\u201cViral\u201d, do core\u00f3grafo Mario Nascimento, aborda processos mnem\u00f4nicos \u2013 aqueles que auxiliam na memoriza\u00e7\u00e3o e que s\u00e3o tratados como processos contaminat\u00f3rios de movimentos de outro bailarino. O que a mem\u00f3ria seleciona \u00e9 um dos fios condutores de Viral. Como nos contaminamos com as ideias dos outros? Como passamos isso adiante? Como mudamos os percursos? Quando a contamina\u00e7\u00e3o cessa? Quest\u00f5es como estas atravessam a cena e se evidenciam na constru\u00e7\u00e3o coreogr\u00e1fica do grupo.<\/p>\n<p><strong>Hor\u00e1rio: 20h Local: Ninho Sansacroma<\/strong><\/p>\n<p>Mostra de Rua \u2013 S\u00e1bado, 09 de junho de 2012<br \/>\nBolero de 4 (de Jo\u00e3o Rafael)<br \/>\nyoutube.com\/watch?v=jgEHqRur4Mk<\/p>\n<p>Como unir a pr\u00e1tica esportiva com a dan\u00e7a contempor\u00e2nea? Uma mistura inusitada, que para alguns pode parecer insustent\u00e1vel, mas que resultou no solo Bolero de 4. O int\u00e9rprete-criador Jo\u00e3o Rafael Neto elabora uma performance com sua bicicleta BMX, desenvolvendo uma linguagem pr\u00f3pria, que desloca o esporte para o ambiente art\u00edstico e vice-versa. Jo\u00e3o Rafael pesquisa o hibridismo entre as t\u00e9cnicas de movimento, as novas tecnologias e os esportes urbanos, pilares para a sua cria\u00e7\u00e3o coreogr\u00e1fica<\/p>\n<p><strong>Hor\u00e1rio: 16h Local: Metr\u00f4 Cap\u00e3o Redondo<\/strong><\/p>\n<p>Mostra Interna \u2013 S\u00e1bado, 09 de junho de 2012<br \/>\nSal\u00e3o e Das Oito (da Cia. Fawask)<\/p>\n<p>Espet\u00e1culo de dan\u00e7a composto por duas pe\u00e7as que tratam de temas distintos. Sal\u00e3o tem refer\u00eancias do filme Le Bal, de Ettore Scola e trata sobre as rela\u00e7\u00f5es entre dois casais num ambiente que remete a um antigo sal\u00e3o de baile. Das Oito \u00e9 constru\u00eddo a partir de imagens e s\u00edmbolos que representam aspectos da atual condi\u00e7\u00e3o da mulher na sociedade. O espet\u00e1culo, com dura\u00e7\u00e3o aproximada de 55min, aborda quest\u00f5es humanas essenciais, revelando atrav\u00e9s da linguagem do movimento esses dois universos.<\/p>\n<p><strong>Hor\u00e1rio: 20h Local: Ninho Sansacroma<\/strong><\/p>\n<p>Mostra Interna \u2013 Domingo, 10 de junho de 2012<br \/>\nNuvens Insetos (Cia. Fragmento de Dan\u00e7a)<br \/>\nyoutube.com\/watch?v=GefG9KYIANM<\/p>\n<p>Durante o processo criativo foram utilizados diversos fragmentos de cartas famosas como as de Frida Kahlo e Kurt Coubain, al\u00e9m de cartas coletadas durante a temporada de outro espet\u00e1culo da companhia em 2011, onde surgiram conte\u00fados de confiss\u00f5es, rela\u00e7\u00f5es de intimidade, despedidas, solid\u00e3o e aus\u00eancia.<\/p>\n<p><strong>Hor\u00e1rio: 19h Local: Ninho Sansacroma<\/strong><\/p>\n<p><strong>Servi\u00e7o: <\/strong><\/p>\n<p>Ninho Sansacroma: Rua Dr. Lu\u00eds da Fonseca, 248 \u2013 Parque Maria Helena \u2013 Cap\u00e3o Redondo (100mts do Metr\u00f4 Cap\u00e3o) Tel de informa\u00e7\u00f5es: 011 5511-0055<\/p>\n<p>Poupatempo Santo Amaro: Rua Amador Bueno, 176\/258 &#8211; S\u00e3o Paulo &#8211; SP (pr\u00f3ximo ao Largo Treze de maio)<\/p>\n<p>Terminal Santo Amaro &#8211; Avenida Padre Jos\u00e9 Maria, 400, Santo Amaro, S\u00e3o Paulo, SP<\/p>\n<p>Metr\u00f4 Cap\u00e3o Redondo &#8211; Av. Carlos Caldeira Filho, 4261, S\u00e3o Paulo, SP<\/p>\n\n<div style=\"font-size: 0px; height: 0px; line-height: 0px; margin: 0; padding: 0; clear: both;\"><\/div>","protected":false},"excerpt":{"rendered":"<p>A dan\u00e7a contempor\u00e2nea rompe com as molduras cl\u00e1ssicas. N\u00e3o tem t\u00e9cnicas espec\u00edficas nem um &#8220;corpo ideal&#8221;. Inova nas tem\u00e1ticas e na rela\u00e7\u00e3o com os espa\u00e7os e outras artes. Nascida nos anos 60 nos EUA, surge no seguimento da dan\u00e7a moderna, na medida em que pretende tamb\u00e9m romper com os moldes r\u00edgidos da dan\u00e7a cl\u00e1ssica. A contempor\u00e2nea modificou as posi\u00e7\u00f5es do ballet, tirou as sapatilhas das bailarinas. A ess\u00eancia de ruptura ainda vive na atualidade, por\u00e9m, com novos desafios. Hoje, ela prova que as barreiras existentes entre o centro e a periferia das cidades tamb\u00e9m podem ser derrubadas. A ferramenta: a\u00e7\u00f5es <\/p>\n","protected":false},"author":1,"featured_media":0,"comment_status":"open","ping_status":"closed","sticky":false,"template":"","format":"standard","meta":{"footnotes":""},"categories":[6],"tags":[],"class_list":["post-505","post","type-post","status-publish","format-standard","hentry","category-noticias-no-capao-redondo"],"aioseo_notices":[],"_links":{"self":[{"href":"https:\/\/www.encontracapaoredondo.com.br\/sobre\/wp-json\/wp\/v2\/posts\/505","targetHints":{"allow":["GET"]}}],"collection":[{"href":"https:\/\/www.encontracapaoredondo.com.br\/sobre\/wp-json\/wp\/v2\/posts"}],"about":[{"href":"https:\/\/www.encontracapaoredondo.com.br\/sobre\/wp-json\/wp\/v2\/types\/post"}],"author":[{"embeddable":true,"href":"https:\/\/www.encontracapaoredondo.com.br\/sobre\/wp-json\/wp\/v2\/users\/1"}],"replies":[{"embeddable":true,"href":"https:\/\/www.encontracapaoredondo.com.br\/sobre\/wp-json\/wp\/v2\/comments?post=505"}],"version-history":[{"count":0,"href":"https:\/\/www.encontracapaoredondo.com.br\/sobre\/wp-json\/wp\/v2\/posts\/505\/revisions"}],"wp:attachment":[{"href":"https:\/\/www.encontracapaoredondo.com.br\/sobre\/wp-json\/wp\/v2\/media?parent=505"}],"wp:term":[{"taxonomy":"category","embeddable":true,"href":"https:\/\/www.encontracapaoredondo.com.br\/sobre\/wp-json\/wp\/v2\/categories?post=505"},{"taxonomy":"post_tag","embeddable":true,"href":"https:\/\/www.encontracapaoredondo.com.br\/sobre\/wp-json\/wp\/v2\/tags?post=505"}],"curies":[{"name":"wp","href":"https:\/\/api.w.org\/{rel}","templated":true}]}}