{"id":487,"date":"2012-05-11T14:31:41","date_gmt":"2012-05-11T14:31:41","guid":{"rendered":"http:\/\/www.encontracapaoredondo.com.br\/noticias\/?p=487"},"modified":"2019-04-29T16:29:11","modified_gmt":"2019-04-29T19:29:11","slug":"capao-redondo-fara-parte-do-projeto-cine-favela-2012","status":"publish","type":"post","link":"https:\/\/www.encontracapaoredondo.com.br\/sobre\/capao-redondo-fara-parte-do-projeto-cine-favela-2012\/","title":{"rendered":"Cap\u00e3o Redondo far\u00e1 parte do projeto Cine Favela 2012"},"content":{"rendered":"<div class=\"8fb9da09c1a584b185d8cf81e63b5046\" data-index=\"1\" style=\"float: none; margin:0px;\">\n<!-- Anuncio display - global -->\r\n<ins class=\"adsbygoogle\"\r\n     style=\"display:block\"\r\n     data-ad-client=\"ca-pub-8585364105181520\"\r\n     data-ad-slot=\"8789329856\"\r\n     data-ad-format=\"auto\"\r\n     data-full-width-responsive=\"true\"><\/ins>\r\n<script>\r\n     (adsbygoogle = window.adsbygoogle || []).push({});\r\n<\/script>\n<\/div>\n<p>O 7\u00ba Festival Cine Favela de Cinema est\u00e1 co incri\u00e7\u00f5es para a Mostra Competitiva abertas. O tema \u00e9 livre e os interessados podem se inscrever at\u00e9 o dia 31 de agosto. As informa\u00e7\u00f5es e procedimentos est\u00e3o dispon\u00edveis no site do Festival, festivalcinefavela.com.br. A dire\u00e7\u00e3o e curadoria do evento s\u00e3o assinadas por Daniel Gaggini.<\/p>\n<p>Podem participar filmes de qualquer g\u00eanero e formato com dura\u00e7\u00e3o de at\u00e9 90 minutos (incluindo tempo dos cr\u00e9ditos), que tenham sido realizados a partir de 2010. O melhor filme, eleito pelo p\u00fablico, receber\u00e1 pr\u00eamio em dinheiro (R$ 3.000,00).<\/p>\n<p><strong>O Festival Cine Favela<\/strong> \u2013 idealizado pela Associa\u00e7\u00e3o Cine Favela e com realiza\u00e7\u00e3o da produtora MUK \u2013 \u00e9 voltado exclusivamente \u00e0 difus\u00e3o de filmes realizados por ONGs, Associa\u00e7\u00f5es, Coletivos Art\u00edsticos e Periferias, tra\u00e7ando um panorama do cinema perif\u00e9rico produzido na Am\u00e9rica Latina.<\/p>\n<p>Em 2012, a mostra acontecer\u00e1 de 20 de outubro a 12 de novembro e ter\u00e1 como tema central a Am\u00e9rica Latina. As exibi\u00e7\u00f5es e atividades ocorrer\u00e3o nas Comunidades de Heli\u00f3polis, Parais\u00f3polis, guia Cidade Tiradentes e Cap\u00e3o Redondo, al\u00e9m de Esta\u00e7\u00f5es do Metr\u00f4, Escolas P\u00fablicas, Entidades de Reabilita\u00e7\u00e3o e unidades do SESC-SP.<\/p>\n<p>Outra novidade \u00e9 a parceria firmada entre o Festival e o Portal Tela Brasil, o primeiro portal brasileiro de ensino de arte audiovisual, idealizado pela cineasta La\u00eds Bodanzky, o que permitir\u00e1 maior interatividade com o p\u00fablico.<\/p>\n<p>O projeto Cine Favela foi fundado em 2003 por um grupo de moradores da Comunidade de Heli\u00f3polis\/SP, sendo idealizado por Reginaldo de T\u00falio e Geneci Ledo de T\u00falio, com o prop\u00f3sito de capacitar e promover a inclus\u00e3o sociocultural de jovens por meio do cinema. Nos \u00faltimos tr\u00eas anos tem dire\u00e7\u00e3o geral e curadoria de Daniel Gaggini, dire\u00e7\u00e3o de produ\u00e7\u00e3o de Fl\u00e1via Tonalezi e design gr\u00e1fico de Patr\u00edcia Cividanes.<\/p>\n<p>Mais informa\u00e7\u00f5es sobre o projeto em cinefavela.org.br.<\/p>\n<p><em>Fonte: Visto Livre<\/em><\/p>\n\n<div style=\"font-size: 0px; height: 0px; line-height: 0px; margin: 0; padding: 0; clear: both;\"><\/div>","protected":false},"excerpt":{"rendered":"<p>O 7\u00ba Festival Cine Favela de Cinema est\u00e1 co incri\u00e7\u00f5es para a Mostra Competitiva abertas. O tema \u00e9 livre e os interessados podem se inscrever at\u00e9 o dia 31 de agosto. As informa\u00e7\u00f5es e procedimentos est\u00e3o dispon\u00edveis no site do Festival, festivalcinefavela.com.br. A dire\u00e7\u00e3o e curadoria do evento s\u00e3o assinadas por Daniel Gaggini. Podem participar filmes de qualquer g\u00eanero e formato com dura\u00e7\u00e3o de at\u00e9 90 minutos (incluindo tempo dos cr\u00e9ditos), que tenham sido realizados a partir de 2010. O melhor filme, eleito pelo p\u00fablico, receber\u00e1 pr\u00eamio em dinheiro (R$ 3.000,00). O Festival Cine Favela \u2013 idealizado pela Associa\u00e7\u00e3o Cine <\/p>\n","protected":false},"author":1,"featured_media":0,"comment_status":"open","ping_status":"closed","sticky":false,"template":"","format":"standard","meta":{"footnotes":""},"categories":[6],"tags":[],"class_list":["post-487","post","type-post","status-publish","format-standard","hentry","category-noticias-no-capao-redondo"],"aioseo_notices":[],"_links":{"self":[{"href":"https:\/\/www.encontracapaoredondo.com.br\/sobre\/wp-json\/wp\/v2\/posts\/487","targetHints":{"allow":["GET"]}}],"collection":[{"href":"https:\/\/www.encontracapaoredondo.com.br\/sobre\/wp-json\/wp\/v2\/posts"}],"about":[{"href":"https:\/\/www.encontracapaoredondo.com.br\/sobre\/wp-json\/wp\/v2\/types\/post"}],"author":[{"embeddable":true,"href":"https:\/\/www.encontracapaoredondo.com.br\/sobre\/wp-json\/wp\/v2\/users\/1"}],"replies":[{"embeddable":true,"href":"https:\/\/www.encontracapaoredondo.com.br\/sobre\/wp-json\/wp\/v2\/comments?post=487"}],"version-history":[{"count":0,"href":"https:\/\/www.encontracapaoredondo.com.br\/sobre\/wp-json\/wp\/v2\/posts\/487\/revisions"}],"wp:attachment":[{"href":"https:\/\/www.encontracapaoredondo.com.br\/sobre\/wp-json\/wp\/v2\/media?parent=487"}],"wp:term":[{"taxonomy":"category","embeddable":true,"href":"https:\/\/www.encontracapaoredondo.com.br\/sobre\/wp-json\/wp\/v2\/categories?post=487"},{"taxonomy":"post_tag","embeddable":true,"href":"https:\/\/www.encontracapaoredondo.com.br\/sobre\/wp-json\/wp\/v2\/tags?post=487"}],"curies":[{"name":"wp","href":"https:\/\/api.w.org\/{rel}","templated":true}]}}