{"id":483,"date":"2012-05-03T15:48:58","date_gmt":"2012-05-03T15:48:58","guid":{"rendered":"http:\/\/www.encontracapaoredondo.com.br\/noticias\/?p=483"},"modified":"2019-04-29T16:29:11","modified_gmt":"2019-04-29T19:29:11","slug":"confira-programacao-no-ceu-capao-redondo-durante-a-virada-cultural","status":"publish","type":"post","link":"https:\/\/www.encontracapaoredondo.com.br\/sobre\/confira-programacao-no-ceu-capao-redondo-durante-a-virada-cultural\/","title":{"rendered":"Confira programa\u00e7\u00e3o no CEU Cap\u00e3o Redondo durante a Virada Cultural"},"content":{"rendered":"<div class=\"8fb9da09c1a584b185d8cf81e63b5046\" data-index=\"1\" style=\"float: none; margin:0px;\">\n<!-- Anuncio display - global -->\r\n<ins class=\"adsbygoogle\"\r\n     style=\"display:block\"\r\n     data-ad-client=\"ca-pub-8585364105181520\"\r\n     data-ad-slot=\"8789329856\"\r\n     data-ad-format=\"auto\"\r\n     data-full-width-responsive=\"true\"><\/ins>\r\n<script>\r\n     (adsbygoogle = window.adsbygoogle || []).push({});\r\n<\/script>\n<\/div>\n<p>A Virada Cultural \u00e9 a festa de rua da cidade de S\u00e3o Paulo.<\/p>\n<p>Um evento gratuito que atrai anualmente um p\u00fablico circulante de milh\u00f5es de pessoas durante 24 horas de programa\u00e7\u00e3o cultural ininterrupta.<\/p>\n<p>Organizada pela Secretaria Municipal de Cultura, este encontro cultural re\u00fane as diferentes classes sociais, todas as faixas et\u00e1rias, in\u00fameras tribos, numerosas plat\u00e9ias, todos os hor\u00e1rios.<\/p>\n<p><strong>Confira a Programa\u00e7\u00e3o no <a title=\"CEU Cap\u00e3o Redondo\" href=\"http:\/\/www.encontracapaoredondo.com.br\/capao-redondo\/ceu-capao-redondo.shtml\">CEU Cap\u00e3o Redondo<\/a>:<br \/>\n<\/strong><br \/>\n18h00 \u2022 Pagode Gospel \u2013 Grupo Humus<\/p>\n<p>10h00 \u2022 Espet\u00e1culo Teatral \u2013 Grupo Ceu Cap\u00e3o Redondo<strong><\/strong><\/p>\n<p><em>Fonte: Virada Cultural<\/em><strong><\/strong><\/p>\n<p>&nbsp;<\/p>\n\n<div style=\"font-size: 0px; height: 0px; line-height: 0px; margin: 0; padding: 0; clear: both;\"><\/div>","protected":false},"excerpt":{"rendered":"<p>A Virada Cultural \u00e9 a festa de rua da cidade de S\u00e3o Paulo. Um evento gratuito que atrai anualmente um p\u00fablico circulante de milh\u00f5es de pessoas durante 24 horas de programa\u00e7\u00e3o cultural ininterrupta. Organizada pela Secretaria Municipal de Cultura, este encontro cultural re\u00fane as diferentes classes sociais, todas as faixas et\u00e1rias, in\u00fameras tribos, numerosas plat\u00e9ias, todos os hor\u00e1rios. Confira a Programa\u00e7\u00e3o no CEU Cap\u00e3o Redondo: 18h00 \u2022 Pagode Gospel \u2013 Grupo Humus 10h00 \u2022 Espet\u00e1culo Teatral \u2013 Grupo Ceu Cap\u00e3o Redondo Fonte: Virada Cultural &nbsp;<\/p>\n","protected":false},"author":1,"featured_media":0,"comment_status":"open","ping_status":"closed","sticky":false,"template":"","format":"standard","meta":{"footnotes":""},"categories":[6],"tags":[],"class_list":["post-483","post","type-post","status-publish","format-standard","hentry","category-noticias-no-capao-redondo"],"aioseo_notices":[],"_links":{"self":[{"href":"https:\/\/www.encontracapaoredondo.com.br\/sobre\/wp-json\/wp\/v2\/posts\/483","targetHints":{"allow":["GET"]}}],"collection":[{"href":"https:\/\/www.encontracapaoredondo.com.br\/sobre\/wp-json\/wp\/v2\/posts"}],"about":[{"href":"https:\/\/www.encontracapaoredondo.com.br\/sobre\/wp-json\/wp\/v2\/types\/post"}],"author":[{"embeddable":true,"href":"https:\/\/www.encontracapaoredondo.com.br\/sobre\/wp-json\/wp\/v2\/users\/1"}],"replies":[{"embeddable":true,"href":"https:\/\/www.encontracapaoredondo.com.br\/sobre\/wp-json\/wp\/v2\/comments?post=483"}],"version-history":[{"count":0,"href":"https:\/\/www.encontracapaoredondo.com.br\/sobre\/wp-json\/wp\/v2\/posts\/483\/revisions"}],"wp:attachment":[{"href":"https:\/\/www.encontracapaoredondo.com.br\/sobre\/wp-json\/wp\/v2\/media?parent=483"}],"wp:term":[{"taxonomy":"category","embeddable":true,"href":"https:\/\/www.encontracapaoredondo.com.br\/sobre\/wp-json\/wp\/v2\/categories?post=483"},{"taxonomy":"post_tag","embeddable":true,"href":"https:\/\/www.encontracapaoredondo.com.br\/sobre\/wp-json\/wp\/v2\/tags?post=483"}],"curies":[{"name":"wp","href":"https:\/\/api.w.org\/{rel}","templated":true}]}}