{"id":48,"date":"2010-12-29T18:13:20","date_gmt":"2010-12-29T18:13:20","guid":{"rendered":"http:\/\/www.encontracapaoredondo.com.br\/noticias\/?p=48"},"modified":"2019-04-29T16:29:44","modified_gmt":"2019-04-29T19:29:44","slug":"lixo-nas-ruas-do-capao-redondo-incomoda-a-populacao","status":"publish","type":"post","link":"https:\/\/www.encontracapaoredondo.com.br\/sobre\/lixo-nas-ruas-do-capao-redondo-incomoda-a-populacao\/","title":{"rendered":"Lixo nas ruas do Cap\u00e3o Redondo incomoda a popula\u00e7\u00e3o"},"content":{"rendered":"<div class=\"8fb9da09c1a584b185d8cf81e63b5046\" data-index=\"1\" style=\"float: none; margin:0px;\">\n<!-- Anuncio display - global -->\r\n<ins class=\"adsbygoogle\"\r\n     style=\"display:block\"\r\n     data-ad-client=\"ca-pub-8585364105181520\"\r\n     data-ad-slot=\"8789329856\"\r\n     data-ad-format=\"auto\"\r\n     data-full-width-responsive=\"true\"><\/ins>\r\n<script>\r\n     (adsbygoogle = window.adsbygoogle || []).push({});\r\n<\/script>\n<\/div>\n<p>Em frente \u00e0 creche Wilma Alvarenga de Oliveira, na esquina da Rua  Domingos Peixoto da Silva com a Rua Integrada, no Cap\u00e3o Redondo, zona  sul, existe um ponto viciado de entulho em cima de uma boca de lobo sem  tampa.<\/p>\n<p>O problema do lixo na cidade de S\u00e3o Paulo, ocasionado em grande  parte pela falta de consci\u00eancia da popula\u00e7\u00e3o e do faz de conta da  administra\u00e7\u00e3o municipal, est\u00e1 \u00e0 beira do caos. Em toda a zona sul o lixo  \u00e9 o senhor das ruas. O C\u00f3rrego Moenda Velha est\u00e1 entupido de sacolas  pl\u00e1sticas.<\/p>\n<p>A impress\u00e3o que se tem \u00e9 de que o servi\u00e7o de limpeza da  regi\u00e3o est\u00e1 em processo de fal\u00eancia. A Prefeitura saberia informar a  raz\u00e3o de tanta sujeira?<\/p>\n<p><em>Fonte: O Estado de S. Paulo<\/em><\/p>\n\n<div style=\"font-size: 0px; height: 0px; line-height: 0px; margin: 0; padding: 0; clear: both;\"><\/div>","protected":false},"excerpt":{"rendered":"<p>Em frente \u00e0 creche Wilma Alvarenga de Oliveira, na esquina da Rua Domingos Peixoto da Silva com a Rua Integrada, no Cap\u00e3o Redondo, zona sul, existe um ponto viciado de entulho em cima de uma boca de lobo sem tampa. O problema do lixo na cidade de S\u00e3o Paulo, ocasionado em grande parte pela falta de consci\u00eancia da popula\u00e7\u00e3o e do faz de conta da administra\u00e7\u00e3o municipal, est\u00e1 \u00e0 beira do caos. Em toda a zona sul o lixo \u00e9 o senhor das ruas. O C\u00f3rrego Moenda Velha est\u00e1 entupido de sacolas pl\u00e1sticas. A impress\u00e3o que se tem \u00e9 de <\/p>\n","protected":false},"author":1,"featured_media":0,"comment_status":"open","ping_status":"closed","sticky":false,"template":"","format":"standard","meta":{"footnotes":""},"categories":[6],"tags":[],"class_list":["post-48","post","type-post","status-publish","format-standard","hentry","category-noticias-no-capao-redondo"],"aioseo_notices":[],"_links":{"self":[{"href":"https:\/\/www.encontracapaoredondo.com.br\/sobre\/wp-json\/wp\/v2\/posts\/48","targetHints":{"allow":["GET"]}}],"collection":[{"href":"https:\/\/www.encontracapaoredondo.com.br\/sobre\/wp-json\/wp\/v2\/posts"}],"about":[{"href":"https:\/\/www.encontracapaoredondo.com.br\/sobre\/wp-json\/wp\/v2\/types\/post"}],"author":[{"embeddable":true,"href":"https:\/\/www.encontracapaoredondo.com.br\/sobre\/wp-json\/wp\/v2\/users\/1"}],"replies":[{"embeddable":true,"href":"https:\/\/www.encontracapaoredondo.com.br\/sobre\/wp-json\/wp\/v2\/comments?post=48"}],"version-history":[{"count":0,"href":"https:\/\/www.encontracapaoredondo.com.br\/sobre\/wp-json\/wp\/v2\/posts\/48\/revisions"}],"wp:attachment":[{"href":"https:\/\/www.encontracapaoredondo.com.br\/sobre\/wp-json\/wp\/v2\/media?parent=48"}],"wp:term":[{"taxonomy":"category","embeddable":true,"href":"https:\/\/www.encontracapaoredondo.com.br\/sobre\/wp-json\/wp\/v2\/categories?post=48"},{"taxonomy":"post_tag","embeddable":true,"href":"https:\/\/www.encontracapaoredondo.com.br\/sobre\/wp-json\/wp\/v2\/tags?post=48"}],"curies":[{"name":"wp","href":"https:\/\/api.w.org\/{rel}","templated":true}]}}