{"id":471,"date":"2012-04-13T15:30:51","date_gmt":"2012-04-13T15:30:51","guid":{"rendered":"http:\/\/www.encontracapaoredondo.com.br\/noticias\/?p=471"},"modified":"2019-04-29T16:29:11","modified_gmt":"2019-04-29T19:29:11","slug":"atracoes-agitam-regiao-do-capao-redondo-no-fim-de-semana","status":"publish","type":"post","link":"https:\/\/www.encontracapaoredondo.com.br\/sobre\/atracoes-agitam-regiao-do-capao-redondo-no-fim-de-semana\/","title":{"rendered":"Atra\u00e7\u00f5es agitam regi\u00e3o do Cap\u00e3o Redondo no fim de semana"},"content":{"rendered":"<div class=\"8fb9da09c1a584b185d8cf81e63b5046\" data-index=\"1\" style=\"float: none; margin:0px;\">\n<!-- Anuncio display - global -->\r\n<ins class=\"adsbygoogle\"\r\n     style=\"display:block\"\r\n     data-ad-client=\"ca-pub-8585364105181520\"\r\n     data-ad-slot=\"8789329856\"\r\n     data-ad-format=\"auto\"\r\n     data-full-width-responsive=\"true\"><\/ins>\r\n<script>\r\n     (adsbygoogle = window.adsbygoogle || []).push({});\r\n<\/script>\n<\/div>\n<p>Atra\u00e7\u00f5es e eventos de todos os estilos prometem agitar o final de semana de moradores do Cap\u00e3o Redondo e regi\u00e3o, confira:<\/p>\n<p><strong>CEU CAP\u00c3O REDONDO &#8211; Prof. Dr. Celso Seixas Ribeiro Bastos<\/strong><br \/>\n<strong>E-mail:<\/strong> smeceucapaoredondo@prefeitura.sp.gov.br<br \/>\n<strong>Endere\u00e7o:<\/strong> Rua Daniel Gran, s\/n\u00ba &#8211; Cap\u00e3o Redondo.<br \/>\n<strong>Telefone:<\/strong> (11) 5873-8067.<\/p>\n<p><strong>BIBLIOTECA<\/strong><br \/>\n<strong>Telefone:<\/strong> (11) 5873-8083<\/p>\n<p><strong>PROGRAMA\u00c7\u00c3O ESPORTIVA<\/strong><br \/>\n<strong>Hor\u00e1rio de Agendamento das Quadras:<\/strong> Segunda a sexta das 08h00 \u00e0s 22h00.<br \/>\n<strong>Telefone:<\/strong> (11) 5874-5094.<br \/>\n<strong>Datas:<\/strong> 14\/04 das 08h00 \u00e0s 12h00 e das 13h00 \u00e0s 17h00 &#8211; Piscinas.<br \/>\n14\/04 das 08h00 \u00e0s 12h00 e das 13h00 \u00e0s 17h00 &#8211; Quadra Coberta \/ Externa.<br \/>\n15\/04 das 08h00 \u00e0s 12h00 e das 13h00 \u00e0s 17h00 &#8211; Piscinas.<br \/>\n15\/04 das 08h00 \u00e0s 12h00 e das 13h00 \u00e0s 17h00 &#8211; Quadra Coberta \/ Externa.<br \/>\n15\/04 das 11h00 \u00e0s 12h30 &#8211; Aulas de Dan\u00e7a de Sal\u00e3o.<\/p>\n<p><strong>CEU FEITI\u00c7O DA VILA &#8211; Deputado Professor Jos\u00e9 Freitas Nobre<\/strong><br \/>\n<strong>E-mail:<\/strong> smeceufeiticovila@prefeitura.sp.gov.br<br \/>\n<strong>Endere\u00e7o:<\/strong> Rua Feiti\u00e7o da Vila, 399 &#8211; Ch\u00e1cara Santa Maria.<br \/>\n<strong>Telefone:<\/strong> (11) 3397-6550 \/ 3397-6559.<\/p>\n<p><strong>ATIVIDADES GERAIS E DE FORMA\u00c7\u00c3O<\/strong><br \/>\n<strong>Data:<\/strong> 07\/04 \u00e0s 10h30 &#8211; Apresenta\u00e7\u00e3o &#8211; Ballet Infantil.<\/p>\n<p><strong>BIBLIOTECA<\/strong><br \/>\n<strong>Hor\u00e1rio de funcionamento:<\/strong> S\u00e1bado, domingo e feriado das 08h00 \u00e0s 12h30 e 13h00 \u00e1s 16h30.<br \/>\n<strong>Telefone:<\/strong> (11) 3397-6566.<br \/>\n<strong>Datas:<\/strong> 14 e 15\/04 das 09h00 \u00e0s 16h00 &#8211; Exposi\u00e7\u00e3o &#8211; Monteiro Lobato.<\/p>\n<p><strong>PROGRAMA\u00c7\u00c3O ESPORTIVA<\/strong><br \/>\n<strong>Hor\u00e1rio de Agendamento das Quadras:<\/strong> Ter\u00e7as, quartas e quintas (pessoalmente) das 08h00 \u00e0s 12h00.<br \/>\n<strong>Telefone:<\/strong> (11) 3397-6558.<br \/>\n<strong>Datas:<\/strong> 14 e 15\/04 das 10h00 \u00e0s 12h30 e das 13h30 \u00e0s 17h30 &#8211; Recrea\u00e7\u00e3o Aqu\u00e1tica.<\/p>\n<p><strong>TELECENTRO<\/strong><br \/>\n<strong>Hor\u00e1rio de funcionamento:<\/strong> S\u00e1bado, domingo e feriado das 08h30 \u00e0s 16h00.<br \/>\n<strong>Telefone:<\/strong> (11) 3397-6571.<\/p>\n<p><em>Fonte: Prefeitura de S. Paulo<\/em><\/p>\n\n<div style=\"font-size: 0px; height: 0px; line-height: 0px; margin: 0; padding: 0; clear: both;\"><\/div>","protected":false},"excerpt":{"rendered":"<p>Atra\u00e7\u00f5es e eventos de todos os estilos prometem agitar o final de semana de moradores do Cap\u00e3o Redondo e regi\u00e3o, confira: CEU CAP\u00c3O REDONDO &#8211; Prof. Dr. Celso Seixas Ribeiro Bastos E-mail: smeceucapaoredondo@prefeitura.sp.gov.br Endere\u00e7o: Rua Daniel Gran, s\/n\u00ba &#8211; Cap\u00e3o Redondo. Telefone: (11) 5873-8067. BIBLIOTECA Telefone: (11) 5873-8083 PROGRAMA\u00c7\u00c3O ESPORTIVA Hor\u00e1rio de Agendamento das Quadras: Segunda a sexta das 08h00 \u00e0s 22h00. Telefone: (11) 5874-5094. Datas: 14\/04 das 08h00 \u00e0s 12h00 e das 13h00 \u00e0s 17h00 &#8211; Piscinas. 14\/04 das 08h00 \u00e0s 12h00 e das 13h00 \u00e0s 17h00 &#8211; Quadra Coberta \/ Externa. 15\/04 das 08h00 \u00e0s 12h00 e das <\/p>\n","protected":false},"author":1,"featured_media":0,"comment_status":"open","ping_status":"closed","sticky":false,"template":"","format":"standard","meta":{"footnotes":""},"categories":[6],"tags":[],"class_list":["post-471","post","type-post","status-publish","format-standard","hentry","category-noticias-no-capao-redondo"],"aioseo_notices":[],"_links":{"self":[{"href":"https:\/\/www.encontracapaoredondo.com.br\/sobre\/wp-json\/wp\/v2\/posts\/471","targetHints":{"allow":["GET"]}}],"collection":[{"href":"https:\/\/www.encontracapaoredondo.com.br\/sobre\/wp-json\/wp\/v2\/posts"}],"about":[{"href":"https:\/\/www.encontracapaoredondo.com.br\/sobre\/wp-json\/wp\/v2\/types\/post"}],"author":[{"embeddable":true,"href":"https:\/\/www.encontracapaoredondo.com.br\/sobre\/wp-json\/wp\/v2\/users\/1"}],"replies":[{"embeddable":true,"href":"https:\/\/www.encontracapaoredondo.com.br\/sobre\/wp-json\/wp\/v2\/comments?post=471"}],"version-history":[{"count":0,"href":"https:\/\/www.encontracapaoredondo.com.br\/sobre\/wp-json\/wp\/v2\/posts\/471\/revisions"}],"wp:attachment":[{"href":"https:\/\/www.encontracapaoredondo.com.br\/sobre\/wp-json\/wp\/v2\/media?parent=471"}],"wp:term":[{"taxonomy":"category","embeddable":true,"href":"https:\/\/www.encontracapaoredondo.com.br\/sobre\/wp-json\/wp\/v2\/categories?post=471"},{"taxonomy":"post_tag","embeddable":true,"href":"https:\/\/www.encontracapaoredondo.com.br\/sobre\/wp-json\/wp\/v2\/tags?post=471"}],"curies":[{"name":"wp","href":"https:\/\/api.w.org\/{rel}","templated":true}]}}