{"id":469,"date":"2012-03-29T13:29:20","date_gmt":"2012-03-29T13:29:20","guid":{"rendered":"http:\/\/www.encontracapaoredondo.com.br\/noticias\/?p=469"},"modified":"2019-04-29T16:29:11","modified_gmt":"2019-04-29T19:29:11","slug":"acidente-com-onibus-deixa-feridos-no-capao-redondo","status":"publish","type":"post","link":"https:\/\/www.encontracapaoredondo.com.br\/sobre\/acidente-com-onibus-deixa-feridos-no-capao-redondo\/","title":{"rendered":"Acidente com \u00f4nibus deixa feridos no Cap\u00e3o Redondo"},"content":{"rendered":"<div class=\"8fb9da09c1a584b185d8cf81e63b5046\" data-index=\"1\" style=\"float: none; margin:0px;\">\n<!-- Anuncio display - global -->\r\n<ins class=\"adsbygoogle\"\r\n     style=\"display:block\"\r\n     data-ad-client=\"ca-pub-8585364105181520\"\r\n     data-ad-slot=\"8789329856\"\r\n     data-ad-format=\"auto\"\r\n     data-full-width-responsive=\"true\"><\/ins>\r\n<script>\r\n     (adsbygoogle = window.adsbygoogle || []).push({});\r\n<\/script>\n<\/div>\n<p>Um acidente envolvendo um \u00f4nibus e uma moto deixou pelo menos tr\u00eas feridos na estrada de Itapecerica, na altura do n\u00famero 5.700, no bairro do Cap\u00e3o Redondo, na manh\u00e3 desta quarta-feira (28). A informa\u00e7\u00e3o foi confirmada pelo Corpo de Bombeiros.<\/p>\n<p>Segundo a corpora\u00e7\u00e3o, o coletivo bateu na moto em seguida se chocou contra um poste. As v\u00edtimas tiveram ferimentos leves.<\/p>\n<p>A CET (Companhia de Engenharia de Tr\u00e1fego) afirmou que a via estava bloqueada na altura do acidente no sentido centro. O\u00a0desvio era feito na pr\u00f3pria avenida, nas faixas do sentido bairro.<\/p>\n<p><em>Fnte: R7<\/em><\/p>\n\n<div style=\"font-size: 0px; height: 0px; line-height: 0px; margin: 0; padding: 0; clear: both;\"><\/div>","protected":false},"excerpt":{"rendered":"<p>Um acidente envolvendo um \u00f4nibus e uma moto deixou pelo menos tr\u00eas feridos na estrada de Itapecerica, na altura do n\u00famero 5.700, no bairro do Cap\u00e3o Redondo, na manh\u00e3 desta quarta-feira (28). A informa\u00e7\u00e3o foi confirmada pelo Corpo de Bombeiros. Segundo a corpora\u00e7\u00e3o, o coletivo bateu na moto em seguida se chocou contra um poste. As v\u00edtimas tiveram ferimentos leves. A CET (Companhia de Engenharia de Tr\u00e1fego) afirmou que a via estava bloqueada na altura do acidente no sentido centro. O\u00a0desvio era feito na pr\u00f3pria avenida, nas faixas do sentido bairro. Fnte: R7<\/p>\n","protected":false},"author":1,"featured_media":0,"comment_status":"open","ping_status":"closed","sticky":false,"template":"","format":"standard","meta":{"footnotes":""},"categories":[6],"tags":[],"class_list":["post-469","post","type-post","status-publish","format-standard","hentry","category-noticias-no-capao-redondo"],"aioseo_notices":[],"_links":{"self":[{"href":"https:\/\/www.encontracapaoredondo.com.br\/sobre\/wp-json\/wp\/v2\/posts\/469","targetHints":{"allow":["GET"]}}],"collection":[{"href":"https:\/\/www.encontracapaoredondo.com.br\/sobre\/wp-json\/wp\/v2\/posts"}],"about":[{"href":"https:\/\/www.encontracapaoredondo.com.br\/sobre\/wp-json\/wp\/v2\/types\/post"}],"author":[{"embeddable":true,"href":"https:\/\/www.encontracapaoredondo.com.br\/sobre\/wp-json\/wp\/v2\/users\/1"}],"replies":[{"embeddable":true,"href":"https:\/\/www.encontracapaoredondo.com.br\/sobre\/wp-json\/wp\/v2\/comments?post=469"}],"version-history":[{"count":0,"href":"https:\/\/www.encontracapaoredondo.com.br\/sobre\/wp-json\/wp\/v2\/posts\/469\/revisions"}],"wp:attachment":[{"href":"https:\/\/www.encontracapaoredondo.com.br\/sobre\/wp-json\/wp\/v2\/media?parent=469"}],"wp:term":[{"taxonomy":"category","embeddable":true,"href":"https:\/\/www.encontracapaoredondo.com.br\/sobre\/wp-json\/wp\/v2\/categories?post=469"},{"taxonomy":"post_tag","embeddable":true,"href":"https:\/\/www.encontracapaoredondo.com.br\/sobre\/wp-json\/wp\/v2\/tags?post=469"}],"curies":[{"name":"wp","href":"https:\/\/api.w.org\/{rel}","templated":true}]}}