{"id":455,"date":"2012-03-14T16:44:02","date_gmt":"2012-03-14T16:44:02","guid":{"rendered":"http:\/\/www.encontracapaoredondo.com.br\/noticias\/?p=455"},"modified":"2019-04-29T16:29:12","modified_gmt":"2019-04-29T19:29:12","slug":"usuaria-do-capao-redondo-reclama-de-atraso-e-diz-que-falhas-em-trens-sao-constantes","status":"publish","type":"post","link":"https:\/\/www.encontracapaoredondo.com.br\/sobre\/usuaria-do-capao-redondo-reclama-de-atraso-e-diz-que-falhas-em-trens-sao-constantes\/","title":{"rendered":"Usu\u00e1ria de trem no Cap\u00e3o Redondo reclama de atraso e diz que falhas em trens s\u00e3o constantes"},"content":{"rendered":"<div class=\"8fb9da09c1a584b185d8cf81e63b5046\" data-index=\"1\" style=\"float: none; margin:0px;\">\n<!-- Anuncio display - global -->\r\n<ins class=\"adsbygoogle\"\r\n     style=\"display:block\"\r\n     data-ad-client=\"ca-pub-8585364105181520\"\r\n     data-ad-slot=\"8789329856\"\r\n     data-ad-format=\"auto\"\r\n     data-full-width-responsive=\"true\"><\/ins>\r\n<script>\r\n     (adsbygoogle = window.adsbygoogle || []).push({});\r\n<\/script>\n<\/div>\n<p>Os problemas ocorridos na manh\u00e3 desta quarta-feira (14) em linhas do Metr\u00f4 e da Companhia Paulista de Trens Metropolitanos (CPTM) atrasaram a vida de quem depende do transporte p\u00fablico na Grande S\u00e3o Paulo. Apesar do descontentamento, usu\u00e1rios ouvidos pelo G1 dizem n\u00e3o se surpreender com as falhas que, segundo eles, s\u00e3o corriqueiras.<\/p>\n<p>Na CPTM, um defeito no sistema de energia fez os trens da Linha 9-Esmeralda circularem em velocidade menor e por apenas uma \u00fanica via entre esta\u00e7\u00f5es Granja Julieta e o bairro de Santo Amaro. Segundo a CPTM, \u00e0s 8h10 a falha havia sido corrigida. O problema na CPTM causou reflexos na Linha 5-Lil\u00e1s do Metr\u00f4, com quem possui integra\u00e7\u00e3o. O trens do Metr\u00f4 tamb\u00e9m circularam com velocidade reduzida.<\/p>\n<p>No Metr\u00f4, houve uma falha no sistema pneum\u00e1tico de um trem na Esta\u00e7\u00e3o Pedro II. Com isso, as composi\u00e7\u00f5es da Linha 3-Vermelha circularam com velocidade reduzida e maior tempo de parada. Na Linha 1-Azul, houve uma falha de tra\u00e7\u00e3o de um trem entre as esta\u00e7\u00f5es Vila Mariana e Santa Cruz. Os problemas haviam sido resolvidos antes das 8h30.<\/p>\n<p>O desempregado Vanderlei Buenos, de 22 anos, saiu de Itapecerica da Serra, na Grande S\u00e3o Paulo, e precisava chegar ao Centro da capital. Ele \u00e9 usu\u00e1rio da Linha 9-Esmeralda e se programou para chegar \u00e0s 9h na regi\u00e3o central, onde iria se cadastrar para uma vaga de emprego. \u201cFiquei muito bravo, mas esse tipo de falha n\u00e3o \u00e9 surpresa. Elas s\u00e3o constantes\u201d, disse enquanto aguardava para embarcar em um trem na Esta\u00e7\u00e3o Santo Amaro, na Zona Sul da capital.<\/p>\n<p>O desenhista Natanael Messias Cardoso da Silva, 21 anos, mora em Itapecerica e trabalha na regi\u00e3o do Brooklin, na Zona Sul de S\u00e3o Paulo. O trajeto feito diariamente leva cerca de uma hora e 20 minutos. Pouco antes das 9h, ele j\u00e1 esperava por mais de uma hora para embarcar na Esta\u00e7\u00e3o Santo Amaro. \u201cCheguei \u00e0s 7h30, mas n\u00e3o dava para entrar no trem. Tem gente que apanha para entrar. Eu mesmo j\u00e1 levei tapa, murro e cotovelada\u201d, conta. Ele h\u00e1 havia telefonado para o trabalho informando que chegar\u00e1 atrasado.<\/p>\n<p>A copeira Maraildi Gomes Vieira da Silva, 41 anos, mora em Cap\u00e3o Redondo e vem todos os dias para a regi\u00e3o do Brooklin. Era 9h e ela ainda aguardava para embarcar. \u201cEstou esperando e ainda acho que vou esperar muito. Olha o tanto de gente que tem na plataforma\u201d, disse apontando para a espera na Esta\u00e7\u00e3o Santo Amaro.<\/p>\n<p>Maraildi tamb\u00e9m reclamou da frequ\u00eancia de falhas nas linhas da CPTM. \u201cUma ou duas vezes por semana tenho problemas para embarcar\u201d, relata.<\/p>\n<p>A CPTM informou \u00e0s 9h45 que ir\u00e1 emitir uma nota ainda nesta quarta-feira para comentar as reclama\u00e7\u00f5es dos usu\u00e1rios ouvidos pelo G1.<\/p>\n<p><em>Fonte: G1<\/em><\/p>\n\n<div style=\"font-size: 0px; height: 0px; line-height: 0px; margin: 0; padding: 0; clear: both;\"><\/div>","protected":false},"excerpt":{"rendered":"<p>Os problemas ocorridos na manh\u00e3 desta quarta-feira (14) em linhas do Metr\u00f4 e da Companhia Paulista de Trens Metropolitanos (CPTM) atrasaram a vida de quem depende do transporte p\u00fablico na Grande S\u00e3o Paulo. Apesar do descontentamento, usu\u00e1rios ouvidos pelo G1 dizem n\u00e3o se surpreender com as falhas que, segundo eles, s\u00e3o corriqueiras. Na CPTM, um defeito no sistema de energia fez os trens da Linha 9-Esmeralda circularem em velocidade menor e por apenas uma \u00fanica via entre esta\u00e7\u00f5es Granja Julieta e o bairro de Santo Amaro. Segundo a CPTM, \u00e0s 8h10 a falha havia sido corrigida. O problema na CPTM <\/p>\n","protected":false},"author":1,"featured_media":0,"comment_status":"open","ping_status":"closed","sticky":false,"template":"","format":"standard","meta":{"footnotes":""},"categories":[6],"tags":[],"class_list":["post-455","post","type-post","status-publish","format-standard","hentry","category-noticias-no-capao-redondo"],"aioseo_notices":[],"_links":{"self":[{"href":"https:\/\/www.encontracapaoredondo.com.br\/sobre\/wp-json\/wp\/v2\/posts\/455","targetHints":{"allow":["GET"]}}],"collection":[{"href":"https:\/\/www.encontracapaoredondo.com.br\/sobre\/wp-json\/wp\/v2\/posts"}],"about":[{"href":"https:\/\/www.encontracapaoredondo.com.br\/sobre\/wp-json\/wp\/v2\/types\/post"}],"author":[{"embeddable":true,"href":"https:\/\/www.encontracapaoredondo.com.br\/sobre\/wp-json\/wp\/v2\/users\/1"}],"replies":[{"embeddable":true,"href":"https:\/\/www.encontracapaoredondo.com.br\/sobre\/wp-json\/wp\/v2\/comments?post=455"}],"version-history":[{"count":0,"href":"https:\/\/www.encontracapaoredondo.com.br\/sobre\/wp-json\/wp\/v2\/posts\/455\/revisions"}],"wp:attachment":[{"href":"https:\/\/www.encontracapaoredondo.com.br\/sobre\/wp-json\/wp\/v2\/media?parent=455"}],"wp:term":[{"taxonomy":"category","embeddable":true,"href":"https:\/\/www.encontracapaoredondo.com.br\/sobre\/wp-json\/wp\/v2\/categories?post=455"},{"taxonomy":"post_tag","embeddable":true,"href":"https:\/\/www.encontracapaoredondo.com.br\/sobre\/wp-json\/wp\/v2\/tags?post=455"}],"curies":[{"name":"wp","href":"https:\/\/api.w.org\/{rel}","templated":true}]}}