{"id":452,"date":"2012-03-09T14:49:41","date_gmt":"2012-03-09T14:49:41","guid":{"rendered":"http:\/\/www.encontracapaoredondo.com.br\/noticias\/?p=452"},"modified":"2019-04-29T16:29:12","modified_gmt":"2019-04-29T19:29:12","slug":"ceu-no-capao-redondo-oferece-programacao-especial-no-final-de-semana","status":"publish","type":"post","link":"https:\/\/www.encontracapaoredondo.com.br\/sobre\/ceu-no-capao-redondo-oferece-programacao-especial-no-final-de-semana\/","title":{"rendered":"CEU no Cap\u00e3o Redondo oferece programa\u00e7\u00e3o especial no final de semana"},"content":{"rendered":"<div class=\"8fb9da09c1a584b185d8cf81e63b5046\" data-index=\"1\" style=\"float: none; margin:0px;\">\n<!-- Anuncio display - global -->\r\n<ins class=\"adsbygoogle\"\r\n     style=\"display:block\"\r\n     data-ad-client=\"ca-pub-8585364105181520\"\r\n     data-ad-slot=\"8789329856\"\r\n     data-ad-format=\"auto\"\r\n     data-full-width-responsive=\"true\"><\/ins>\r\n<script>\r\n     (adsbygoogle = window.adsbygoogle || []).push({});\r\n<\/script>\n<\/div>\n<p>Confira a programa\u00e7\u00e3o que promete agitar os bairros do Campo Limpo e Cap\u00e3o Redondo neste final de semana.<\/p>\n<p><strong>CEU CAMPO LIMPO<\/strong> &#8211; Cardeal Dom Agnelo Rossi<br \/>\nE-mail: smeceucampolimpo@prefeitura.sp.gov.br<br \/>\nEndere\u00e7o: Avenida Carlos Lacerda, 678 \u2013 Pirajussara.<br \/>\nTelefone: (11) 5843-4837 \/ 5843-4841.<\/p>\n<p><strong>PROGRAMA\u00c7\u00c3O ESPORTIVA<\/strong><br \/>\nHor\u00e1rio de Agendamento das Quadras: Segunda a sexta das 09h00 \u00e0s 17h00.<br \/>\nTelefone: (11) 5843-4840.<\/p>\n<p>10\/03 \u00e0s 08h00 &#8211; Rugby &#8211; Gin\u00e1sio.<br \/>\n10\/03 das 09h00 \u00e0s 12h00 e das 13h00 \u00e0s 17h00 &#8211; Nata\u00e7\u00e3o.<br \/>\n10\/03 \u00e0s 16h30 &#8211; Karat\u00ea &#8211; Sala de dan\u00e7a.<br \/>\n11\/03 \u00e0s 08h00 &#8211; Karat\u00ea &#8211; Sala de dan\u00e7a.<br \/>\n11\/03 das 09h00 \u00e0s 12h00 e das 13h00 \u00e0s 17h00 &#8211; Nata\u00e7\u00e3o.<\/p>\n<p><strong>TELECENTRO<\/strong><br \/>\nHor\u00e1rio de funcionamento: S\u00e1bado, domingo e feriado das 09h00 \u00e1s 17h00.<br \/>\nTelefone: (11) 5843-4835.<\/p>\n<p>CEU CANTOS DO AMANHECER<br \/>\nE-mail: ceucantosdoamanhecer@prefeitura.sp.gov.br<br \/>\nEndere\u00e7o: Avenida Cantos do Amanhecer, s\/n\u00ba &#8211; Jardim Mitsutani.<br \/>\nTelefone: (11) 3397-9720 \/ 3397-9730.<\/p>\n<p><strong>ATIVIDADES GERAIS E DE FORMA\u00c7\u00c3O<\/strong><\/p>\n<p>10\/03 das 13h00 \u00e0s 18h00 &#8211; Ensaio &#8211; \u201cTurma D Raiz\u201d.<br \/>\n10\/03 das 15h00 \u00e0s 20h00 &#8211; Ensaio &#8211; \u201cA2 Break\u201d.<br \/>\n10\/03 das 18h00 \u00e0s 21h00 &#8211; Ensaio &#8211; \u201cCIA. Atum de teatro\u201d.<br \/>\n11\/03 das 13h00 \u00e0s 18h00 &#8211; Ensaio &#8211; \u201cTurma D Raiz\u201d.<\/p>\n<p><strong>BIBLIOTECA<\/strong><br \/>\nHor\u00e1rio de funcionamento: S\u00e1bados, domingos e feriados das 08h00 \u00e0s 17h00.<br \/>\nTelefone: (11) 3397-9767.<\/p>\n<p>10 e 11\/03 das 08h00 \u00e0s 17h00 &#8211; Exposi\u00e7\u00e3o &#8211; \u201cM\u00eas das Mulheres \/ A import\u00e2ncia da data no Brasil e no mundo\u201d.<\/p>\n<p><strong>PROGRAMA\u00c7\u00c3O ESPORTIVA<\/strong><br \/>\nHor\u00e1rio de Agendamento das Quadras: Ter\u00e7a-feira das 08h00 \u00e0s 16h00.<\/p>\n<p>10\/03 das 08h00 \u00e0s 17h00 &#8211; Recrea\u00e7\u00e3o Aqu\u00e1tica.<br \/>\n10\/03 \u00e0s 10h00 &#8211; Treinamento de Futsal.<br \/>\n11\/03 das 08h00 \u00e0s 17h00 &#8211; Recrea\u00e7\u00e3o Aqu\u00e1tica.<br \/>\n11\/03 \u00e0s 10h00 &#8211; Treinamento de Futsal.<br \/>\n11\/03 das 09h00 \u00e0s 12h00 &#8211; Capoeira.<\/p>\n<p><strong>TELECENTRO<\/strong><br \/>\nHor\u00e1rio de funcionamento: S\u00e1bados, domingos e feriados das 08h00 \u00e0s 16h00.<\/p>\n<p><a title=\"CEU Cap\u00e3o Redondo\" href=\"http:\/\/www.encontracapaoredondo.com.br\/capao-redondo\/ceu-capao-redondo.shtml\" target=\"_blank\">CEU CAP\u00c3O REDONDO<\/a> &#8211; Prof. Dr. Celso Seixas Ribeiro Bastos<br \/>\nE-mail: smeceucapaoredondo@prefeitura.sp.gov.br<br \/>\nEndere\u00e7o: Rua Daniel Gran, s\/n\u00ba &#8211; Cap\u00e3o Redondo.<br \/>\nTelefone: (11) 5873-8067.<\/p>\n<p><strong>PROGRAMA\u00c7\u00c3O ESPORTIVA<\/strong><br \/>\nHor\u00e1rio de Agendamento das Quadras: Segunda a sexta das 08h00 \u00e0s 22h00.<br \/>\nTelefone: (11) 5874-5094.<\/p>\n<p>10\/03 das 08h00 \u00e0s 12h00 e das 13h00 \u00e0s 17h00 &#8211; Piscinas.<br \/>\n10\/03 das 08h00 \u00e0s 12h00 e das 13h00 \u00e0s 17h00 &#8211; Quadra Coberta \/ Externa.<br \/>\n11\/03 das 08h00 \u00e0s 12h00 e das 13h00 \u00e0s 17h00 &#8211; Piscinas.<br \/>\n11\/03 das 08h00 \u00e0s 12h00 e das 13h00 \u00e0s 17h00 &#8211; Quadra Coberta \/ Externa.<\/p>\n<p><a title=\"CEU Feiti\u00e7o da Vila\" href=\"http:\/\/www.encontracapaoredondo.com.br\/capao-redondo\/ceu-feitico-da-vila-no-capao-redondo.shtml\" target=\"_blank\">CEU FEITI\u00c7O DA VILA<\/a> &#8211; Deputado Professor Jos\u00e9 Freitas Nobre<br \/>\nE-mail: smeceufeiticovila@prefeitura.sp.gov.br<br \/>\nEndere\u00e7o: Rua Feiti\u00e7o da Vila, 399 &#8211; Ch\u00e1cara Santa Maria.<br \/>\nTelefone: (11) 3397-6550 \/ 3397-6559.<\/p>\n<p><strong>BIBLIOTECA<\/strong><br \/>\nHor\u00e1rio de funcionamento: S\u00e1bado, domingo e feriado das 08h00 \u00e0s 12h30 e 13h00 \u00e1s 16h30.<br \/>\nTelefone: (11) 3397-6566.<\/p>\n<p>10 e 11\/03 das 07h00 \u00e0s 22h00 &#8211; Projeto &#8211; \u201cLi e Gostei\u201d.<\/p>\n<p><strong>PROGRAMA\u00c7\u00c3O ESPORTIVA<\/strong><br \/>\nHor\u00e1rio de Agendamento das Quadras: Ter\u00e7as, quartas e quintas (pessoalmente) das 08h00 \u00e0s 12h00.<br \/>\nTelefone: (11) 3397-6558.<\/p>\n<p>10 e 11\/03 das 08h30 \u00e0s 12h30 e das 13h30 \u00e0s 17h30 &#8211; Recrea\u00e7\u00e3o Aqu\u00e1tica.<\/p>\n<p><strong>TELECENTRO<\/strong><br \/>\nHor\u00e1rio de funcionamento: S\u00e1bado, domingo e feriado das 08h30 \u00e0s 16h00.<br \/>\nTelefone: (11) 3397-6571.<\/p>\n<p><em><\/em>CEU PARAIS\u00d3POLIS<br \/>\nE-mail: smeceuparaisopolis@prefeitura.sp.gov.br<br \/>\nEndere\u00e7o: Rua Doutor Jos\u00e9 Augusto Souza e Silva, s\/n\u00ba &#8211; Jardim Parque Morumbi.<br \/>\nTelefone: (11) 3501-5660.<\/p>\n<p><strong>PROGRAMA\u00c7\u00c3O CULTURAL<\/strong><\/p>\n<p>10\/03 \u00e0s 14h00 &#8211; Comemora\u00e7\u00e3o &#8211; \u201cCh\u00e1 da Tarde \/ Dia das Mulheres\u201d.<br \/>\n11\/03 das 12h00 \u00e0s 17h45 &#8211; Show &#8211; \u201cApologia sonora \/ Almas errantes \/ Terrorista verval\u201d.<\/p>\n<p><strong>ATIVIDADES GERAIS E DE FORMA\u00c7\u00c3O<\/strong><\/p>\n<p>10\/03 das 08h00 \u00e0s 13h00 &#8211; Aula &#8211; \u201cProjeto Chance\u201d.<br \/>\n10\/03 das 13h00 \u00e0s 18h00 \u2013 Aula \/ Ensaio &#8211; \u201cSil\u00eancio Criativo \/ Hip Hop\u201d.<br \/>\n11\/03 das 15h00 \u00e0s 17h00 &#8211; Aula &#8211; \u201cFam\u00edlia Po\u00e7am \/ Hip Hop\u201d.<\/p>\n<p><strong>BIBLIOTECA<\/strong><br \/>\nHor\u00e1rio de funcionamento: S\u00e1bado, domingo e feriado das 09h00 \u00e0s 18h00.<\/p>\n<p><strong>PROGRAMA\u00c7\u00c3O ESPORTIVA<\/strong><br \/>\nHor\u00e1rio de Agendamento das Quadras: Segunda-feira das 09h00 \u00e0s 17h00.<\/p>\n<p>10\/03 das 08h00 \u00e0s 17h00 &#8211; Futsal.<br \/>\n10\/03 das 09h00 \u00e0s 17h00 &#8211; V\u00f4lei.<br \/>\n10\/03 das 09h00 \u00e0s 17h00 &#8211; Atividade Aqu\u00e1tica.<br \/>\n10\/03 das 09h00 \u00e0s 17h00 &#8211; Modalidades Poliesportivas.<br \/>\n11\/03 das 08h00 \u00e0s 17h00 &#8211; Futsal.<br \/>\n11\/03 das 08h00 \u00e0s 09h00 &#8211; Clube da Caminhada.<br \/>\n11\/03 das 09h00 \u00e0s 10h00 &#8211; Alongamento.<br \/>\n11\/03 das 09h00 \u00e0s 17h00 &#8211; V\u00f4lei.<br \/>\n11\/03 das 09h00 \u00e0s 17h00 &#8211; Atividade Aqu\u00e1tica.<br \/>\n11\/03 das 09h00 \u00e0s 17h00 &#8211; Modalidades Poliesportivas.<br \/>\n11\/03 das 10h00 \u00e0s 11h30 &#8211; Yoga.<\/p>\n<p><em>Fonte: Prefeitura de S. Paulo<\/em><\/p>\n\n<div style=\"font-size: 0px; height: 0px; line-height: 0px; margin: 0; padding: 0; clear: both;\"><\/div>","protected":false},"excerpt":{"rendered":"<p>Confira a programa\u00e7\u00e3o que promete agitar os bairros do Campo Limpo e Cap\u00e3o Redondo neste final de semana. CEU CAMPO LIMPO &#8211; Cardeal Dom Agnelo Rossi E-mail: smeceucampolimpo@prefeitura.sp.gov.br Endere\u00e7o: Avenida Carlos Lacerda, 678 \u2013 Pirajussara. Telefone: (11) 5843-4837 \/ 5843-4841. PROGRAMA\u00c7\u00c3O ESPORTIVA Hor\u00e1rio de Agendamento das Quadras: Segunda a sexta das 09h00 \u00e0s 17h00. Telefone: (11) 5843-4840. 10\/03 \u00e0s 08h00 &#8211; Rugby &#8211; Gin\u00e1sio. 10\/03 das 09h00 \u00e0s 12h00 e das 13h00 \u00e0s 17h00 &#8211; Nata\u00e7\u00e3o. 10\/03 \u00e0s 16h30 &#8211; Karat\u00ea &#8211; Sala de dan\u00e7a. 11\/03 \u00e0s 08h00 &#8211; Karat\u00ea &#8211; Sala de dan\u00e7a. 11\/03 das 09h00 \u00e0s 12h00 e <\/p>\n","protected":false},"author":1,"featured_media":0,"comment_status":"open","ping_status":"closed","sticky":false,"template":"","format":"standard","meta":{"footnotes":""},"categories":[6],"tags":[],"class_list":["post-452","post","type-post","status-publish","format-standard","hentry","category-noticias-no-capao-redondo"],"aioseo_notices":[],"_links":{"self":[{"href":"https:\/\/www.encontracapaoredondo.com.br\/sobre\/wp-json\/wp\/v2\/posts\/452","targetHints":{"allow":["GET"]}}],"collection":[{"href":"https:\/\/www.encontracapaoredondo.com.br\/sobre\/wp-json\/wp\/v2\/posts"}],"about":[{"href":"https:\/\/www.encontracapaoredondo.com.br\/sobre\/wp-json\/wp\/v2\/types\/post"}],"author":[{"embeddable":true,"href":"https:\/\/www.encontracapaoredondo.com.br\/sobre\/wp-json\/wp\/v2\/users\/1"}],"replies":[{"embeddable":true,"href":"https:\/\/www.encontracapaoredondo.com.br\/sobre\/wp-json\/wp\/v2\/comments?post=452"}],"version-history":[{"count":0,"href":"https:\/\/www.encontracapaoredondo.com.br\/sobre\/wp-json\/wp\/v2\/posts\/452\/revisions"}],"wp:attachment":[{"href":"https:\/\/www.encontracapaoredondo.com.br\/sobre\/wp-json\/wp\/v2\/media?parent=452"}],"wp:term":[{"taxonomy":"category","embeddable":true,"href":"https:\/\/www.encontracapaoredondo.com.br\/sobre\/wp-json\/wp\/v2\/categories?post=452"},{"taxonomy":"post_tag","embeddable":true,"href":"https:\/\/www.encontracapaoredondo.com.br\/sobre\/wp-json\/wp\/v2\/tags?post=452"}],"curies":[{"name":"wp","href":"https:\/\/api.w.org\/{rel}","templated":true}]}}