{"id":443,"date":"2012-02-29T04:32:06","date_gmt":"2012-02-29T04:32:06","guid":{"rendered":"http:\/\/www.encontracapaoredondo.com.br\/noticias\/?p=443"},"modified":"2019-04-29T16:29:12","modified_gmt":"2019-04-29T19:29:12","slug":"homem-e-encontrado-morto-no-capao-redondo","status":"publish","type":"post","link":"https:\/\/www.encontracapaoredondo.com.br\/sobre\/homem-e-encontrado-morto-no-capao-redondo\/","title":{"rendered":"Homem \u00e9 encontrado morto no Cap\u00e3o Redondo"},"content":{"rendered":"<div class=\"8fb9da09c1a584b185d8cf81e63b5046\" data-index=\"1\" style=\"float: none; margin:0px;\">\n<!-- Anuncio display - global -->\r\n<ins class=\"adsbygoogle\"\r\n     style=\"display:block\"\r\n     data-ad-client=\"ca-pub-8585364105181520\"\r\n     data-ad-slot=\"8789329856\"\r\n     data-ad-format=\"auto\"\r\n     data-full-width-responsive=\"true\"><\/ins>\r\n<script>\r\n     (adsbygoogle = window.adsbygoogle || []).push({});\r\n<\/script>\n<\/div>\n<p>Um homem morreu baleado, na madrugada de segunda feira, no bairro do Cap\u00e3o Redondo, zona sul de S\u00e3o Paulo. De acordo com a pol\u00edcia, o homem teria levado um tiro na cabe\u00e7a.<\/p>\n<p>No momento, viaturas da Pol\u00edcia Militar est\u00e3o no local preservando o corpo, que est\u00e1 sem documentos. At\u00e9 o momento, ningu\u00e9m foi preso.<\/p>\n<p>A pol\u00edcia ainda n\u00e3o tem informa\u00e7\u00f5es sobre o que teria motivado o crime. O caso ser\u00e1 registrado no 47\u00ba Distrito Policial e dever\u00e1 ser encaminhado ao DHPP.<\/p>\n<p><em>Fonte: BandNews<\/em><\/p>\n\n<div style=\"font-size: 0px; height: 0px; line-height: 0px; margin: 0; padding: 0; clear: both;\"><\/div>","protected":false},"excerpt":{"rendered":"<p>Um homem morreu baleado, na madrugada de segunda feira, no bairro do Cap\u00e3o Redondo, zona sul de S\u00e3o Paulo. De acordo com a pol\u00edcia, o homem teria levado um tiro na cabe\u00e7a. No momento, viaturas da Pol\u00edcia Militar est\u00e3o no local preservando o corpo, que est\u00e1 sem documentos. At\u00e9 o momento, ningu\u00e9m foi preso. A pol\u00edcia ainda n\u00e3o tem informa\u00e7\u00f5es sobre o que teria motivado o crime. O caso ser\u00e1 registrado no 47\u00ba Distrito Policial e dever\u00e1 ser encaminhado ao DHPP. Fonte: BandNews<\/p>\n","protected":false},"author":1,"featured_media":0,"comment_status":"open","ping_status":"closed","sticky":false,"template":"","format":"standard","meta":{"footnotes":""},"categories":[6],"tags":[],"class_list":["post-443","post","type-post","status-publish","format-standard","hentry","category-noticias-no-capao-redondo"],"aioseo_notices":[],"_links":{"self":[{"href":"https:\/\/www.encontracapaoredondo.com.br\/sobre\/wp-json\/wp\/v2\/posts\/443","targetHints":{"allow":["GET"]}}],"collection":[{"href":"https:\/\/www.encontracapaoredondo.com.br\/sobre\/wp-json\/wp\/v2\/posts"}],"about":[{"href":"https:\/\/www.encontracapaoredondo.com.br\/sobre\/wp-json\/wp\/v2\/types\/post"}],"author":[{"embeddable":true,"href":"https:\/\/www.encontracapaoredondo.com.br\/sobre\/wp-json\/wp\/v2\/users\/1"}],"replies":[{"embeddable":true,"href":"https:\/\/www.encontracapaoredondo.com.br\/sobre\/wp-json\/wp\/v2\/comments?post=443"}],"version-history":[{"count":0,"href":"https:\/\/www.encontracapaoredondo.com.br\/sobre\/wp-json\/wp\/v2\/posts\/443\/revisions"}],"wp:attachment":[{"href":"https:\/\/www.encontracapaoredondo.com.br\/sobre\/wp-json\/wp\/v2\/media?parent=443"}],"wp:term":[{"taxonomy":"category","embeddable":true,"href":"https:\/\/www.encontracapaoredondo.com.br\/sobre\/wp-json\/wp\/v2\/categories?post=443"},{"taxonomy":"post_tag","embeddable":true,"href":"https:\/\/www.encontracapaoredondo.com.br\/sobre\/wp-json\/wp\/v2\/tags?post=443"}],"curies":[{"name":"wp","href":"https:\/\/api.w.org\/{rel}","templated":true}]}}