{"id":42,"date":"2010-12-21T12:21:45","date_gmt":"2010-12-21T12:21:45","guid":{"rendered":"http:\/\/www.encontracapaoredondo.com.br\/noticias\/?p=42"},"modified":"2019-04-29T16:29:44","modified_gmt":"2019-04-29T19:29:44","slug":"morador-do-capao-redondo-perde-prova-da-unesp","status":"publish","type":"post","link":"https:\/\/www.encontracapaoredondo.com.br\/sobre\/morador-do-capao-redondo-perde-prova-da-unesp\/","title":{"rendered":"Morador do Cap\u00e3o Redondo perde prova da Unesp"},"content":{"rendered":"<div class=\"8fb9da09c1a584b185d8cf81e63b5046\" data-index=\"1\" style=\"float: none; margin:0px;\">\n<!-- Anuncio display - global -->\r\n<ins class=\"adsbygoogle\"\r\n     style=\"display:block\"\r\n     data-ad-client=\"ca-pub-8585364105181520\"\r\n     data-ad-slot=\"8789329856\"\r\n     data-ad-format=\"auto\"\r\n     data-full-width-responsive=\"true\"><\/ins>\r\n<script>\r\n     (adsbygoogle = window.adsbygoogle || []).push({});\r\n<\/script>\n<\/div>\n<p>Os monitores come\u00e7aram a chamar os \u00faltimos candidatos \u00e0s 13h50, dez  minutos antes do hor\u00e1rio marcado para o fechamento dos port\u00f5es de um  local de provas na zona oeste de\u00a0S\u00e3o Paulo. De todos os lados do pr\u00e9dio,  os estudantes chegavam correndo para n\u00e3o perder o \u00faltimo dia da segunda  fase do vestibular da Unesp (Universidade Estadual Paulista).<\/p>\n<p>Essa \u00e9 a reta final e, a reda\u00e7\u00e3o, a grande prova do dia, pode ajudar  muito na pontua\u00e7\u00e3o dos candidatos. Mas, por apenas dois minutos, o sonho  de estudar hist\u00f3ria de Camilo Lelis de Carvalho, 22 anos, foi adiado.  Ele chegou \u00e0s 13h03, e a toler\u00e2ncia foi pequena para os retardat\u00e1rios &#8211;  s\u00f3 um minuto para o fechamento dos port\u00f5es, \u00e0s 13h01.<\/p>\n<p>Office-boy h\u00e1 seis anos em um escrit\u00f3rio de arquitetura no Itaim  Bibi, ele s\u00f3 conseguiu sair do trabalho \u00e0s 12h30, tarde para quem tinha  que chegar \u00e0s 14h na zona oeste vindo da zona sul da capital paulista.<\/p>\n<p>&#8211; Ontem eu cheguei em cima da hora e pedi para o meu chefe para  entrar mais cedo hoje e sair mais cedo. Eu tinha combinado de sair de l\u00e1  \u00e0s 12h, mas tive que adiantar muita coisa, ir ao banco quase na hora de  ir embora.<\/p>\n<p>Ele teve que pegar dois \u00f4nibus e viu o port\u00e3o se fechando, mas mesmo  assim tentou entrar. Irritado, diz que sua chefia \u201canda de BMW e n\u00e3o  sabe o que \u00e9 ter que se virar de \u00f4nibus e ficar parado no tr\u00e2nsito\u201d.<\/p>\n<p>Carvalho responsabilizou seu chefe pela perda da prova e disse que  ele vai ficar \u201cmeio assim, j\u00e1 que o incentivou muito com os estudos\u201d.  Morador do\u00a0 Cap\u00e3o Redondo, ele conta  que se preparou sozinho para o vestibular.<\/p>\n<p><em>Fonte: R7<\/em><\/p>\n\n<div style=\"font-size: 0px; height: 0px; line-height: 0px; margin: 0; padding: 0; clear: both;\"><\/div>","protected":false},"excerpt":{"rendered":"<p>Os monitores come\u00e7aram a chamar os \u00faltimos candidatos \u00e0s 13h50, dez minutos antes do hor\u00e1rio marcado para o fechamento dos port\u00f5es de um local de provas na zona oeste de\u00a0S\u00e3o Paulo. De todos os lados do pr\u00e9dio, os estudantes chegavam correndo para n\u00e3o perder o \u00faltimo dia da segunda fase do vestibular da Unesp (Universidade Estadual Paulista). Essa \u00e9 a reta final e, a reda\u00e7\u00e3o, a grande prova do dia, pode ajudar muito na pontua\u00e7\u00e3o dos candidatos. Mas, por apenas dois minutos, o sonho de estudar hist\u00f3ria de Camilo Lelis de Carvalho, 22 anos, foi adiado. Ele chegou \u00e0s 13h03, <\/p>\n","protected":false},"author":1,"featured_media":0,"comment_status":"open","ping_status":"closed","sticky":false,"template":"","format":"standard","meta":{"footnotes":""},"categories":[6],"tags":[],"class_list":["post-42","post","type-post","status-publish","format-standard","hentry","category-noticias-no-capao-redondo"],"aioseo_notices":[],"_links":{"self":[{"href":"https:\/\/www.encontracapaoredondo.com.br\/sobre\/wp-json\/wp\/v2\/posts\/42","targetHints":{"allow":["GET"]}}],"collection":[{"href":"https:\/\/www.encontracapaoredondo.com.br\/sobre\/wp-json\/wp\/v2\/posts"}],"about":[{"href":"https:\/\/www.encontracapaoredondo.com.br\/sobre\/wp-json\/wp\/v2\/types\/post"}],"author":[{"embeddable":true,"href":"https:\/\/www.encontracapaoredondo.com.br\/sobre\/wp-json\/wp\/v2\/users\/1"}],"replies":[{"embeddable":true,"href":"https:\/\/www.encontracapaoredondo.com.br\/sobre\/wp-json\/wp\/v2\/comments?post=42"}],"version-history":[{"count":0,"href":"https:\/\/www.encontracapaoredondo.com.br\/sobre\/wp-json\/wp\/v2\/posts\/42\/revisions"}],"wp:attachment":[{"href":"https:\/\/www.encontracapaoredondo.com.br\/sobre\/wp-json\/wp\/v2\/media?parent=42"}],"wp:term":[{"taxonomy":"category","embeddable":true,"href":"https:\/\/www.encontracapaoredondo.com.br\/sobre\/wp-json\/wp\/v2\/categories?post=42"},{"taxonomy":"post_tag","embeddable":true,"href":"https:\/\/www.encontracapaoredondo.com.br\/sobre\/wp-json\/wp\/v2\/tags?post=42"}],"curies":[{"name":"wp","href":"https:\/\/api.w.org\/{rel}","templated":true}]}}