{"id":418,"date":"2012-01-19T19:59:02","date_gmt":"2012-01-19T19:59:02","guid":{"rendered":"http:\/\/www.encontracapaoredondo.com.br\/noticias\/?p=418"},"modified":"2019-04-29T16:29:13","modified_gmt":"2019-04-29T19:29:13","slug":"sou-grato-ao-enem-diz-jovem-do-capao-redondo-aprovado-na-ufrj-%e2%80%8e","status":"publish","type":"post","link":"https:\/\/www.encontracapaoredondo.com.br\/sobre\/sou-grato-ao-enem-diz-jovem-do-capao-redondo-aprovado-na-ufrj-%e2%80%8e\/","title":{"rendered":"&#8216;Sou grato ao Enem&#8217;, diz jovem do Cap\u00e3o Redondo aprovado na UFRJ \u200e"},"content":{"rendered":"<div class=\"8fb9da09c1a584b185d8cf81e63b5046\" data-index=\"1\" style=\"float: none; margin:0px;\">\n<!-- Anuncio display - global -->\r\n<ins class=\"adsbygoogle\"\r\n     style=\"display:block\"\r\n     data-ad-client=\"ca-pub-8585364105181520\"\r\n     data-ad-slot=\"8789329856\"\r\n     data-ad-format=\"auto\"\r\n     data-full-width-responsive=\"true\"><\/ins>\r\n<script>\r\n     (adsbygoogle = window.adsbygoogle || []).push({});\r\n<\/script>\n<\/div>\n<p>O estudante Jo\u00e3o Paulo de Carvalho Gama, de 18 anos, dedicou apenas os s\u00e1bados de 2011 para estudar para o vestibular, j\u00e1 que de manh\u00e3 cursava o \u00faltimo ano do ensino m\u00e9dio e \u00e0 tarde trabalhava como aprendiz de auxiliar-administrativo. Filho de um porteiro e uma dona de casa, o estudante formado pela Escola Estadual Miguel Munhoz Filho, no bairro Cap\u00e3o Redondo, Zona Sul de S\u00e3o Paulo, viu seu esfor\u00e7o ser recompensado ao ver seu nome na lista de aprovados para o curso de rela\u00e7\u00f5es internacionais na Universidade Federal do Rio de Janeiro (UFRJ) atrav\u00e9s do Sistema de Sele\u00e7\u00e3o Unificada (Sisu).<\/p>\n<p>Ele agora planeja a viagem \u00e0 capital fluminense com o amigo Michael Cerqueira de Oliveira, que tamb\u00e9m foi aprovado na UFRJ, em economia.<\/p>\n<p>A UFRJ aplica a pol\u00edtica de a\u00e7\u00e3o afirmativa em forma de cotas, portanto, Jo\u00e3o Paulo afirmou que disputou 18 das 60 vagas em rela\u00e7\u00f5es internacionais com outros estudantes egressos de escolas p\u00fablicas e com renda familiar abaixo de um sal\u00e1rio m\u00ednimo nacional.<\/p>\n<p>Mesmo com as dificuldades em sair da casa dos pais para fazer faculdade, o estudante se mostrava animado e otimista. &#8220;Na vida tudo \u00e9 um desafio, mas a gente encara, o importante \u00e9 ter f\u00e9 e ir embora&#8221;, disse.<\/p>\n<p><strong>Inclus\u00e3o<\/strong><br \/>\nO aluno afirmou que n\u00e3o teria uma oportunidade como essa se n\u00e3o fosse o Exame Nacional do Ensino M\u00e9dio (Enem). &#8220;Sou muito grato ao Enem. Apesar de algumas falhas que ocorreram durante a corre\u00e7\u00e3o e a aplica\u00e7\u00e3o [das provas], vale a pena, porque o Enem inclui o aluno de escola p\u00fablica como eu d\u00e1 a chance de fazer uma boa universidade, acho que isso, apesar dos problemas dele, \u00e9 uma atitude que merece aplauso.&#8221;<\/p>\n<p>Como trabalhava, ele tinha apenas o fim de semana para estudar para os vestibulares. Acabou participando de um grupo de estudos aos s\u00e1bados, idealizado pelo amigo Michael, com outros quatro colegas. &#8220;Era dif\u00edcil estudar aos domingos, o corpo precisa descansar.&#8221;<\/p>\n<p>Jo\u00e3o Paulo acertou 110 quest\u00f5es no Enem 2011, de um total de 180. Pelos c\u00e1lculos da disputa na UFRJ, sua m\u00e9dia do Enem foi de 725,22, e a nota de corte para as 18 vagas da cota de rela\u00e7\u00f5es internacionais foi 717,96.<\/p>\n<p>&#8220;O que me salvou foi a reda\u00e7\u00e3o, que tem peso maior&#8221;, disse o estudante que conseguiu 960 pontos com seu texto dissertativo-argumentativo com o tema &#8220;viver em redes no s\u00e9culo XXI: limites do p\u00fablico e do privado&#8221;.<\/p>\n<p>Agora, o aluno s\u00f3 consegue pensar na viagem para fazer a matr\u00edcula. Ele tamb\u00e9m espera o resultado da Universidade Estadual Paulista (Unesp), que oferece o curso de rela\u00e7\u00f5es internacionais no campus de Franca. &#8220;Mas eu prefiro o Rio [de Janeiro], porque acho que o campo de atua\u00e7\u00e3o l\u00e1 \u00e9 maior e tem mais oportunidades.&#8221;<\/p>\n<p><em>Fonte: G1<\/em><\/p>\n\n<div style=\"font-size: 0px; height: 0px; line-height: 0px; margin: 0; padding: 0; clear: both;\"><\/div>","protected":false},"excerpt":{"rendered":"<p>O estudante Jo\u00e3o Paulo de Carvalho Gama, de 18 anos, dedicou apenas os s\u00e1bados de 2011 para estudar para o vestibular, j\u00e1 que de manh\u00e3 cursava o \u00faltimo ano do ensino m\u00e9dio e \u00e0 tarde trabalhava como aprendiz de auxiliar-administrativo. Filho de um porteiro e uma dona de casa, o estudante formado pela Escola Estadual Miguel Munhoz Filho, no bairro Cap\u00e3o Redondo, Zona Sul de S\u00e3o Paulo, viu seu esfor\u00e7o ser recompensado ao ver seu nome na lista de aprovados para o curso de rela\u00e7\u00f5es internacionais na Universidade Federal do Rio de Janeiro (UFRJ) atrav\u00e9s do Sistema de Sele\u00e7\u00e3o Unificada <\/p>\n","protected":false},"author":1,"featured_media":0,"comment_status":"open","ping_status":"closed","sticky":false,"template":"","format":"standard","meta":{"footnotes":""},"categories":[6],"tags":[],"class_list":["post-418","post","type-post","status-publish","format-standard","hentry","category-noticias-no-capao-redondo"],"aioseo_notices":[],"_links":{"self":[{"href":"https:\/\/www.encontracapaoredondo.com.br\/sobre\/wp-json\/wp\/v2\/posts\/418","targetHints":{"allow":["GET"]}}],"collection":[{"href":"https:\/\/www.encontracapaoredondo.com.br\/sobre\/wp-json\/wp\/v2\/posts"}],"about":[{"href":"https:\/\/www.encontracapaoredondo.com.br\/sobre\/wp-json\/wp\/v2\/types\/post"}],"author":[{"embeddable":true,"href":"https:\/\/www.encontracapaoredondo.com.br\/sobre\/wp-json\/wp\/v2\/users\/1"}],"replies":[{"embeddable":true,"href":"https:\/\/www.encontracapaoredondo.com.br\/sobre\/wp-json\/wp\/v2\/comments?post=418"}],"version-history":[{"count":0,"href":"https:\/\/www.encontracapaoredondo.com.br\/sobre\/wp-json\/wp\/v2\/posts\/418\/revisions"}],"wp:attachment":[{"href":"https:\/\/www.encontracapaoredondo.com.br\/sobre\/wp-json\/wp\/v2\/media?parent=418"}],"wp:term":[{"taxonomy":"category","embeddable":true,"href":"https:\/\/www.encontracapaoredondo.com.br\/sobre\/wp-json\/wp\/v2\/categories?post=418"},{"taxonomy":"post_tag","embeddable":true,"href":"https:\/\/www.encontracapaoredondo.com.br\/sobre\/wp-json\/wp\/v2\/tags?post=418"}],"curies":[{"name":"wp","href":"https:\/\/api.w.org\/{rel}","templated":true}]}}