{"id":399,"date":"2011-12-30T00:46:24","date_gmt":"2011-12-30T00:46:24","guid":{"rendered":"http:\/\/www.encontracapaoredondo.com.br\/noticias\/?p=399"},"modified":"2019-04-29T16:29:13","modified_gmt":"2019-04-29T19:29:13","slug":"bom-prato-capao-redondo-tera-almoco-especial-de-ano-novo","status":"publish","type":"post","link":"https:\/\/www.encontracapaoredondo.com.br\/sobre\/bom-prato-capao-redondo-tera-almoco-especial-de-ano-novo\/","title":{"rendered":"Bom Prato Cap\u00e3o Redondo ter\u00e1 almo\u00e7o especial de Ano Novo"},"content":{"rendered":"<div class=\"8fb9da09c1a584b185d8cf81e63b5046\" data-index=\"1\" style=\"float: none; margin:0px;\">\n<!-- Anuncio display - global -->\r\n<ins class=\"adsbygoogle\"\r\n     style=\"display:block\"\r\n     data-ad-client=\"ca-pub-8585364105181520\"\r\n     data-ad-slot=\"8789329856\"\r\n     data-ad-format=\"auto\"\r\n     data-full-width-responsive=\"true\"><\/ins>\r\n<script>\r\n     (adsbygoogle = window.adsbygoogle || []).push({});\r\n<\/script>\n<\/div>\n<p>A Secretaria de Estado de Desenvolvimento Social &#8211; Seds, gestora do Programa Bom Prato, informa que todas as unidades do Restaurante Popular oferecer\u00e3o card\u00e1pio especial em comemora\u00e7\u00e3o ao Ano Novo.<\/p>\n<p>As unidades Encontra Guaianases, Encontra Cap\u00e3o Redondo, Encontra Campo Limpo, S\u00e3o Mateus, S\u00e3o Miguel Paulista, Sorocaba, Santo Amaro, Graja\u00fa, S\u00e3o Jos\u00e9 dos Campos e Vila Nova Cachoeirinha servir\u00e3o o almo\u00e7o requintado na sexta-feira, 30. As refei\u00e7\u00f5es s\u00e3o servidas a partir das 11h.<\/p>\n<p>O programa tem cunho social e visa oferecer seguran\u00e7a alimentar \u00e0 popula\u00e7\u00e3o de baixa renda, com refei\u00e7\u00f5es balanceadas, de qualidade, com m\u00e9dia de 1.600 calorias, por meio de um card\u00e1pio variado e que custa apenas R$ 1.<\/p>\n<p>Atualmente, s\u00e3o servidos cerca de 47 mil almo\u00e7os por dia, de segunda a sexta-feira, para um p\u00fablico diversificado, composto principalmente por aposentados, desempregados, subempregados, comerci\u00e1rios e estudantes. Menores de seis anos de idade n\u00e3o pagam.<\/p>\n<p>Em 2011, teve in\u00edcio tamb\u00e9m a oferta de caf\u00e9 da manh\u00e3 em todas as unidades, ao valor de R$ 0,50, aumentando para 57 mil o total de refei\u00e7\u00f5es di\u00e1rias. Assim, desde sua implanta\u00e7\u00e3o, entre dezembro de 2000 e novembro de 2011, foram servidas 86,3 milh\u00f5es de refei\u00e7\u00f5es para a popula\u00e7\u00e3o em situa\u00e7\u00e3o de vulnerabilidade social.<\/p>\n<p>Atualmente s\u00e3o 33 unidades. Destas, 19 est\u00e3o localizadas na Capital (uma fechada para reforma) e 14 no litoral, Grande S\u00e3o Paulo e interior.<\/p>\n<p>Para 2012, est\u00e3o previstas as instala\u00e7\u00f5es de mais sete unidades: Araraquara, Bauru, Itaquaquecetuba, Presidente Prudente, Santos, Rio Claro e S\u00e3o Paulo (Parais\u00f3polis).<\/p>\n<p>Novidades<\/p>\n<p>Al\u00e9m do almo\u00e7o ao custo de R$ 1, desde setembro de 2011 as unidades do Bom Prato tamb\u00e9m servem caf\u00e9 da manh\u00e3 ao pre\u00e7o de R$ 0,50. Outras novidades s\u00e3o: a implanta\u00e7\u00e3o de postos do programa de inclus\u00e3o digital do Governo do Estado, o Acessa S\u00e3o Paulo (parceria com a Secretaria de Gest\u00e3o), e a oferta de cursos gratuitos na \u00e1rea de alimentos, do Via R\u00e1pida Emprego (parceria com a Secretaria de Desenvolvimento Econ\u00f4mico).<\/p>\n<p><em>Fonte: Prefeitura de S. Paulo<\/em><\/p>\n\n<div style=\"font-size: 0px; height: 0px; line-height: 0px; margin: 0; padding: 0; clear: both;\"><\/div>","protected":false},"excerpt":{"rendered":"<p>A Secretaria de Estado de Desenvolvimento Social &#8211; Seds, gestora do Programa Bom Prato, informa que todas as unidades do Restaurante Popular oferecer\u00e3o card\u00e1pio especial em comemora\u00e7\u00e3o ao Ano Novo. As unidades Encontra Guaianases, Encontra Cap\u00e3o Redondo, Encontra Campo Limpo, S\u00e3o Mateus, S\u00e3o Miguel Paulista, Sorocaba, Santo Amaro, Graja\u00fa, S\u00e3o Jos\u00e9 dos Campos e Vila Nova Cachoeirinha servir\u00e3o o almo\u00e7o requintado na sexta-feira, 30. As refei\u00e7\u00f5es s\u00e3o servidas a partir das 11h. O programa tem cunho social e visa oferecer seguran\u00e7a alimentar \u00e0 popula\u00e7\u00e3o de baixa renda, com refei\u00e7\u00f5es balanceadas, de qualidade, com m\u00e9dia de 1.600 calorias, por meio de <\/p>\n","protected":false},"author":1,"featured_media":0,"comment_status":"open","ping_status":"closed","sticky":false,"template":"","format":"standard","meta":{"footnotes":""},"categories":[6],"tags":[],"class_list":["post-399","post","type-post","status-publish","format-standard","hentry","category-noticias-no-capao-redondo"],"aioseo_notices":[],"_links":{"self":[{"href":"https:\/\/www.encontracapaoredondo.com.br\/sobre\/wp-json\/wp\/v2\/posts\/399","targetHints":{"allow":["GET"]}}],"collection":[{"href":"https:\/\/www.encontracapaoredondo.com.br\/sobre\/wp-json\/wp\/v2\/posts"}],"about":[{"href":"https:\/\/www.encontracapaoredondo.com.br\/sobre\/wp-json\/wp\/v2\/types\/post"}],"author":[{"embeddable":true,"href":"https:\/\/www.encontracapaoredondo.com.br\/sobre\/wp-json\/wp\/v2\/users\/1"}],"replies":[{"embeddable":true,"href":"https:\/\/www.encontracapaoredondo.com.br\/sobre\/wp-json\/wp\/v2\/comments?post=399"}],"version-history":[{"count":0,"href":"https:\/\/www.encontracapaoredondo.com.br\/sobre\/wp-json\/wp\/v2\/posts\/399\/revisions"}],"wp:attachment":[{"href":"https:\/\/www.encontracapaoredondo.com.br\/sobre\/wp-json\/wp\/v2\/media?parent=399"}],"wp:term":[{"taxonomy":"category","embeddable":true,"href":"https:\/\/www.encontracapaoredondo.com.br\/sobre\/wp-json\/wp\/v2\/categories?post=399"},{"taxonomy":"post_tag","embeddable":true,"href":"https:\/\/www.encontracapaoredondo.com.br\/sobre\/wp-json\/wp\/v2\/tags?post=399"}],"curies":[{"name":"wp","href":"https:\/\/api.w.org\/{rel}","templated":true}]}}