{"id":376,"date":"2011-12-29T00:00:19","date_gmt":"2011-12-29T00:00:19","guid":{"rendered":"http:\/\/www.encontracapaoredondo.com.br\/noticias\/?p=376"},"modified":"2019-04-29T16:29:13","modified_gmt":"2019-04-29T19:29:13","slug":"estacao-capao-redondo-vai-operar-sem-parar-durante-reveillon","status":"publish","type":"post","link":"https:\/\/www.encontracapaoredondo.com.br\/sobre\/estacao-capao-redondo-vai-operar-sem-parar-durante-reveillon\/","title":{"rendered":"Esta\u00e7\u00e3o Cap\u00e3o Redondo vai operar sem parar durante r\u00e9veillon"},"content":{"rendered":"<div class=\"8fb9da09c1a584b185d8cf81e63b5046\" data-index=\"1\" style=\"float: none; margin:0px;\">\n<!-- Anuncio display - global -->\r\n<ins class=\"adsbygoogle\"\r\n     style=\"display:block\"\r\n     data-ad-client=\"ca-pub-8585364105181520\"\r\n     data-ad-slot=\"8789329856\"\r\n     data-ad-format=\"auto\"\r\n     data-full-width-responsive=\"true\"><\/ins>\r\n<script>\r\n     (adsbygoogle = window.adsbygoogle || []).push({});\r\n<\/script>\n<\/div>\n<div id=\"materia-letra\">\n<div>\n<div>\n<p>A Secretaria de Estado dos Transportes Metropolitanos informou que o Metr\u00f4 e a CPTM realizar\u00e3o opera\u00e7\u00e3o comercial para transportar o p\u00fablico que participar\u00e1 da festa do r\u00e9veillon na Avenida Paulista. As principais linhas do sistema metroferrovi\u00e1rio v\u00e3o operar ininterruptamente na virada do s\u00e1bado, dia 31 de dezembro, e toda a madrugada de domingo, dia 1\u00ba de janeiro. A circula\u00e7\u00e3o dos \u00f4nibus intermunicipais gerenciados pela EMTU-SP n\u00e3o ter\u00e1 altera\u00e7\u00f5es.<\/p>\n<p>Na virada do ano, a circula\u00e7\u00e3o de trens nas linhas 1-Azul (Jabaquara-Tucuruvi), 2-Verde (Vila Prudente-Vila Madalena) e 3-Vermelha (Corinthians\/Itaquera-Palmeiras\/Barra Funda) ser\u00e1 cont\u00ednua durante toda a madrugada. Na Linha 5-Lil\u00e1s (Guia Cap\u00e3o Redondo-Largo Treze), o hor\u00e1rio de funcionamento das esta\u00e7\u00f5es n\u00e3o sofrer\u00e1 mudan\u00e7as, fechando \u00e0 meia-noite do dia 31 e reabrindo \u00e0s 4h40 do dia 1\u00ba.<\/p>\n<p>A esta\u00e7\u00e3o Trianon\/Masp ir\u00e1 operar at\u00e9 as 2 horas da manh\u00e3. Ap\u00f3s esse hor\u00e1rio, para atender aos que estiverem no Show da Virada, as esta\u00e7\u00f5es Para\u00edso, Brigadeiro e Consola\u00e7\u00e3o permanecer\u00e3o abertas para embarque e desembarque. As demais continuar\u00e3o em opera\u00e7\u00e3o somente para desembarque. Por estrat\u00e9gia de seguran\u00e7a, devido \u00e0 sua proximidade do local do evento, a esta\u00e7\u00e3o Trianon\/Masp ser\u00e1 fechada \u00e0s 19h30 do dia 31 e reabrir\u00e1 \u00e0s 4h40 do dia 1\u00ba.<\/p>\n<p>Durante o r\u00e9veillon, a frota de trens em opera\u00e7\u00e3o ser\u00e1 refor\u00e7ada e o contingente de empregados operativos e de seguran\u00e7a aumentado. Por meio de comunica\u00e7\u00e3o visual e de mensagens sonoras, os usu\u00e1rios ser\u00e3o orientados sobre os hor\u00e1rios de funcionamento e as melhores esta\u00e7\u00f5es para chegarem ao evento. No primeiro dia de 2012, as linhas do Metr\u00f4 voltar\u00e3o a operar nos hor\u00e1rios habituais. As frotas programadas para circular ser\u00e3o equivalentes \u00e0s utilizadas nos fins de semana.<\/p>\n<p>Da CPTM, as linhas 7-Rubi (Luz-Francisco Morato), 8-Diamante (J\u00falio Prestes-Itapevi), 9-Esmeralda (Osasco-Graja\u00fa), 10-Turquesa (Luz-Rio Grande da Serra), 11-Coral (Luz-Estudantes) e 12-Safira (Br\u00e1s-Calmon Viana) v\u00e3o operar ininterruptamente na madrugada do dia 1\u00ba, com intervalos de 15 minutos entre as composi\u00e7\u00f5es.<\/p>\n<p>At\u00e9 1 hora do dia 1\u00ba, todas as esta\u00e7\u00f5es dessas linhas estar\u00e3o abertas para embarque e desembarque. Ap\u00f3s esse hor\u00e1rio, o embarque s\u00f3 poder\u00e1 ser feito nas seguintes esta\u00e7\u00f5es que fazem integra\u00e7\u00e3o gratuita com o metr\u00f4: Br\u00e1s, Luz, Pinheiros, Palmeiras\/Barra Funda e Tamanduate\u00ed. As demais esta\u00e7\u00f5es do sistema continuar\u00e3o funcionando somente para desembarque. Em caso de aumento da demanda, a frota de trens ser\u00e1 refor\u00e7ada.<\/p>\n<p><em>Fonte: G1<\/em><\/p>\n<\/div>\n<\/div>\n<\/div>\n\n<div style=\"font-size: 0px; height: 0px; line-height: 0px; margin: 0; padding: 0; clear: both;\"><\/div>","protected":false},"excerpt":{"rendered":"<p>A Secretaria de Estado dos Transportes Metropolitanos informou que o Metr\u00f4 e a CPTM realizar\u00e3o opera\u00e7\u00e3o comercial para transportar o p\u00fablico que participar\u00e1 da festa do r\u00e9veillon na Avenida Paulista. As principais linhas do sistema metroferrovi\u00e1rio v\u00e3o operar ininterruptamente na virada do s\u00e1bado, dia 31 de dezembro, e toda a madrugada de domingo, dia 1\u00ba de janeiro. A circula\u00e7\u00e3o dos \u00f4nibus intermunicipais gerenciados pela EMTU-SP n\u00e3o ter\u00e1 altera\u00e7\u00f5es. Na virada do ano, a circula\u00e7\u00e3o de trens nas linhas 1-Azul (Jabaquara-Tucuruvi), 2-Verde (Vila Prudente-Vila Madalena) e 3-Vermelha (Corinthians\/Itaquera-Palmeiras\/Barra Funda) ser\u00e1 cont\u00ednua durante toda a madrugada. Na Linha 5-Lil\u00e1s (Guia Cap\u00e3o Redondo-Largo <\/p>\n","protected":false},"author":1,"featured_media":0,"comment_status":"open","ping_status":"closed","sticky":false,"template":"","format":"standard","meta":{"footnotes":""},"categories":[6],"tags":[],"class_list":["post-376","post","type-post","status-publish","format-standard","hentry","category-noticias-no-capao-redondo"],"aioseo_notices":[],"_links":{"self":[{"href":"https:\/\/www.encontracapaoredondo.com.br\/sobre\/wp-json\/wp\/v2\/posts\/376","targetHints":{"allow":["GET"]}}],"collection":[{"href":"https:\/\/www.encontracapaoredondo.com.br\/sobre\/wp-json\/wp\/v2\/posts"}],"about":[{"href":"https:\/\/www.encontracapaoredondo.com.br\/sobre\/wp-json\/wp\/v2\/types\/post"}],"author":[{"embeddable":true,"href":"https:\/\/www.encontracapaoredondo.com.br\/sobre\/wp-json\/wp\/v2\/users\/1"}],"replies":[{"embeddable":true,"href":"https:\/\/www.encontracapaoredondo.com.br\/sobre\/wp-json\/wp\/v2\/comments?post=376"}],"version-history":[{"count":0,"href":"https:\/\/www.encontracapaoredondo.com.br\/sobre\/wp-json\/wp\/v2\/posts\/376\/revisions"}],"wp:attachment":[{"href":"https:\/\/www.encontracapaoredondo.com.br\/sobre\/wp-json\/wp\/v2\/media?parent=376"}],"wp:term":[{"taxonomy":"category","embeddable":true,"href":"https:\/\/www.encontracapaoredondo.com.br\/sobre\/wp-json\/wp\/v2\/categories?post=376"},{"taxonomy":"post_tag","embeddable":true,"href":"https:\/\/www.encontracapaoredondo.com.br\/sobre\/wp-json\/wp\/v2\/tags?post=376"}],"curies":[{"name":"wp","href":"https:\/\/api.w.org\/{rel}","templated":true}]}}