{"id":363,"date":"2011-12-09T17:04:46","date_gmt":"2011-12-09T17:04:46","guid":{"rendered":"http:\/\/www.encontracapaoredondo.com.br\/noticias\/?p=363"},"modified":"2019-04-29T16:29:14","modified_gmt":"2019-04-29T19:29:14","slug":"gm-detido-e-suspeito-de-participar-em-ataques-a-caixas-eletronicos-%e2%80%8eno-capao-redondo","status":"publish","type":"post","link":"https:\/\/www.encontracapaoredondo.com.br\/sobre\/gm-detido-e-suspeito-de-participar-em-ataques-a-caixas-eletronicos-%e2%80%8eno-capao-redondo\/","title":{"rendered":"GM detido \u00e9 suspeito de participar em ataques a caixas eletr\u00f4nicos \u200eno Cap\u00e3o Redondo"},"content":{"rendered":"<div class=\"8fb9da09c1a584b185d8cf81e63b5046\" data-index=\"1\" style=\"float: none; margin:0px;\">\n<!-- Anuncio display - global -->\r\n<ins class=\"adsbygoogle\"\r\n     style=\"display:block\"\r\n     data-ad-client=\"ca-pub-8585364105181520\"\r\n     data-ad-slot=\"8789329856\"\r\n     data-ad-format=\"auto\"\r\n     data-full-width-responsive=\"true\"><\/ins>\r\n<script>\r\n     (adsbygoogle = window.adsbygoogle || []).push({});\r\n<\/script>\n<\/div>\n<p>O guarda municipal de Indaiatuba, Ant\u00f4nio Antunes de Fran\u00e7a, de 34 anos, detido na manh\u00e3 desta ter\u00e7a-feira (6) em uma opera\u00e7\u00e3o do GOE (Grupo de Opera\u00e7\u00f5es Especiais) da Pol\u00edcia Civil, \u00e9 suspeito de fazer parte de uma quadrilha que praticava ataques a caixas eletr\u00f4nicos na capital e no interior do Estado. Al\u00e9m de Fran\u00e7a, a pol\u00edcia prendeu outras cinco pessoas na cidade e um sexto integrante em S\u00e3o Paulo.<\/p>\n<p>Os suspeitos fazem parte de duas quadrilhas. Um delas planejava crimes a partir do bairro do Cap\u00e3o Redondo, na capital, e a outra se reunia em Indaiatuba. Segundo a pol\u00edcia, as duas quadrilhas presas as vezes se juntavam para fazer a mesma a\u00e7\u00e3o.<\/p>\n<p>Segundo informa\u00e7\u00f5es do GOE, Fran\u00e7a, conhecido entre os integrantes do grupo por \u201cTonico\u201d, era respons\u00e1vel por monitorar os carros da GM e repassar informa\u00e7\u00f5es durante o hor\u00e1rio de trabalho para o bando.<br \/>\n\u201cNa realidade ele n\u00e3o parte para a a\u00e7\u00e3o junto com os outros integrantes o trabalho dele \u00e9 ficar a dist\u00e2ncia monitorando a a\u00e7\u00e3o das viaturas de rua do local, principalmente em Indaiatuba atrav\u00e9s do seu r\u00e1dio comunicador\u201d, afirma Gen\u00e9sio L\u00e9o J\u00fanior.<\/p>\n<p>Em julho uma carga de t\u00eanis foi roubada na regi\u00e3o de Osasco e vendida em Suzano. A pol\u00edcia soube que a negocia\u00e7\u00e3o entre ladr\u00f5es e receptadores foi feita no Jabaquara e come\u00e7ou a investigar. Ap\u00f3s dois meses, a Pol\u00edcia Civil chegou at\u00e9 os suspeitos por meio de escutas telef\u00f4nicas, as quais permitiram a identifica\u00e7\u00e3o dos suspeitos. Com eles foram encontradas duas armas de fogo, ma\u00e7arico, serra el\u00e9trica, marreta, p\u00e9 de cabra e outras ferramentas utilizadas para arrombar caixas eletr\u00f4nicos.<\/p>\n<p>O guarda faz parte da corpora\u00e7\u00e3o de Indaiatuba h\u00e1 13 anos e atuava como agente de tr\u00e2nsito cedido ao Demutran (Departamento Municipal de Tr\u00e2nsito), segundo a assessoria de imprensa da prefeitura. Para a guarda de Indaiatuba, o nome correto do GM \u00e9 Ant\u00f4nio, mas nos documentos apresentados na delegacia, aparece como F\u00e1bio. A assessoria de imprensa da guarda disse que espera por informa\u00e7\u00f5es oficiais para se pronunciar. Em agosto, um guarda civil de Indaiatuba e o filho dele foram presos acusados de assaltarem um posto de combust\u00edveis. No mesmo m\u00eas, um outro guarda foi para a cadeia por participar de um esquema de explora\u00e7\u00e3o de jogos de azar, sobre os outros casos, duas sindic\u00e2ncias apuraram a conduta dos guardas.<\/p>\n<p>Os seis suspeitos foram encaminhados para o 35\u00ba Distrito Policial de Jabaquara, em S\u00e3o Paulo, para prestar esclarecimentos.<\/p>\n<p><em>\u00a0Fonte: Eptv.com<\/em><\/p>\n\n<div style=\"font-size: 0px; height: 0px; line-height: 0px; margin: 0; padding: 0; clear: both;\"><\/div>","protected":false},"excerpt":{"rendered":"<p>O guarda municipal de Indaiatuba, Ant\u00f4nio Antunes de Fran\u00e7a, de 34 anos, detido na manh\u00e3 desta ter\u00e7a-feira (6) em uma opera\u00e7\u00e3o do GOE (Grupo de Opera\u00e7\u00f5es Especiais) da Pol\u00edcia Civil, \u00e9 suspeito de fazer parte de uma quadrilha que praticava ataques a caixas eletr\u00f4nicos na capital e no interior do Estado. Al\u00e9m de Fran\u00e7a, a pol\u00edcia prendeu outras cinco pessoas na cidade e um sexto integrante em S\u00e3o Paulo. Os suspeitos fazem parte de duas quadrilhas. Um delas planejava crimes a partir do bairro do Cap\u00e3o Redondo, na capital, e a outra se reunia em Indaiatuba. Segundo a pol\u00edcia, as <\/p>\n","protected":false},"author":1,"featured_media":0,"comment_status":"open","ping_status":"closed","sticky":false,"template":"","format":"standard","meta":{"footnotes":""},"categories":[6],"tags":[],"class_list":["post-363","post","type-post","status-publish","format-standard","hentry","category-noticias-no-capao-redondo"],"aioseo_notices":[],"_links":{"self":[{"href":"https:\/\/www.encontracapaoredondo.com.br\/sobre\/wp-json\/wp\/v2\/posts\/363","targetHints":{"allow":["GET"]}}],"collection":[{"href":"https:\/\/www.encontracapaoredondo.com.br\/sobre\/wp-json\/wp\/v2\/posts"}],"about":[{"href":"https:\/\/www.encontracapaoredondo.com.br\/sobre\/wp-json\/wp\/v2\/types\/post"}],"author":[{"embeddable":true,"href":"https:\/\/www.encontracapaoredondo.com.br\/sobre\/wp-json\/wp\/v2\/users\/1"}],"replies":[{"embeddable":true,"href":"https:\/\/www.encontracapaoredondo.com.br\/sobre\/wp-json\/wp\/v2\/comments?post=363"}],"version-history":[{"count":0,"href":"https:\/\/www.encontracapaoredondo.com.br\/sobre\/wp-json\/wp\/v2\/posts\/363\/revisions"}],"wp:attachment":[{"href":"https:\/\/www.encontracapaoredondo.com.br\/sobre\/wp-json\/wp\/v2\/media?parent=363"}],"wp:term":[{"taxonomy":"category","embeddable":true,"href":"https:\/\/www.encontracapaoredondo.com.br\/sobre\/wp-json\/wp\/v2\/categories?post=363"},{"taxonomy":"post_tag","embeddable":true,"href":"https:\/\/www.encontracapaoredondo.com.br\/sobre\/wp-json\/wp\/v2\/tags?post=363"}],"curies":[{"name":"wp","href":"https:\/\/api.w.org\/{rel}","templated":true}]}}