{"id":339,"date":"2011-11-03T02:17:24","date_gmt":"2011-11-03T02:17:24","guid":{"rendered":"http:\/\/www.encontracapaoredondo.com.br\/noticias\/?p=339"},"modified":"2019-04-29T16:29:14","modified_gmt":"2019-04-29T19:29:14","slug":"no-capao-redondo-emocao-marca-visitas-aos-entes-queridos-neste-feriado-%e2%80%8e","status":"publish","type":"post","link":"https:\/\/www.encontracapaoredondo.com.br\/sobre\/no-capao-redondo-emocao-marca-visitas-aos-entes-queridos-neste-feriado-%e2%80%8e\/","title":{"rendered":"No Cap\u00e3o Redondo, emo\u00e7\u00e3o marca visitas aos entes queridos neste Feriado \u200e"},"content":{"rendered":"<div class=\"8fb9da09c1a584b185d8cf81e63b5046\" data-index=\"1\" style=\"float: none; margin:0px;\">\n<!-- Anuncio display - global -->\r\n<ins class=\"adsbygoogle\"\r\n     style=\"display:block\"\r\n     data-ad-client=\"ca-pub-8585364105181520\"\r\n     data-ad-slot=\"8789329856\"\r\n     data-ad-format=\"auto\"\r\n     data-full-width-responsive=\"true\"><\/ins>\r\n<script>\r\n     (adsbygoogle = window.adsbygoogle || []).push({});\r\n<\/script>\n<\/div>\n<p>Os sentimentos de tristeza, emo\u00e7\u00e3o e saudade marcaram o feriado de  Finados, nesta quarta-feira, 2 de novembro. Com olhos lacrimejados os  familiares dos entes queridos que morreram, homenagearam com palavras de  amor, ora\u00e7\u00f5es e um lindo vaso de flores os t\u00famulos de seus amados. Os  cemit\u00e9rios das cidades da\u00a0regi\u00e3o receberam durante todo o dia centenas  de pessoas que, al\u00e9m de visitarem os t\u00famulos, participaram de missas,  realizadas em diversos hor\u00e1rios. Embu e Itapecerica receberam cerca de  30 mil pessoas, j\u00e1 Tabo\u00e3o da Serra 50 mil.<\/p>\n<p>\u201cO dia \u00e9 comemorativo. Visitamos sempre a minha v\u00f3, n\u00e3o somente no  feriado. D\u00e1 muita saudade. E a perda d\u00f3i muito. N\u00e3o alivia nada vir  visitar, mas \u00e9 uma forma de homenagem\u201d, disse Kelly de Moraes, moradora  do bairro Valo Velho.<\/p>\n<p>A perda da irm\u00e3 h\u00e1 10 anos deixa saudade para o trabalhador e  morador do guia de Cap\u00e3o Redondo, Jos\u00e9 Guimar\u00e3es. \u201cEla foi assassinada aos 35  anos e deixou dois filhos. Somos Baianos e prometi para meus pais que  viria aqui (Cemit\u00e9rio Horto dos Ip\u00eas) hoje. Ao mesmo tempo em que sinto  tristeza, pela saudade que n\u00e3o acaba, fico feliz de saber que ela est\u00e1  em um lugar melhor que n\u00f3s, em paz\u201d, comentou.<\/p>\n<p>Ele aconselhou a reportagem e as pessoas ao afirmar que \u00e9  importante dar valor aos familiares e pessoas que amamos quando est\u00e3o  vivos, \u201cporque depois s\u00f3 resta saudade e aquele sentimento de: se eu  tivesse ficado mais pr\u00f3ximo dela (o)\u201d, aconselha.<\/p>\n<p>A data destinada aos Finados \u00e9 simb\u00f3lica e todos os anos tem o  mesmo resultado: cemit\u00e9rios lotados, ruas repletas de carros  estacionados, tr\u00e2nsito lento e faturamento alto para os vendedores de  salgados, como pipocas, hot dog, al\u00e9m de doces, flores e guardadores de  carros.<br \/>\n<em><br \/>\nFonte: Jornal Na Net<\/em><\/p>\n\n<div style=\"font-size: 0px; height: 0px; line-height: 0px; margin: 0; padding: 0; clear: both;\"><\/div>","protected":false},"excerpt":{"rendered":"<p>Os sentimentos de tristeza, emo\u00e7\u00e3o e saudade marcaram o feriado de Finados, nesta quarta-feira, 2 de novembro. Com olhos lacrimejados os familiares dos entes queridos que morreram, homenagearam com palavras de amor, ora\u00e7\u00f5es e um lindo vaso de flores os t\u00famulos de seus amados. Os cemit\u00e9rios das cidades da\u00a0regi\u00e3o receberam durante todo o dia centenas de pessoas que, al\u00e9m de visitarem os t\u00famulos, participaram de missas, realizadas em diversos hor\u00e1rios. Embu e Itapecerica receberam cerca de 30 mil pessoas, j\u00e1 Tabo\u00e3o da Serra 50 mil. \u201cO dia \u00e9 comemorativo. Visitamos sempre a minha v\u00f3, n\u00e3o somente no feriado. D\u00e1 muita <\/p>\n","protected":false},"author":1,"featured_media":0,"comment_status":"open","ping_status":"closed","sticky":false,"template":"","format":"standard","meta":{"footnotes":""},"categories":[6],"tags":[],"class_list":["post-339","post","type-post","status-publish","format-standard","hentry","category-noticias-no-capao-redondo"],"aioseo_notices":[],"_links":{"self":[{"href":"https:\/\/www.encontracapaoredondo.com.br\/sobre\/wp-json\/wp\/v2\/posts\/339","targetHints":{"allow":["GET"]}}],"collection":[{"href":"https:\/\/www.encontracapaoredondo.com.br\/sobre\/wp-json\/wp\/v2\/posts"}],"about":[{"href":"https:\/\/www.encontracapaoredondo.com.br\/sobre\/wp-json\/wp\/v2\/types\/post"}],"author":[{"embeddable":true,"href":"https:\/\/www.encontracapaoredondo.com.br\/sobre\/wp-json\/wp\/v2\/users\/1"}],"replies":[{"embeddable":true,"href":"https:\/\/www.encontracapaoredondo.com.br\/sobre\/wp-json\/wp\/v2\/comments?post=339"}],"version-history":[{"count":0,"href":"https:\/\/www.encontracapaoredondo.com.br\/sobre\/wp-json\/wp\/v2\/posts\/339\/revisions"}],"wp:attachment":[{"href":"https:\/\/www.encontracapaoredondo.com.br\/sobre\/wp-json\/wp\/v2\/media?parent=339"}],"wp:term":[{"taxonomy":"category","embeddable":true,"href":"https:\/\/www.encontracapaoredondo.com.br\/sobre\/wp-json\/wp\/v2\/categories?post=339"},{"taxonomy":"post_tag","embeddable":true,"href":"https:\/\/www.encontracapaoredondo.com.br\/sobre\/wp-json\/wp\/v2\/tags?post=339"}],"curies":[{"name":"wp","href":"https:\/\/api.w.org\/{rel}","templated":true}]}}