{"id":322,"date":"2011-10-17T02:02:20","date_gmt":"2011-10-17T02:02:20","guid":{"rendered":"http:\/\/www.encontracapaoredondo.com.br\/noticias\/?p=322"},"modified":"2019-04-29T16:29:15","modified_gmt":"2019-04-29T19:29:15","slug":"obras-em-linha-que-liga-capao-redondo-ao-largo-treze-causarao-transtornos","status":"publish","type":"post","link":"https:\/\/www.encontracapaoredondo.com.br\/sobre\/obras-em-linha-que-liga-capao-redondo-ao-largo-treze-causarao-transtornos\/","title":{"rendered":"Obras em linha que liga Cap\u00e3o Redondo ao Largo Treze causar\u00e3o transtornos"},"content":{"rendered":"<div class=\"8fb9da09c1a584b185d8cf81e63b5046\" data-index=\"1\" style=\"float: none; margin:0px;\">\n<!-- Anuncio display - global -->\r\n<ins class=\"adsbygoogle\"\r\n     style=\"display:block\"\r\n     data-ad-client=\"ca-pub-8585364105181520\"\r\n     data-ad-slot=\"8789329856\"\r\n     data-ad-format=\"auto\"\r\n     data-full-width-responsive=\"true\"><\/ins>\r\n<script>\r\n     (adsbygoogle = window.adsbygoogle || []).push({});\r\n<\/script>\n<\/div>\n<p>As obras de expans\u00e3o da linha 5-Lil\u00e1s v\u00e3o  interditar mais da metade da \u00e1rea do parque das Bicicletas, na zona sul  da capital, a partir de quarta-feira. Apesar da interdi\u00e7\u00e3o, o parque, na  alameda Ira\u00e9, em Moema, n\u00e3o ter\u00e1 uma esta\u00e7\u00e3o.<\/p>\n<p>A linha 5-Lil\u00e1s  vai, atualmente, do Encontra Cap\u00e3o Redondo ao Largo Treze, em Santo Amaro. Com as  obras, a linha chegar\u00e1 at\u00e9 esta\u00e7\u00e3o Ch\u00e1cara Klabin, da Linha 2-Verde, na  Vila Mariana, passando tamb\u00e9m pela parada Santa Cruz, na Linha 1-Azul.<\/p>\n<p>O Metr\u00f4 afirma que, ap\u00f3s as obras, entregar\u00e1 a \u00e1rea interditada \u201ctotalmente reurbanizada e com o paisagismo melhorado\u201d.<\/p>\n<p>Enquanto  as obras n\u00e3o ficam prontas, o que deve levar dois anos, a Secretaria  Municipal de Esportes, Lazer e Recrea\u00e7\u00e3o diz que as atividades  esportivas continuar\u00e3o sendo realizadas, mesmo com a \u00e1rea do parque  reduzida.<\/p>\n<p><em>Fonte: Portal BandNews<\/em><\/p>\n\n<div style=\"font-size: 0px; height: 0px; line-height: 0px; margin: 0; padding: 0; clear: both;\"><\/div>","protected":false},"excerpt":{"rendered":"<p>As obras de expans\u00e3o da linha 5-Lil\u00e1s v\u00e3o interditar mais da metade da \u00e1rea do parque das Bicicletas, na zona sul da capital, a partir de quarta-feira. Apesar da interdi\u00e7\u00e3o, o parque, na alameda Ira\u00e9, em Moema, n\u00e3o ter\u00e1 uma esta\u00e7\u00e3o. A linha 5-Lil\u00e1s vai, atualmente, do Encontra Cap\u00e3o Redondo ao Largo Treze, em Santo Amaro. Com as obras, a linha chegar\u00e1 at\u00e9 esta\u00e7\u00e3o Ch\u00e1cara Klabin, da Linha 2-Verde, na Vila Mariana, passando tamb\u00e9m pela parada Santa Cruz, na Linha 1-Azul. O Metr\u00f4 afirma que, ap\u00f3s as obras, entregar\u00e1 a \u00e1rea interditada \u201ctotalmente reurbanizada e com o paisagismo melhorado\u201d. Enquanto <\/p>\n","protected":false},"author":1,"featured_media":0,"comment_status":"open","ping_status":"closed","sticky":false,"template":"","format":"standard","meta":{"footnotes":""},"categories":[6],"tags":[],"class_list":["post-322","post","type-post","status-publish","format-standard","hentry","category-noticias-no-capao-redondo"],"aioseo_notices":[],"_links":{"self":[{"href":"https:\/\/www.encontracapaoredondo.com.br\/sobre\/wp-json\/wp\/v2\/posts\/322","targetHints":{"allow":["GET"]}}],"collection":[{"href":"https:\/\/www.encontracapaoredondo.com.br\/sobre\/wp-json\/wp\/v2\/posts"}],"about":[{"href":"https:\/\/www.encontracapaoredondo.com.br\/sobre\/wp-json\/wp\/v2\/types\/post"}],"author":[{"embeddable":true,"href":"https:\/\/www.encontracapaoredondo.com.br\/sobre\/wp-json\/wp\/v2\/users\/1"}],"replies":[{"embeddable":true,"href":"https:\/\/www.encontracapaoredondo.com.br\/sobre\/wp-json\/wp\/v2\/comments?post=322"}],"version-history":[{"count":0,"href":"https:\/\/www.encontracapaoredondo.com.br\/sobre\/wp-json\/wp\/v2\/posts\/322\/revisions"}],"wp:attachment":[{"href":"https:\/\/www.encontracapaoredondo.com.br\/sobre\/wp-json\/wp\/v2\/media?parent=322"}],"wp:term":[{"taxonomy":"category","embeddable":true,"href":"https:\/\/www.encontracapaoredondo.com.br\/sobre\/wp-json\/wp\/v2\/categories?post=322"},{"taxonomy":"post_tag","embeddable":true,"href":"https:\/\/www.encontracapaoredondo.com.br\/sobre\/wp-json\/wp\/v2\/tags?post=322"}],"curies":[{"name":"wp","href":"https:\/\/api.w.org\/{rel}","templated":true}]}}