{"id":314,"date":"2011-10-05T14:25:41","date_gmt":"2011-10-05T14:25:41","guid":{"rendered":"http:\/\/www.encontracapaoredondo.com.br\/noticias\/?p=314"},"modified":"2019-04-29T16:29:15","modified_gmt":"2019-04-29T19:29:15","slug":"capao-redondo-preco-da-cesta-basica-fica-em-media-maior-em-setembro","status":"publish","type":"post","link":"https:\/\/www.encontracapaoredondo.com.br\/sobre\/capao-redondo-preco-da-cesta-basica-fica-em-media-maior-em-setembro\/","title":{"rendered":"Cap\u00e3o Redondo: Pre\u00e7o da cesta b\u00e1sica fica, em m\u00e9dia, maior em setembro"},"content":{"rendered":"<div class=\"8fb9da09c1a584b185d8cf81e63b5046\" data-index=\"1\" style=\"float: none; margin:0px;\">\n<!-- Anuncio display - global -->\r\n<ins class=\"adsbygoogle\"\r\n     style=\"display:block\"\r\n     data-ad-client=\"ca-pub-8585364105181520\"\r\n     data-ad-slot=\"8789329856\"\r\n     data-ad-format=\"auto\"\r\n     data-full-width-responsive=\"true\"><\/ins>\r\n<script>\r\n     (adsbygoogle = window.adsbygoogle || []).push({});\r\n<\/script>\n<\/div>\n<p>O pre\u00e7o da cesta b\u00e1sica vendida na cidade de S\u00e3o Paulo subiu nas seis regi\u00f5es pesquisadas em setembro, de acordo com levantamento mensal divulgado na \u00faltima ter\u00e7a-feira (4) pela Fipe\u00a0 (Funda\u00e7\u00e3o Instituto de Pesquisas Econ\u00f4micas).<\/p>\n<p>Em m\u00e9dia, o pre\u00e7o do conjunto de produtos\u00a0 na capital ficou 0,99% mais caro no m\u00eas passado, na compara\u00e7\u00e3o com agosto, passando de R$ 284,36 para R$ 287,17 no per\u00edodo. No acumulado dos \u00faltimos 12 meses, a cesta ficou 10,25% mais cara, enquanto que no acumulado deste ano, o aumento \u00e9 de 3,69%.<br \/>\n<strong><br \/>\nAn\u00e1lise por regi\u00e3o<\/strong><br \/>\nAinda segundo a Fipe, entre agosto e setembro, a regi\u00e3o que apresentou a maior alta no pre\u00e7o foi a Oeste (Morumbi, Pinheiros, S\u00e9 etc.), com expans\u00e3o de 1,52%. No nono m\u00eas do ano, o pre\u00e7o da cesta nesta regi\u00e3o ficou em R$ 294,45.<\/p>\n<p>J\u00e1 a zona Sul I (Itaim Bibi, Sa\u00fade, Ipiranga etc.) aparece com o segundo maior aumento no per\u00edodo, de 1,48%. O conjunto na regi\u00e3o saiu por R$ 300,78. Na sequ\u00eancia, a zona Leste II (Aricanduva, Itaquera, Itaim Paulista etc.) apresentou alta de 0,93%, com uma cesta chegando a R$ 277,84.<\/p>\n<p>Na regi\u00e3o Sul II (Bairro do Cap\u00e3o Redondo, Cidade Dutra, Graja\u00fa etc.), por sua vez, a cesta b\u00e1sica ficou 0,81% mais cara, passando de R$ 276,09 em agosto, para R$ 278,32 em setembro. Com aumento semelhante, de 0,80%, vem a zona Norte (Brasil\u00e2ndia, Bom Retiro, Bairro Tucuruvi, etc), onde o pre\u00e7o m\u00e9dio ficou em R$ 288,68 em setembro.<\/p>\n<p>A menor expans\u00e3o foi observada na zona Leste I (Mo\u00f3ca, Bel\u00e9m, Tatuap\u00e9 etc.), de 0,37%. Nesse caso, a cesta ficou em R$ 282,97.<\/p>\n<p><em>Fonte: InfoMoney<\/em><\/p>\n\n<div style=\"font-size: 0px; height: 0px; line-height: 0px; margin: 0; padding: 0; clear: both;\"><\/div>","protected":false},"excerpt":{"rendered":"<p>O pre\u00e7o da cesta b\u00e1sica vendida na cidade de S\u00e3o Paulo subiu nas seis regi\u00f5es pesquisadas em setembro, de acordo com levantamento mensal divulgado na \u00faltima ter\u00e7a-feira (4) pela Fipe\u00a0 (Funda\u00e7\u00e3o Instituto de Pesquisas Econ\u00f4micas). Em m\u00e9dia, o pre\u00e7o do conjunto de produtos\u00a0 na capital ficou 0,99% mais caro no m\u00eas passado, na compara\u00e7\u00e3o com agosto, passando de R$ 284,36 para R$ 287,17 no per\u00edodo. No acumulado dos \u00faltimos 12 meses, a cesta ficou 10,25% mais cara, enquanto que no acumulado deste ano, o aumento \u00e9 de 3,69%. An\u00e1lise por regi\u00e3o Ainda segundo a Fipe, entre agosto e setembro, a <\/p>\n","protected":false},"author":1,"featured_media":0,"comment_status":"open","ping_status":"closed","sticky":false,"template":"","format":"standard","meta":{"footnotes":""},"categories":[6],"tags":[],"class_list":["post-314","post","type-post","status-publish","format-standard","hentry","category-noticias-no-capao-redondo"],"aioseo_notices":[],"_links":{"self":[{"href":"https:\/\/www.encontracapaoredondo.com.br\/sobre\/wp-json\/wp\/v2\/posts\/314","targetHints":{"allow":["GET"]}}],"collection":[{"href":"https:\/\/www.encontracapaoredondo.com.br\/sobre\/wp-json\/wp\/v2\/posts"}],"about":[{"href":"https:\/\/www.encontracapaoredondo.com.br\/sobre\/wp-json\/wp\/v2\/types\/post"}],"author":[{"embeddable":true,"href":"https:\/\/www.encontracapaoredondo.com.br\/sobre\/wp-json\/wp\/v2\/users\/1"}],"replies":[{"embeddable":true,"href":"https:\/\/www.encontracapaoredondo.com.br\/sobre\/wp-json\/wp\/v2\/comments?post=314"}],"version-history":[{"count":0,"href":"https:\/\/www.encontracapaoredondo.com.br\/sobre\/wp-json\/wp\/v2\/posts\/314\/revisions"}],"wp:attachment":[{"href":"https:\/\/www.encontracapaoredondo.com.br\/sobre\/wp-json\/wp\/v2\/media?parent=314"}],"wp:term":[{"taxonomy":"category","embeddable":true,"href":"https:\/\/www.encontracapaoredondo.com.br\/sobre\/wp-json\/wp\/v2\/categories?post=314"},{"taxonomy":"post_tag","embeddable":true,"href":"https:\/\/www.encontracapaoredondo.com.br\/sobre\/wp-json\/wp\/v2\/tags?post=314"}],"curies":[{"name":"wp","href":"https:\/\/api.w.org\/{rel}","templated":true}]}}