{"id":31,"date":"2010-12-07T13:16:11","date_gmt":"2010-12-07T13:16:11","guid":{"rendered":"http:\/\/www.encontracapaoredondo.com.br\/noticias\/?p=31"},"modified":"2019-04-29T16:29:44","modified_gmt":"2019-04-29T19:29:44","slug":"lojista-do-capao-redondo-tenta-acordo-com-bandidos-e-acaba-sequestrado","status":"publish","type":"post","link":"https:\/\/www.encontracapaoredondo.com.br\/sobre\/lojista-do-capao-redondo-tenta-acordo-com-bandidos-e-acaba-sequestrado\/","title":{"rendered":"Lojista do Cap\u00e3o Redondo tenta acordo com bandidos e acaba sequestrado"},"content":{"rendered":"<div class=\"8fb9da09c1a584b185d8cf81e63b5046\" data-index=\"1\" style=\"float: none; margin:0px;\">\n<!-- Anuncio display - global -->\r\n<ins class=\"adsbygoogle\"\r\n     style=\"display:block\"\r\n     data-ad-client=\"ca-pub-8585364105181520\"\r\n     data-ad-slot=\"8789329856\"\r\n     data-ad-format=\"auto\"\r\n     data-full-width-responsive=\"true\"><\/ins>\r\n<script>\r\n     (adsbygoogle = window.adsbygoogle || []).push({});\r\n<\/script>\n<\/div>\n<p>O comerciante M. marcou um encontro, com  traficantes de drogas em um ponto do Cap\u00e3o Redondo, zona sul de S\u00e3o  Paulo. Queria negociar o fim da s\u00e9rie de assaltos na regi\u00e3o, entre os  quais quatro em sua loja de materiais de constru\u00e7\u00e3o. Foi recebido pelos  criminosos, mas impedido de ir embora. Ficou sequestrado por 28 horas,  ao lado de dois funcion\u00e1rios.<\/p>\n<p>&#8220;Foi ingenuidade&#8221;, desabafou ontem M., ao explicar o motivo para ter  procurado os ladr\u00f5es. &#8220;Tentei conversar com o chefe, passar um recado:  para n\u00e3o deixar que acontecesse isso (os crimes). Acredito que eles n\u00e3o  querem pol\u00edcia por perto.&#8221;<\/p>\n<p>Passava das 15 horas de quarta-feira quando os criminosos  responderam: &#8220;Desce a\u00ed que vamos fazer um festa para as crian\u00e7as e v\u00ea no  que voc\u00ea pode ajudar.&#8221; M., de 34 anos, foi se encontrar com os  criminosos. Estava acompanhado pelos funcion\u00e1rios W., de 19 anos, e C.,  de 26. Seguiram de carro at\u00e9 o estacionamento de um conjunto  habitacional na Rua Felipe Carrillo Puerto.<\/p>\n<p>Ao chegarem, souberam que teriam de ir para outro lugar. Os  criminosos alegavam que ali n\u00e3o era poss\u00edvel conversar, pois poderiam  chamar a aten\u00e7\u00e3o da pol\u00edcia. Os tr\u00eas embarcaram, ent\u00e3o, em um SpaceFox  vermelho. O destino era uma viela na Rua Vital Rifarto. Entraram em uma  casa e n\u00e3o sa\u00edram mais.<\/p>\n<p>&#8220;Primeiro eles falaram: &#8220;Espera um pouco, voc\u00ea n\u00e3o pode sair&#8221;&#8221;,  relembra o comerciante. Depois, anunciaram o sequestro: &#8220;Voc\u00ea tem  dinheiro, queremos R$ 30 mil.&#8221;<\/p>\n<p>Ref\u00e9ns. O cativeiro consistia em uma cozinha, dois quartos e um  banheiro. As tr\u00eas v\u00edtimas eram mantidas em um dos quartos sem mob\u00edlia.  Pela \u00fanica janela do local era poss\u00edvel ver o movimento na viela. Um dos  ladr\u00f5es vigiava as v\u00edtimas. Exibia um rev\u00f3lver calibre 38.<\/p>\n<p>Com medo, os tr\u00eas sequestrados evitavam conversar. Se os criminosos  ouviam algo, desferiam tapas. &#8220;Tomei um tap\u00e3o na orelha, at\u00e9 agora n\u00e3o  estou ouvindo direito&#8221;, disse o comerciante.<\/p>\n<p>As agress\u00f5es eram acompanhadas por xingamentos. Cansados, os ref\u00e9ns  n\u00e3o dormiam. Perderam a no\u00e7\u00e3o do tempo. M. afirma que pensava: &#8220;De dia  estou seguro, mas quando chegar a noite, o terror aumenta.&#8221;<\/p>\n<p>A noite\u00a0 chegou e o trio ouviu um estrondo. Avisados,  PMs da For\u00e7a T\u00e1tica localizaram o cativeiro. Os ladr\u00f5es correram, com  exce\u00e7\u00e3o de Caique Pereira dos Santos, de 22 anos, que dormia. &#8220;Sempre  tem algu\u00e9m bom no mundo para denunciar&#8221;, diz o comerciante.<\/p>\n<p><em><\/em><\/p>\n\n<div style=\"font-size: 0px; height: 0px; line-height: 0px; margin: 0; padding: 0; clear: both;\"><\/div>","protected":false},"excerpt":{"rendered":"<p>O comerciante M. marcou um encontro, com traficantes de drogas em um ponto do Cap\u00e3o Redondo, zona sul de S\u00e3o Paulo. Queria negociar o fim da s\u00e9rie de assaltos na regi\u00e3o, entre os quais quatro em sua loja de materiais de constru\u00e7\u00e3o. Foi recebido pelos criminosos, mas impedido de ir embora. Ficou sequestrado por 28 horas, ao lado de dois funcion\u00e1rios. &#8220;Foi ingenuidade&#8221;, desabafou ontem M., ao explicar o motivo para ter procurado os ladr\u00f5es. &#8220;Tentei conversar com o chefe, passar um recado: para n\u00e3o deixar que acontecesse isso (os crimes). Acredito que eles n\u00e3o querem pol\u00edcia por perto.&#8221; Passava <\/p>\n","protected":false},"author":1,"featured_media":0,"comment_status":"open","ping_status":"closed","sticky":false,"template":"","format":"standard","meta":{"footnotes":""},"categories":[6],"tags":[],"class_list":["post-31","post","type-post","status-publish","format-standard","hentry","category-noticias-no-capao-redondo"],"aioseo_notices":[],"_links":{"self":[{"href":"https:\/\/www.encontracapaoredondo.com.br\/sobre\/wp-json\/wp\/v2\/posts\/31","targetHints":{"allow":["GET"]}}],"collection":[{"href":"https:\/\/www.encontracapaoredondo.com.br\/sobre\/wp-json\/wp\/v2\/posts"}],"about":[{"href":"https:\/\/www.encontracapaoredondo.com.br\/sobre\/wp-json\/wp\/v2\/types\/post"}],"author":[{"embeddable":true,"href":"https:\/\/www.encontracapaoredondo.com.br\/sobre\/wp-json\/wp\/v2\/users\/1"}],"replies":[{"embeddable":true,"href":"https:\/\/www.encontracapaoredondo.com.br\/sobre\/wp-json\/wp\/v2\/comments?post=31"}],"version-history":[{"count":0,"href":"https:\/\/www.encontracapaoredondo.com.br\/sobre\/wp-json\/wp\/v2\/posts\/31\/revisions"}],"wp:attachment":[{"href":"https:\/\/www.encontracapaoredondo.com.br\/sobre\/wp-json\/wp\/v2\/media?parent=31"}],"wp:term":[{"taxonomy":"category","embeddable":true,"href":"https:\/\/www.encontracapaoredondo.com.br\/sobre\/wp-json\/wp\/v2\/categories?post=31"},{"taxonomy":"post_tag","embeddable":true,"href":"https:\/\/www.encontracapaoredondo.com.br\/sobre\/wp-json\/wp\/v2\/tags?post=31"}],"curies":[{"name":"wp","href":"https:\/\/api.w.org\/{rel}","templated":true}]}}