{"id":306,"date":"2011-09-28T16:56:03","date_gmt":"2011-09-28T16:56:03","guid":{"rendered":"http:\/\/www.encontracapaoredondo.com.br\/noticias\/?p=306"},"modified":"2019-04-29T16:29:15","modified_gmt":"2019-04-29T19:29:15","slug":"diretor-de-broder-gravado-no-capao-redondo-participa-de-bate-papo-no-cauim-%e2%80%8e","status":"publish","type":"post","link":"https:\/\/www.encontracapaoredondo.com.br\/sobre\/diretor-de-broder-gravado-no-capao-redondo-participa-de-bate-papo-no-cauim-%e2%80%8e\/","title":{"rendered":"Diretor de &#8220;Br\u00f3der&#8221;, gravado no Cap\u00e3o Redondo, participa de bate-papo no Cauim \u200e"},"content":{"rendered":"<div class=\"8fb9da09c1a584b185d8cf81e63b5046\" data-index=\"1\" style=\"float: none; margin:0px;\">\n<!-- Anuncio display - global -->\r\n<ins class=\"adsbygoogle\"\r\n     style=\"display:block\"\r\n     data-ad-client=\"ca-pub-8585364105181520\"\r\n     data-ad-slot=\"8789329856\"\r\n     data-ad-format=\"auto\"\r\n     data-full-width-responsive=\"true\"><\/ins>\r\n<script>\r\n     (adsbygoogle = window.adsbygoogle || []).push({});\r\n<\/script>\n<\/div>\n<p>O diretor do longa-metragem \u201cBr\u00f3der\u201d, Jefferson De, participa de um  bate-papo no Cine Cauim, em Ribeir\u00e3o Preto nesta quarta-feira (28). A  conversa acontece logo ap\u00f3s a exibi\u00e7\u00e3o do filme, \u00e0s 19h. A entrada \u00e9  gratuita e os convites devem ser retirados uma hora antes do in\u00edcio da  sess\u00e3o na bilheteria do cinema.<\/p>\n<p>O filme n\u00e3o \u00e9 recomendado para menores de 14 anos. Outras informa\u00e7\u00f5es est\u00e3o dispon\u00edveis no site do Cauim.  Melhor filme no Festival de Gramado e melhor produ\u00e7\u00e3o de acordo com a  cr\u00edtica, em Paul\u00ednia, \u201cBr\u00f3der\u201d conta a est\u00f3ria de tr\u00eas amigos de  inf\u00e2ncia que nasceram e cresceram no bairro do Cap\u00e3o Redondo, periferia de S\u00e3o  Paulo.<\/p>\n<p>Apesar da amizade, a vida os leva para rumos diferentes. O  longa-metragem tem atua\u00e7\u00e3o de Caio Blat, Jonathan Haagensen e S\u00edlvio  Guidane.<\/p>\n<p><strong>Servi\u00e7o<br \/>\n<\/strong><em><strong>Exibi\u00e7\u00e3o de \u201cBr\u00f3der\u201d e bate-papo com Jefferson De<br \/>\n<\/strong><\/em><strong>Local<\/strong>: Cine Cauim (Rua S\u00e3o Sebasti\u00e3o, 920, Centro &#8211; Ribeir\u00e3o Preto)<br \/>\n<strong>Data<\/strong>: 28 de setembro (quarta-feira)<br \/>\n<strong>Hor\u00e1rio<\/strong>: 19h<br \/>\n<strong>Classifica\u00e7\u00e3o<\/strong>: 14 anos<br \/>\n<strong>Entrada<\/strong>: gratuita<br \/>\n<strong><\/strong><strong><em><br \/>\n<\/em><\/strong><em>Fonte: Eptv.com<\/em><\/p>\n\n<div style=\"font-size: 0px; height: 0px; line-height: 0px; margin: 0; padding: 0; clear: both;\"><\/div>","protected":false},"excerpt":{"rendered":"<p>O diretor do longa-metragem \u201cBr\u00f3der\u201d, Jefferson De, participa de um bate-papo no Cine Cauim, em Ribeir\u00e3o Preto nesta quarta-feira (28). A conversa acontece logo ap\u00f3s a exibi\u00e7\u00e3o do filme, \u00e0s 19h. A entrada \u00e9 gratuita e os convites devem ser retirados uma hora antes do in\u00edcio da sess\u00e3o na bilheteria do cinema. O filme n\u00e3o \u00e9 recomendado para menores de 14 anos. Outras informa\u00e7\u00f5es est\u00e3o dispon\u00edveis no site do Cauim. Melhor filme no Festival de Gramado e melhor produ\u00e7\u00e3o de acordo com a cr\u00edtica, em Paul\u00ednia, \u201cBr\u00f3der\u201d conta a est\u00f3ria de tr\u00eas amigos de inf\u00e2ncia que nasceram e cresceram no <\/p>\n","protected":false},"author":1,"featured_media":0,"comment_status":"open","ping_status":"closed","sticky":false,"template":"","format":"standard","meta":{"footnotes":""},"categories":[6],"tags":[],"class_list":["post-306","post","type-post","status-publish","format-standard","hentry","category-noticias-no-capao-redondo"],"aioseo_notices":[],"_links":{"self":[{"href":"https:\/\/www.encontracapaoredondo.com.br\/sobre\/wp-json\/wp\/v2\/posts\/306","targetHints":{"allow":["GET"]}}],"collection":[{"href":"https:\/\/www.encontracapaoredondo.com.br\/sobre\/wp-json\/wp\/v2\/posts"}],"about":[{"href":"https:\/\/www.encontracapaoredondo.com.br\/sobre\/wp-json\/wp\/v2\/types\/post"}],"author":[{"embeddable":true,"href":"https:\/\/www.encontracapaoredondo.com.br\/sobre\/wp-json\/wp\/v2\/users\/1"}],"replies":[{"embeddable":true,"href":"https:\/\/www.encontracapaoredondo.com.br\/sobre\/wp-json\/wp\/v2\/comments?post=306"}],"version-history":[{"count":0,"href":"https:\/\/www.encontracapaoredondo.com.br\/sobre\/wp-json\/wp\/v2\/posts\/306\/revisions"}],"wp:attachment":[{"href":"https:\/\/www.encontracapaoredondo.com.br\/sobre\/wp-json\/wp\/v2\/media?parent=306"}],"wp:term":[{"taxonomy":"category","embeddable":true,"href":"https:\/\/www.encontracapaoredondo.com.br\/sobre\/wp-json\/wp\/v2\/categories?post=306"},{"taxonomy":"post_tag","embeddable":true,"href":"https:\/\/www.encontracapaoredondo.com.br\/sobre\/wp-json\/wp\/v2\/tags?post=306"}],"curies":[{"name":"wp","href":"https:\/\/api.w.org\/{rel}","templated":true}]}}