{"id":302,"date":"2011-09-23T17:10:09","date_gmt":"2011-09-23T17:10:09","guid":{"rendered":"http:\/\/www.encontracapaoredondo.com.br\/noticias\/?p=302"},"modified":"2019-04-29T16:29:15","modified_gmt":"2019-04-29T19:29:15","slug":"capao-redondo-recebe-campanha-pedala-zezinho","status":"publish","type":"post","link":"https:\/\/www.encontracapaoredondo.com.br\/sobre\/capao-redondo-recebe-campanha-pedala-zezinho\/","title":{"rendered":"Cap\u00e3o Redondo recebe campanha &#8220;Pedala Zezinho&#8221;"},"content":{"rendered":"<div class=\"8fb9da09c1a584b185d8cf81e63b5046\" data-index=\"1\" style=\"float: none; margin:0px;\">\n<!-- Anuncio display - global -->\r\n<ins class=\"adsbygoogle\"\r\n     style=\"display:block\"\r\n     data-ad-client=\"ca-pub-8585364105181520\"\r\n     data-ad-slot=\"8789329856\"\r\n     data-ad-format=\"auto\"\r\n     data-full-width-responsive=\"true\"><\/ins>\r\n<script>\r\n     (adsbygoogle = window.adsbygoogle || []).push({});\r\n<\/script>\n<\/div>\n<p>Durante o m\u00eas de setembro o bairro do Encontra Cap\u00e3o Redondo, zona sul de S\u00e3o Paulo, ir\u00e1 receber o \u201cPedala Zezinho\u201d, evento que re\u00fane diversas atividades gratuitas relacionadas ao ciclismo para os moradores locais.<\/p>\n<p>Promovido pela ONG Casa do Zezinho em conjunto com a Aro60 e apoio da Shimano, l\u00edder mundial em componentes de bike, o \u201cCinema de Bicicleta\u201d ter\u00e1 sess\u00e3o especial com o filme \u201cCaminho das Nuvens\u201d, que relata a vida de uma fam\u00edlia nordestina que resolve migrar para o sudeste de bicicleta. Ap\u00f3s a sess\u00e3o, os espectadores poder\u00e3o participar do debate sobre mobilidade com Soninha Lima, a jornalista Paulina Chamorro e Marcos Lopes, o \u201cN\u00eane\u201d, que foi acolhido quando crian\u00e7a pela Casa Zezinho.<\/p>\n<p>\u201cAchamos a a\u00e7\u00e3o \u2018Pedala Zezinho\u2019 muito pertinente com tudo o que a Shimano promove relacionado \u00e0 bicicleta, cidadania e bem-estar. Queremos convidar todos para essa verdadeira festa da bicicleta\u201d, conta Jo\u00e3o Magalh\u00e3es, gerente de marketing da Shimano Latin America. A ideia do \u201cCinema de Bicicleta\u201d tamb\u00e9m \u00e9 promover o uso da bike como um meio de transporte r\u00e1pido e barato para os moradores locais.<\/p>\n<p>De acordo com pesquisas, a zona sul de S\u00e3o Paulo \u00e9 a regi\u00e3o que tem mais usu\u00e1rios de bike como meio de transporte. Diariamente essa regi\u00e3o recebe cerca de 10 mil viagens e ainda tem potencial para crescer. \u201cNessa a\u00e7\u00e3o tamb\u00e9m queremos dar voz para parte da popula\u00e7\u00e3o que vive marginalizada. As ciclofaixas, por exemplo, ainda n\u00e3o chegaram por aqui\u201d, revela Murilo Casagrande, da Aro60.<\/p>\n<p>Outra presen\u00e7a especial no \u201cCinema de Bicicleta\u201d \u00e9 do instrutor t\u00e9cnico da Shimano, Ronaldo Huhm. H\u00e1 seis anos na empresa, Ronaldo j\u00e1 foi morador da regi\u00e3o do Cap\u00e3o Redondo e sua hist\u00f3ria \u00e9 de supera\u00e7\u00e3o.<\/p>\n<p>Com 15 anos ele come\u00e7ou a trabalhar em bicicletarias, depois virou atleta de moutain bike e mesmo perdendo dois irm\u00e3os para o mundo das drogas e criminalidade, ele se especializou como mec\u00e2nico de bicicletas. Hoje, Ronaldo viaja o mundo transmitindo seu conhecimento. \u201cVai ser muito prazeroso mostrar para os jovens da regi\u00e3o que a bicicleta pode ser muito mais do que um meio de transporte\u201d, revela.<\/p>\n<p>Al\u00e9m do \u201cCinema de Bicicleta\u201d, no dia 24 de setembro a a\u00e7\u00e3o \u201cPedala Zezinho\u201d vai fazer manuten\u00e7\u00e3o gratuita, com pe\u00e7as doadas pela Shimano, para as bicicletas dos moradores locais e por fim organizar uma pedalada na regi\u00e3o. Depois do m\u00eas de setembro as atividades com a bike continuam.<\/p>\n<p>O Campo do Astro, no Parque Santo Ant\u00f4nio, local que receber\u00e1 todas as atividades, vai ganhar um bicicletario com bikes doadas e reformadas. Os moradores da regi\u00e3o ir\u00e3o poder alugar sem custo a bicicleta para usar durante o dia.<br \/>\n<strong><br \/>\nPedala Zezinho \u201cCinema Bicicleta\u201d<\/strong><\/p>\n<p>Onde: Campo do Astro &#8211; Rua Manuel Bordalo Pinheiro, Pq Sto. Ant\u00f4nio &#8211; S\u00e3o Paulo<br \/>\nQuando: 22 de setembro \u2013 Dia Mundial sem Carro<br \/>\nHor\u00e1rio: das 19h \u00e0s 22<\/p>\n<p><em>Fonte: Portal Pedal<\/em><\/p>\n\n<div style=\"font-size: 0px; height: 0px; line-height: 0px; margin: 0; padding: 0; clear: both;\"><\/div>","protected":false},"excerpt":{"rendered":"<p>Durante o m\u00eas de setembro o bairro do Encontra Cap\u00e3o Redondo, zona sul de S\u00e3o Paulo, ir\u00e1 receber o \u201cPedala Zezinho\u201d, evento que re\u00fane diversas atividades gratuitas relacionadas ao ciclismo para os moradores locais. Promovido pela ONG Casa do Zezinho em conjunto com a Aro60 e apoio da Shimano, l\u00edder mundial em componentes de bike, o \u201cCinema de Bicicleta\u201d ter\u00e1 sess\u00e3o especial com o filme \u201cCaminho das Nuvens\u201d, que relata a vida de uma fam\u00edlia nordestina que resolve migrar para o sudeste de bicicleta. Ap\u00f3s a sess\u00e3o, os espectadores poder\u00e3o participar do debate sobre mobilidade com Soninha Lima, a jornalista <\/p>\n","protected":false},"author":1,"featured_media":0,"comment_status":"open","ping_status":"closed","sticky":false,"template":"","format":"standard","meta":{"footnotes":""},"categories":[6],"tags":[],"class_list":["post-302","post","type-post","status-publish","format-standard","hentry","category-noticias-no-capao-redondo"],"aioseo_notices":[],"_links":{"self":[{"href":"https:\/\/www.encontracapaoredondo.com.br\/sobre\/wp-json\/wp\/v2\/posts\/302","targetHints":{"allow":["GET"]}}],"collection":[{"href":"https:\/\/www.encontracapaoredondo.com.br\/sobre\/wp-json\/wp\/v2\/posts"}],"about":[{"href":"https:\/\/www.encontracapaoredondo.com.br\/sobre\/wp-json\/wp\/v2\/types\/post"}],"author":[{"embeddable":true,"href":"https:\/\/www.encontracapaoredondo.com.br\/sobre\/wp-json\/wp\/v2\/users\/1"}],"replies":[{"embeddable":true,"href":"https:\/\/www.encontracapaoredondo.com.br\/sobre\/wp-json\/wp\/v2\/comments?post=302"}],"version-history":[{"count":0,"href":"https:\/\/www.encontracapaoredondo.com.br\/sobre\/wp-json\/wp\/v2\/posts\/302\/revisions"}],"wp:attachment":[{"href":"https:\/\/www.encontracapaoredondo.com.br\/sobre\/wp-json\/wp\/v2\/media?parent=302"}],"wp:term":[{"taxonomy":"category","embeddable":true,"href":"https:\/\/www.encontracapaoredondo.com.br\/sobre\/wp-json\/wp\/v2\/categories?post=302"},{"taxonomy":"post_tag","embeddable":true,"href":"https:\/\/www.encontracapaoredondo.com.br\/sobre\/wp-json\/wp\/v2\/tags?post=302"}],"curies":[{"name":"wp","href":"https:\/\/api.w.org\/{rel}","templated":true}]}}