{"id":289,"date":"2011-09-08T18:22:58","date_gmt":"2011-09-08T18:22:58","guid":{"rendered":"http:\/\/www.encontracapaoredondo.com.br\/noticias\/?p=289"},"modified":"2019-04-29T16:29:16","modified_gmt":"2019-04-29T19:29:16","slug":"nova-alternativa-de-assistencia-social-chega-ao-capao-redondo-e-campo-limpo","status":"publish","type":"post","link":"https:\/\/www.encontracapaoredondo.com.br\/sobre\/nova-alternativa-de-assistencia-social-chega-ao-capao-redondo-e-campo-limpo\/","title":{"rendered":"Nova alternativa de Assist\u00eancia Social chega ao Cap\u00e3o Redondo e Campo Limpo"},"content":{"rendered":"<div class=\"8fb9da09c1a584b185d8cf81e63b5046\" data-index=\"1\" style=\"float: none; margin:0px;\">\n<!-- Anuncio display - global -->\r\n<ins class=\"adsbygoogle\"\r\n     style=\"display:block\"\r\n     data-ad-client=\"ca-pub-8585364105181520\"\r\n     data-ad-slot=\"8789329856\"\r\n     data-ad-format=\"auto\"\r\n     data-full-width-responsive=\"true\"><\/ins>\r\n<script>\r\n     (adsbygoogle = window.adsbygoogle || []).push({});\r\n<\/script>\n<\/div>\n<p>J\u00e1 est\u00e3o em funcionamento as duas novas unidades do CRAS &#8211; Centro de  Refer\u00eancia de Assist\u00eancia Social, situado nos Distritos de Campo Limpo e  Cap\u00e3o Redondo, o programa visa orientar, auxiliar e encaminhar os  moradores que necessitarem de prote\u00e7\u00e3o social b\u00e1sica.<\/p>\n<p>Vinculado ao SUAS &#8211; Sistema \u00danico de Assist\u00eancia Social, o CRAS \u00e9 um  servi\u00e7o p\u00fablico estatal que se localiza sempre em \u00e1reas de  vulnerabilidade e risco social. Uma das atribui\u00e7\u00f5es, al\u00e9m \u00e9 claro, de  ofertar servi\u00e7os e a\u00e7\u00f5es de prote\u00e7\u00e3o, \u00e9 a de gerir a gest\u00e3o territorial  da rede de assist\u00eancia social b\u00e1sica, sendo respons\u00e1vel pela  organiza\u00e7\u00e3o, articula\u00e7\u00e3o e o gerenciamento dos processos envolvidos nas  unidades em que s\u00e3o referenciados.<\/p>\n<p>Dentre todos os servi\u00e7os ofertados (leia lista completa, abaixo),  destaca-se o PAIF &#8211; Servi\u00e7o de Prote\u00e7\u00e3o e Atendimento Integral \u00e0  Fam\u00edlia, que se trata de um trabalho obrigat\u00f3rio e exclusivo das  unidades do CRAS. O servi\u00e7o consiste em um trabalho de car\u00e1ter  continuado que tem como inten\u00e7\u00e3o fortalecer a fun\u00e7\u00e3o protetiva das  fam\u00edlias, fazendo com que se previna a ruptura de v\u00ednculos, promovendo o  acesso e usufruto de direitos, com esta a\u00e7\u00e3o, contribui para a melhoria  de qualidade de vida.<\/p>\n<p>CRAS Campo Limpo<\/p>\n<p>A unidade do CRAS fica localizada na Rua Batista Crespo, 312\/316 no bairro de Campo Limpo.  O Distrito conta atualmente com 5.737 benefici\u00e1rios do PTR &#8211; Programa  de Transfer\u00eancia de Renda, entenda-se como este programa, os benef\u00edcios  do Bolsa Fam\u00edlia, Bolsa Alimenta\u00e7\u00e3o, Bolsa Escola e Cart\u00e3o Alimenta\u00e7\u00e3o.<\/p>\n<p>O n\u00famero de benefici\u00e1rios \u00e9 baixo, se confrontarmos com o n\u00famero de  moradores do distrito do Campo Limpo que hoje j\u00e1 possui 191.527  habitantes, sendo que em pesquisa do IBGE &#8211; Instituto Brasileiro de  Geografia e Estat\u00edstica, no ano de 2000, a popula\u00e7\u00e3o em situa\u00e7\u00e3o de Alta  e Muito Alta Vulnerabilidade Social correspondia \u00e1 23.190 habitantes.<\/p>\n<p>O CRAS Campo Limpo possui recep\u00e7\u00e3o e acolhida, salas para atendimento  individual, sala multiuso, sala de apoio t\u00e9cnico, sala para  coordena\u00e7\u00e3o, espa\u00e7o l\u00fadico para crian\u00e7as, copa, banheiros, sendo um  adaptado para deficientes, frald\u00e1rio e almoxarifado.<\/p>\n<p><strong>Servi\u00e7os Ofertados:<\/strong><\/p>\n<p>\u00fc Recep\u00e7\u00e3o, escuta e encaminhamento aos cidad\u00e3os que buscam espontaneamente o servi\u00e7o;<\/p>\n<p>\u00fc PAIF- Programa de Aten\u00e7\u00e3o Integral \u00e0 Fam\u00edlia;<\/p>\n<p>\u00fc Inclus\u00e3o de fam\u00edlias em Programas de transfer\u00eancia de renda;<\/p>\n<p>\u00fc Concess\u00e3o de Benef\u00edcios Eventuais;<\/p>\n<p>\u00fc Orienta\u00e7\u00e3o e encaminhamentos para inclus\u00e3o de pessoas com defici\u00eancia e idosos no Beneficio de Presta\u00e7\u00e3o Continuada;<\/p>\n<p>\u00fc Concess\u00e3o da Carteira do Idoso para o transporte interestadual;<\/p>\n<p>\u00fc Inclus\u00e3o das fam\u00edlias na rede socioassistencial conveniada;<\/p>\n<p>\u00fc Orienta\u00e7\u00e3o e encaminhamentos \u00e0 rede de servi\u00e7os municipal e estadual;<\/p>\n<p>CRAS Cap\u00e3o Redondo<\/p>\n<p>O CRAS fica situado na Estrada de Itapecerica, 6240 no Jardim IAE. A popula\u00e7\u00e3o total do Distrito do guia Cap\u00e3o Redondo \u00e9 de 240.793 habitantes, sendo que segundo a pesquisa do IBGE, a  popula\u00e7\u00e3o em situa\u00e7\u00e3o de Alta e Muito Alta Vulnerabilidade Social chega a  ser de 54.789 habitantes.<\/p>\n<p>O n\u00famero de benefici\u00e1rios dos Programas de Transfer\u00eancia de Renda do  distrito de Cap\u00e3o Redondo tamb\u00e9m \u00e9 baix\u00edssimo, apenas 6.552 fam\u00edlias s\u00e3o  beneficiadas.<\/p>\n<p>O CRAS Cap\u00e3o Redondo possui salas de atendimento, sala para  coordena\u00e7\u00e3o, sala para apoio t\u00e9cnico, sala multiuso, banheiros, sendo um  acess\u00edvel, copa\/refeit\u00f3rio, almoxarifado, recep\u00e7\u00e3o e sala de  benef\u00edcios.<\/p>\n<p><strong>Servi\u00e7os Ofertados:<\/strong><\/p>\n<p>\u00fc PAIF- Programa de Aten\u00e7\u00e3o Integral \u00e0 Fam\u00edlia;<\/p>\n<p>\u00fc Inclus\u00e3o de fam\u00edlias em Programas de Transfer\u00eancia de Renda;<\/p>\n<p>\u00fc Concess\u00e3o de Benef\u00edcios Eventuais;<\/p>\n<p>\u00fc Orienta\u00e7\u00e3o e encaminhamentos para inclus\u00e3o de pessoas com defici\u00eancia e idosos no Beneficio de Presta\u00e7\u00e3o Continuada;<\/p>\n<p>\u00fc Concess\u00e3o da Carteira do Idoso para o transporte interestadual;<\/p>\n<p>\u00fc Inclus\u00e3o das fam\u00edlias na rede socioassistencial conveniada;<\/p>\n<p>\u00fc Orienta\u00e7\u00e3o e encaminhamentos \u00e0 rede de servi\u00e7os municipal e estadual;<\/p>\n<p><em>Fonte: Prefeitura de S. Paulo<\/em><\/p>\n\n<div style=\"font-size: 0px; height: 0px; line-height: 0px; margin: 0; padding: 0; clear: both;\"><\/div>","protected":false},"excerpt":{"rendered":"<p>J\u00e1 est\u00e3o em funcionamento as duas novas unidades do CRAS &#8211; Centro de Refer\u00eancia de Assist\u00eancia Social, situado nos Distritos de Campo Limpo e Cap\u00e3o Redondo, o programa visa orientar, auxiliar e encaminhar os moradores que necessitarem de prote\u00e7\u00e3o social b\u00e1sica. Vinculado ao SUAS &#8211; Sistema \u00danico de Assist\u00eancia Social, o CRAS \u00e9 um servi\u00e7o p\u00fablico estatal que se localiza sempre em \u00e1reas de vulnerabilidade e risco social. Uma das atribui\u00e7\u00f5es, al\u00e9m \u00e9 claro, de ofertar servi\u00e7os e a\u00e7\u00f5es de prote\u00e7\u00e3o, \u00e9 a de gerir a gest\u00e3o territorial da rede de assist\u00eancia social b\u00e1sica, sendo respons\u00e1vel pela organiza\u00e7\u00e3o, articula\u00e7\u00e3o e <\/p>\n","protected":false},"author":1,"featured_media":0,"comment_status":"open","ping_status":"closed","sticky":false,"template":"","format":"standard","meta":{"footnotes":""},"categories":[6],"tags":[],"class_list":["post-289","post","type-post","status-publish","format-standard","hentry","category-noticias-no-capao-redondo"],"aioseo_notices":[],"_links":{"self":[{"href":"https:\/\/www.encontracapaoredondo.com.br\/sobre\/wp-json\/wp\/v2\/posts\/289","targetHints":{"allow":["GET"]}}],"collection":[{"href":"https:\/\/www.encontracapaoredondo.com.br\/sobre\/wp-json\/wp\/v2\/posts"}],"about":[{"href":"https:\/\/www.encontracapaoredondo.com.br\/sobre\/wp-json\/wp\/v2\/types\/post"}],"author":[{"embeddable":true,"href":"https:\/\/www.encontracapaoredondo.com.br\/sobre\/wp-json\/wp\/v2\/users\/1"}],"replies":[{"embeddable":true,"href":"https:\/\/www.encontracapaoredondo.com.br\/sobre\/wp-json\/wp\/v2\/comments?post=289"}],"version-history":[{"count":0,"href":"https:\/\/www.encontracapaoredondo.com.br\/sobre\/wp-json\/wp\/v2\/posts\/289\/revisions"}],"wp:attachment":[{"href":"https:\/\/www.encontracapaoredondo.com.br\/sobre\/wp-json\/wp\/v2\/media?parent=289"}],"wp:term":[{"taxonomy":"category","embeddable":true,"href":"https:\/\/www.encontracapaoredondo.com.br\/sobre\/wp-json\/wp\/v2\/categories?post=289"},{"taxonomy":"post_tag","embeddable":true,"href":"https:\/\/www.encontracapaoredondo.com.br\/sobre\/wp-json\/wp\/v2\/tags?post=289"}],"curies":[{"name":"wp","href":"https:\/\/api.w.org\/{rel}","templated":true}]}}