{"id":2808,"date":"2026-04-30T10:56:51","date_gmt":"2026-04-30T13:56:51","guid":{"rendered":"https:\/\/www.encontracapaoredondo.com.br\/sobre\/video-motorista-foge-apos-colidir-com-moto-na-zona-sul-de-sp\/"},"modified":"2026-04-30T10:56:51","modified_gmt":"2026-04-30T13:56:51","slug":"video-motorista-foge-apos-colidir-com-moto-na-zona-sul-de-sp","status":"publish","type":"post","link":"https:\/\/www.encontracapaoredondo.com.br\/sobre\/video-motorista-foge-apos-colidir-com-moto-na-zona-sul-de-sp\/","title":{"rendered":"V\u00eddeo: Motorista foge ap\u00f3s colidir com moto na zona Sul de SP"},"content":{"rendered":"<div class=\"8fb9da09c1a584b185d8cf81e63b5046\" data-index=\"1\" style=\"float: none; margin:0px;\">\n<!-- Anuncio display - global -->\r\n<ins class=\"adsbygoogle\"\r\n     style=\"display:block\"\r\n     data-ad-client=\"ca-pub-8585364105181520\"\r\n     data-ad-slot=\"8789329856\"\r\n     data-ad-format=\"auto\"\r\n     data-full-width-responsive=\"true\"><\/ins>\r\n<script>\r\n     (adsbygoogle = window.adsbygoogle || []).push({});\r\n<\/script>\n<\/div>\n<h2>O Acidente e suas Causas<\/h2>\n<p>No \u00faltimo s\u00e1bado, um incidente grave ocorreu na zona sul de S\u00e3o Paulo, mais especificamente no Cap\u00e3o Redondo, envolvendo um motociclista de 21 anos que se feriu ao colidir com um carro. O acidente aconteceu enquanto o ve\u00edculo tentava cruzar uma avenida de m\u00e3o dupla, resultando em danos significativos para o jovem piloto.<\/p>\n<p>As circunst\u00e2ncias do acidente foram capturadas por c\u00e2meras de seguran\u00e7a que mostram o carro entrando de forma imprudente na via, sem prestar aten\u00e7\u00e3o nos motociclistas que transitavam. A neglig\u00eancia do motorista no controle do ve\u00edculo foi um fator determinante para o acidente, levantando questionamentos sobre a necessidade de uma dire\u00e7\u00e3o mais cuidadosa em \u00e1reas urbanas densamente povoadas.<\/p>\n<h2>O Estado do Motociclista<\/h2>\n<p>Ap\u00f3s a colis\u00e3o, o motociclista foi prontamente socorrido e levado ao Hospital Central Sul. De acordo com informa\u00e7\u00f5es da Secretaria de Seguran\u00e7a P\u00fablica do Estado de S\u00e3o Paulo, o jovem sofreu ferimentos nos bra\u00e7os e na perna, mas sua condi\u00e7\u00e3o cl\u00ednica \u00e9 est\u00e1vel.<\/p>\n<p><img decoding=\"async\" src=\"https:\/\/www.encontracapaoredondo.com.br\/sobre\/wp-content\/uploads\/video-motorista-foge-apos-colidir-com-moto-na-zona-sul-de-sp.webp\" alt=\"motorista foge ap\u00f3s colidir com moto\" loading=\"lazy\" \/><\/p>\n<p>A m\u00e3e do motociclista, que acompanhou o atendimento m\u00e9dico, expressou sua preocupa\u00e7\u00e3o nas redes sociais, compartilhando uma imagem do filho hospitalizado. Ela comentou sobre a dor e o al\u00edvio de ele ainda estar vivo, referindo-se ao ocorrido como &#8220;mais um livramento para a conta&#8221;.<\/p>\n<h2>Fuga do Condutor: Consequ\u00eancias Legais<\/h2>\n<p>O aspecto mais alarmante deste caso \u00e9 a fuga do motorista ap\u00f3s a colis\u00e3o. O condutor n\u00e3o parou para ajudar a v\u00edtima, incorrendo em uma grave infra\u00e7\u00e3o de acordo com o C\u00f3digo de Tr\u00e2nsito Brasileiro. As penalidades para esse tipo de comportamento s\u00e3o significativas. Ao n\u00e3o prestar socorro, o motorista pode enfrentar uma pena mais severa, que inclui n\u00e3o apenas multas, mas tamb\u00e9m a possibilidade de suspens\u00e3o ou cassa\u00e7\u00e3o do direito de dirigir.<\/p>\n<p>Al\u00e9m disso, a legisla\u00e7\u00e3o prev\u00ea que a fuga do local do acidente \u00e9 uma agravante em casos de les\u00e3o corporal, podendo resultar em pena de pris\u00e3o dependendo das circunst\u00e2ncias.<\/p>\n<h2>Rea\u00e7\u00e3o da Comunidade Local<\/h2>\n<p>A comunidade local reagiu com indigna\u00e7\u00e3o ao saber do ocorrido. Muitas pessoas expressaram seu apoio ao motociclista ferido e clamaram por uma maior conscientiza\u00e7\u00e3o sobre a responsabilidade no tr\u00e2nsito. V\u00e1rias entidades comunit\u00e1rias manifestaram a import\u00e2ncia de campanhas educativas para motoristas e motociclistas, visando promover a seguran\u00e7a vi\u00e1ria e evitar que incidentes como este ocorram novamente.<\/p>\n<h2>Imagens de C\u00e2meras de Seguran\u00e7a<\/h2>\n<p>As imagens que documentaram o acidente s\u00e3o cruciais para a investiga\u00e7\u00e3o do caso. Elas fornecem provas visuais da din\u00e2mica do acidente e podem ser usadas pela pol\u00edcia para identificar o ve\u00edculo envolvido e o motorista respons\u00e1vel. Esse tipo de documenta\u00e7\u00e3o \u00e9 vital para garantir que a justi\u00e7a seja feita e que o respons\u00e1vel pelo acidente enfrente as consequ\u00eancias legais adequadas.<\/p>\n<p>Al\u00e9m disso, as filmagens incentivam uma discuss\u00e3o mais ampla sobre a seguran\u00e7a nas estradas, ressaltando a necessidade de vigil\u00e2ncia e controle mais rigorosos nas \u00e1reas urbanas.<\/p>\n<h2>A Resposta das Autoridades<\/h2>\n<p>As autoridades de tr\u00e2nsito de S\u00e3o Paulo est\u00e3o acompanhando o caso de perto. A Secretaria de Seguran\u00e7a P\u00fablica declarou que medidas est\u00e3o sendo tomadas para identificar o motorista que fugiu do local do acidente. A investiga\u00e7\u00e3o envolve a busca por testemunhas que possam ter visto o acidente ou que possam ter informa\u00e7\u00f5es sobre o ve\u00edculo.<\/p>\n<p>Al\u00e9m disso, a administra\u00e7\u00e3o p\u00fablica est\u00e1 avaliando a possibilidade de implementar melhorias na sinaliza\u00e7\u00e3o e na seguran\u00e7a das vias onde acidentes com frequ\u00eancia ocorrem, a fim de prevenir novos incidentes e proteger os cidad\u00e3os.<\/p>\n<h2>Import\u00e2ncia da Assist\u00eancia em Acidentes<\/h2>\n<p>Um dos pontos mais cr\u00edticos abordados por especialistas em seguran\u00e7a vi\u00e1ria \u00e9 a necessidade de prestar assist\u00eancia imediata a v\u00edtimas de acidentes. Essa ajuda n\u00e3o s\u00f3 \u00e9 um dever moral, mas tamb\u00e9m legalmente exigida. A falta de rea\u00e7\u00e3o pode agravar a situa\u00e7\u00e3o da v\u00edtima, aumentando o risco de danos permanentes ou at\u00e9 mesmo a morte. Os motoristas devem ser educados quanto \u00e0 import\u00e2ncia de agir de forma respons\u00e1vel e solid\u00e1ria ap\u00f3s um acidente.<\/p>\n<h2>Direitos da V\u00edtima de Acidente<\/h2>\n<p>O motociclista ferido possui direitos que devem ser respeitados. Ele tem acesso a cuidados m\u00e9dicos adequados e pode reivindicar indeniza\u00e7\u00e3o por danos f\u00edsicos, emocionais e materiais resultantes do acidente. Consulta com advogados especializados em direito de tr\u00e2nsito \u00e9 altamente recomendada para garantir que os direitos do ferido sejam protegidos.<\/p>\n<p>Al\u00e9m disso, \u00e9 importante que todas as v\u00edtimas de acidentes se sintam encorajadas a denunciar os incidentes e a buscar justi\u00e7a, contribuindo assim para uma cultura de responsabilidade no tr\u00e2nsito.<\/p>\n<h2>Como Proceder em Casos de Acidentes<\/h2>\n<p>Em situa\u00e7\u00f5es semelhantes, \u00e9 essencial seguir um protocolo adequado. Inicialmente, as pessoas devem verificar se algu\u00e9m est\u00e1 ferido e, se necess\u00e1rio, chamar os servi\u00e7os de emerg\u00eancia. O pr\u00f3ximo passo \u00e9 assegurar que as informa\u00e7\u00f5es necess\u00e1rias, como dados da outra parte envolvida, testemunhas e relat\u00f3rios policiais, sejam coletadas.<\/p>\n<p>Anotar detalhes do acidente, incluindo imagens do local e das condi\u00e7\u00f5es que levaram ao incidente, pode ser fundamental para futuras investiga\u00e7\u00f5es e reivindica\u00e7\u00f5es legais.<\/p>\n<h2>Impacto na Seguran\u00e7a Vi\u00e1ria<\/h2>\n<p>Esse acidente ressalta a necessidade urgente de melhorar a seguran\u00e7a nas ruas. Estudiosos em seguran\u00e7a vi\u00e1ria afirmam que a introdu\u00e7\u00e3o de novas pol\u00edticas e a educa\u00e7\u00e3o tanto de motoristas quanto de motociclistas s\u00e3o cruciais. A promo\u00e7\u00e3o de campanhas de conscientiza\u00e7\u00e3o pode reduzir a taxa de acidentes e salvar vidas.<\/p>\n<p>Al\u00e9m disso, investimentos em infraestrutura, como sinaliza\u00e7\u00e3o adequada e manuten\u00e7\u00e3o das vias, s\u00e3o essenciais para criar um ambiente mais seguro para todos os usu\u00e1rios da estrada.<\/p>\n\n<div style=\"font-size: 0px; height: 0px; line-height: 0px; margin: 0; padding: 0; clear: both;\"><\/div>","protected":false},"excerpt":{"rendered":"<p>Motorista foge ap\u00f3s colidir com moto na zona Sul de SP e deixa jovem ferido.<\/p>\n","protected":false},"author":1,"featured_media":2807,"comment_status":"open","ping_status":"closed","sticky":false,"template":"","format":"standard","meta":{"footnotes":""},"categories":[6],"tags":[],"class_list":["post-2808","post","type-post","status-publish","format-standard","has-post-thumbnail","hentry","category-noticias-no-capao-redondo","has_thumb"],"aioseo_notices":[],"_links":{"self":[{"href":"https:\/\/www.encontracapaoredondo.com.br\/sobre\/wp-json\/wp\/v2\/posts\/2808","targetHints":{"allow":["GET"]}}],"collection":[{"href":"https:\/\/www.encontracapaoredondo.com.br\/sobre\/wp-json\/wp\/v2\/posts"}],"about":[{"href":"https:\/\/www.encontracapaoredondo.com.br\/sobre\/wp-json\/wp\/v2\/types\/post"}],"author":[{"embeddable":true,"href":"https:\/\/www.encontracapaoredondo.com.br\/sobre\/wp-json\/wp\/v2\/users\/1"}],"replies":[{"embeddable":true,"href":"https:\/\/www.encontracapaoredondo.com.br\/sobre\/wp-json\/wp\/v2\/comments?post=2808"}],"version-history":[{"count":0,"href":"https:\/\/www.encontracapaoredondo.com.br\/sobre\/wp-json\/wp\/v2\/posts\/2808\/revisions"}],"wp:featuredmedia":[{"embeddable":true,"href":"https:\/\/www.encontracapaoredondo.com.br\/sobre\/wp-json\/wp\/v2\/media\/2807"}],"wp:attachment":[{"href":"https:\/\/www.encontracapaoredondo.com.br\/sobre\/wp-json\/wp\/v2\/media?parent=2808"}],"wp:term":[{"taxonomy":"category","embeddable":true,"href":"https:\/\/www.encontracapaoredondo.com.br\/sobre\/wp-json\/wp\/v2\/categories?post=2808"},{"taxonomy":"post_tag","embeddable":true,"href":"https:\/\/www.encontracapaoredondo.com.br\/sobre\/wp-json\/wp\/v2\/tags?post=2808"}],"curies":[{"name":"wp","href":"https:\/\/api.w.org\/{rel}","templated":true}]}}