{"id":2806,"date":"2026-04-30T10:54:43","date_gmt":"2026-04-30T13:54:43","guid":{"rendered":"https:\/\/www.encontracapaoredondo.com.br\/sobre\/dia-da-danca-manifestacoes-culturais-enriquecem-aprendizagem-de-estudantes-de-escola-do-capao-redondo\/"},"modified":"2026-04-30T10:54:43","modified_gmt":"2026-04-30T13:54:43","slug":"dia-da-danca-manifestacoes-culturais-enriquecem-aprendizagem-de-estudantes-de-escola-do-capao-redondo","status":"publish","type":"post","link":"https:\/\/www.encontracapaoredondo.com.br\/sobre\/dia-da-danca-manifestacoes-culturais-enriquecem-aprendizagem-de-estudantes-de-escola-do-capao-redondo\/","title":{"rendered":"Dia da Dan\u00e7a: Manifesta\u00e7\u00f5es culturais enriquecem aprendizagem de estudantes de escola do Cap\u00e3o Redondo"},"content":{"rendered":"<div class=\"8fb9da09c1a584b185d8cf81e63b5046\" data-index=\"1\" style=\"float: none; margin:0px;\">\n<!-- Anuncio display - global -->\r\n<ins class=\"adsbygoogle\"\r\n     style=\"display:block\"\r\n     data-ad-client=\"ca-pub-8585364105181520\"\r\n     data-ad-slot=\"8789329856\"\r\n     data-ad-format=\"auto\"\r\n     data-full-width-responsive=\"true\"><\/ins>\r\n<script>\r\n     (adsbygoogle = window.adsbygoogle || []).push({});\r\n<\/script>\n<\/div>\n<h2>A Dan\u00e7a como Ferramenta Pedag\u00f3gica<\/h2>\n<p>O Dia da Dan\u00e7a, comemorado em 29 de abril, traz \u00e0 tona a import\u00e2ncia das manifesta\u00e7\u00f5es culturais na educa\u00e7\u00e3o. Na EMEF Cel. Luiz Tenorio de Brito, situada na Vila Prel, Cap\u00e3o Redondo, as dan\u00e7as regionais como o carimb\u00f3 e o boi-bumb\u00e1 s\u00e3o integradas ao aprendizado, mostrando como a dan\u00e7a pode servir como uma poderosa ferramenta pedag\u00f3gica. Este projeto n\u00e3o apenas diversifica o repert\u00f3rio cultural dos alunos, mas tamb\u00e9m fortalece as aprendizagens por meio do contato com ritmos vibrantes e hist\u00f3rias ricas.<\/p>\n<h2>Manifesta\u00e7\u00f5es Culturais e Aprendizagem<\/h2>\n<p>O projeto intitulado &#8220;Manifesta\u00e7\u00f5es Culturais (Cantigas e Dan\u00e7as Populares)&#8221; \u00e9 desenvolvido durante o hor\u00e1rio de contraturno escolar, aliado ao Programa Mais Educa\u00e7\u00e3o. Sob a responsabilidade da professora Ana Cristina Brabo, as atividades congregam estudantes de idades variadas, proporcionando uma imers\u00e3o na diversidade cultural brasileira. Desde sua cria\u00e7\u00e3o em 2022, o projeto introduziu os alunos a um vasto leque de ritmos e express\u00f5es art\u00edsticas, como xaxado, frevo, samba de roda, coco e maracatu.<\/p>\n<h2>O Papel da Diversidade Cultural na Educa\u00e7\u00e3o<\/h2>\n<p>A dan\u00e7a, nesse contexto, vai al\u00e9m do entretenimento; torna-se um meio de aprendizado que promove valores essenciais como respeito \u00e0 diversidade, responsabilidade e a import\u00e2ncia das rela\u00e7\u00f5es interpessoais entre os alunos. A professora Ana enfatiza que essa viv\u00eancia cultural \u00e9 vital para educar as crian\u00e7as sobre suas ra\u00edzes ind\u00edgenas e afro-brasileiras, alinhando-se assim \u00e0s diretrizes do Curr\u00edculo Antirracista da Rede Municipal de Ensino.<\/p>\n<p><img decoding=\"async\" src=\"https:\/\/www.encontracapaoredondo.com.br\/sobre\/wp-content\/uploads\/dia-da-danca-manifestacoes-culturais-enriquecem-aprendizagem-de-estudantes-de-escola-do-capao-redond.webp\" alt=\"Dia da Dan\u00e7a\" loading=\"lazy\" \/><\/p>\n<h2>Atividades Pr\u00e1ticas e Empoderamento Estudantil<\/h2>\n<p>As apresenta\u00e7\u00f5es, realizadas em eventos da escola e em CEUs (Centro Educacionais Unificados) da regi\u00e3o, n\u00e3o s\u00f3 oferecem uma plataforma para os estudantes expressarem sua arte, mas tamb\u00e9m os encorajam a assumir um papel de protagonismo. Isso acontece por meio da organiza\u00e7\u00e3o e realiza\u00e7\u00e3o de apresenta\u00e7\u00f5es, onde os alunos s\u00e3o os protagonistas de suas hist\u00f3rias.<\/p>\n<h2>Impactos Positivos no Comportamento dos Estudantes<\/h2>\n<p>Os benef\u00edcios do projeto v\u00e3o al\u00e9m da aprecia\u00e7\u00e3o art\u00edstica. A equipe docente observa melhorias significativas em aspectos como comportamento, conviv\u00eancia social e motiva\u00e7\u00e3o para a aprendizagem. O envolvimento nas dan\u00e7as contribui para aumentar a autoestima dos estudantes e promover o empoderamento, permitindo que eles fa\u00e7am parte ativa de todas as etapas de cria\u00e7\u00e3o e apresenta\u00e7\u00e3o.<\/p>\n<h2>Reconex\u00e3o com Ra\u00edzes Culturais<\/h2>\n<p>Para muitos alunos, a participa\u00e7\u00e3o no projeto \u00e9 tamb\u00e9m uma forma de reconectar-se com suas origens familiares. Filhos de migrantes oriundos das regi\u00f5es Norte e Nordeste do Brasil encontram nas dan\u00e7as e cantigas populares um elo com a cultura de seus pais e av\u00f3s, fortalecendo assim a identidade cultural e a valoriza\u00e7\u00e3o de suas hist\u00f3rias familiares.<\/p>\n<h2>A Integra\u00e7\u00e3o da Comunidade Escolar<\/h2>\n<p>Al\u00e9m de impactar diretamente os alunos, o projeto busca estabelecer um di\u00e1logo constante com as fam\u00edlias e a comunidade escolar. Essa intera\u00e7\u00e3o \u00e9 crucial, pois as apresenta\u00e7\u00f5es e atividades promovem um espa\u00e7o de troca cultural que beneficia todos os envolvidos. A visibilidade das manifesta\u00e7\u00f5es culturais fortalece os v\u00ednculos entre a escola e a comunidade, tornando a arte um meio de aproxima\u00e7\u00e3o.<\/p>\n<h2>Programa Mais Educa\u00e7\u00e3o e Seus Benef\u00edcios<\/h2>\n<p>O Programa Mais Educa\u00e7\u00e3o \u00e9 essencial para o desenvolvimento de projetos como este na EMEF Cel. Luiz Tenorio de Brito. Ele possibilita que as atividades culturais sejam realizadas no contraturno escolar, garantindo que os alunos tenham acesso a experi\u00eancias enriquecedoras e formativas que complementam o conte\u00fado acad\u00eamico.<\/p>\n<h2>Contatos com Diferentes Ritmos e Express\u00f5es<\/h2>\n<p>A variedade de estilos e ritmos que os alunos t\u00eam a oportunidade de explorar n\u00e3o s\u00f3 diversifica suas habilidades art\u00edsticas, mas tamb\u00e9m promove uma educa\u00e7\u00e3o integral. Cada aprendizado traz consigo uma carga cultural que, por sua vez, estimula o respeito pela pluralidade e a valoriza\u00e7\u00e3o de diferentes modos de vida e express\u00e3o.<\/p>\n<h2>Protagonismo Estudantil nas Apresenta\u00e7\u00f5es<\/h2>\n<p>A participa\u00e7\u00e3o ativa dos estudantes em apresenta\u00e7\u00f5es p\u00fablicas refor\u00e7a sua autoconfian\u00e7a e capacidade de trabalho em grupo. Com isso, eles n\u00e3o apenas aprendem sobre dan\u00e7a, mas desenvolvem habilidades essenciais para o futuro, como responsabilidade, organiza\u00e7\u00e3o e lideran\u00e7a. Este envolvimento tem contribu\u00eddo, cada vez mais, para que os alunos assumam a dianteira em suas jornadas de aprendizado.<\/p>\n\n<div style=\"font-size: 0px; height: 0px; line-height: 0px; margin: 0; padding: 0; clear: both;\"><\/div>","protected":false},"excerpt":{"rendered":"<p>Dia da Dan\u00e7a: Enriquecendo a aprendizagem atrav\u00e9s de manifesta\u00e7\u00f5es culturais.<\/p>\n","protected":false},"author":1,"featured_media":2805,"comment_status":"open","ping_status":"closed","sticky":false,"template":"","format":"standard","meta":{"footnotes":""},"categories":[6],"tags":[],"class_list":["post-2806","post","type-post","status-publish","format-standard","has-post-thumbnail","hentry","category-noticias-no-capao-redondo","has_thumb"],"aioseo_notices":[],"_links":{"self":[{"href":"https:\/\/www.encontracapaoredondo.com.br\/sobre\/wp-json\/wp\/v2\/posts\/2806","targetHints":{"allow":["GET"]}}],"collection":[{"href":"https:\/\/www.encontracapaoredondo.com.br\/sobre\/wp-json\/wp\/v2\/posts"}],"about":[{"href":"https:\/\/www.encontracapaoredondo.com.br\/sobre\/wp-json\/wp\/v2\/types\/post"}],"author":[{"embeddable":true,"href":"https:\/\/www.encontracapaoredondo.com.br\/sobre\/wp-json\/wp\/v2\/users\/1"}],"replies":[{"embeddable":true,"href":"https:\/\/www.encontracapaoredondo.com.br\/sobre\/wp-json\/wp\/v2\/comments?post=2806"}],"version-history":[{"count":0,"href":"https:\/\/www.encontracapaoredondo.com.br\/sobre\/wp-json\/wp\/v2\/posts\/2806\/revisions"}],"wp:featuredmedia":[{"embeddable":true,"href":"https:\/\/www.encontracapaoredondo.com.br\/sobre\/wp-json\/wp\/v2\/media\/2805"}],"wp:attachment":[{"href":"https:\/\/www.encontracapaoredondo.com.br\/sobre\/wp-json\/wp\/v2\/media?parent=2806"}],"wp:term":[{"taxonomy":"category","embeddable":true,"href":"https:\/\/www.encontracapaoredondo.com.br\/sobre\/wp-json\/wp\/v2\/categories?post=2806"},{"taxonomy":"post_tag","embeddable":true,"href":"https:\/\/www.encontracapaoredondo.com.br\/sobre\/wp-json\/wp\/v2\/tags?post=2806"}],"curies":[{"name":"wp","href":"https:\/\/api.w.org\/{rel}","templated":true}]}}