{"id":2802,"date":"2026-04-28T10:42:29","date_gmt":"2026-04-28T13:42:29","guid":{"rendered":"https:\/\/www.encontracapaoredondo.com.br\/sobre\/coletivo-de-saude-mental-na-periferia-apoia-mulheres-em-luto-foi-a-mola-que-me-tirou-do-fundo-do-poco\/"},"modified":"2026-04-28T10:42:29","modified_gmt":"2026-04-28T13:42:29","slug":"coletivo-de-saude-mental-na-periferia-apoia-mulheres-em-luto-foi-a-mola-que-me-tirou-do-fundo-do-poco","status":"publish","type":"post","link":"https:\/\/www.encontracapaoredondo.com.br\/sobre\/coletivo-de-saude-mental-na-periferia-apoia-mulheres-em-luto-foi-a-mola-que-me-tirou-do-fundo-do-poco\/","title":{"rendered":"Coletivo de sa\u00fade mental na periferia apoia mulheres em luto: \u2018Foi a mola que me tirou do fundo do po\u00e7o\u2019"},"content":{"rendered":"<div class=\"8fb9da09c1a584b185d8cf81e63b5046\" data-index=\"1\" style=\"float: none; margin:0px;\">\n<!-- Anuncio display - global -->\r\n<ins class=\"adsbygoogle\"\r\n     style=\"display:block\"\r\n     data-ad-client=\"ca-pub-8585364105181520\"\r\n     data-ad-slot=\"8789329856\"\r\n     data-ad-format=\"auto\"\r\n     data-full-width-responsive=\"true\"><\/ins>\r\n<script>\r\n     (adsbygoogle = window.adsbygoogle || []).push({});\r\n<\/script>\n<\/div>\n<h2>O que \u00e9 o Coletivo Flor de Cacto?<\/h2>\n<p>O coletivo <strong>Flor de Cacto<\/strong> foi fundado na comunidade do Cap\u00e3o Redondo, em S\u00e3o Paulo, com o objetivo de apoiar mulheres em luto e em situa\u00e7\u00f5es traum\u00e1ticas. Embora tenha sido formalmente estruturado h\u00e1 dois anos, suas ra\u00edzes remontam ao trabalho anterior de um grupo de psic\u00f3logas que j\u00e1 atuava na regi\u00e3o, prestando atendimento a demandas de sa\u00fade mental.<\/p>\n<p>Com uma abordagem centrada nas viv\u00eancias das participantes, o coletivo visa criar um espa\u00e7o seguro onde as mulheres possam dividir suas hist\u00f3rias e encontrar suporte em momentos de dor e perda. Atrav\u00e9s de encontros regulares, as participantes t\u00eam a oportunidade de se ouvir e cuidar umas das outras, o que \u00e9 fundamental em contextos onde o acesso aos servi\u00e7os de sa\u00fade mental \u00e9 limitado.<\/p>\n<h2>Hist\u00f3rias de supera\u00e7\u00e3o e apoio<\/h2>\n<p>O coletivo Flor de Cacto tem sido um catalisador de experi\u00eancias transformadoras. Uma das hist\u00f3rias mais impactantes \u00e9 a de <strong>Terezinha de Jesus Freitas<\/strong>, uma aposentada que perdeu dois filhos em circunst\u00e2ncias tr\u00e1gicas. O primeiro, Luciano, foi baleado pela pol\u00edcia aos 18 anos, e o segundo, Lucivaldo, foi assassinado durante um assalto. Ap\u00f3s essas perdas, Terezinha enfrentou um profundo luto e considerou at\u00e9 mesmo o suic\u00eddio. No entanto, ao se juntar ao coletivo, ela encontrou um espa\u00e7o para expressar sua dor e compartilhar sua hist\u00f3ria.<\/p>\n<p><img decoding=\"async\" src=\"https:\/\/www.encontracapaoredondo.com.br\/sobre\/wp-content\/uploads\/coletivo-de-saude-mental-na-periferia-apoia-mulheres-em-luto-foi-a-mola-que-me-tirou-do-fundo-do-poc.webp\" alt=\"coletivo de sa\u00fade mental na periferia\" loading=\"lazy\" \/><\/p>\n<p>Freitas descreve a experi\u00eancia no coletivo como uma forma de cura. Ao compartilhar seu luto e ouvir as hist\u00f3rias de outras mulheres, Terezinha n\u00e3o apenas come\u00e7ou a superar sua dor, mas tamb\u00e9m sentiu uma inexplic\u00e1vel melhora em suas dores f\u00edsicas. Essa conex\u00e3o emocional e a solidariedade que encontrou contribu\u00edram para sua recupera\u00e7\u00e3o, mostrando como a escuta e o apoio m\u00fatuo podem ser potentes para a sa\u00fade mental.<\/p>\n<h2>Os impactos da viol\u00eancia na sa\u00fade mental<\/h2>\n<p>As mulheres que frequentam o Flor de Cacto muitas vezes compartilham experi\u00eancias marcadas pela viol\u00eancia e pela perda. Essa realidade reflete um quadro mais amplo de desigualdade e opress\u00e3o que afeta as comunidades perif\u00e9ricas. Estudos mostram que a viol\u00eancia tem um impacto profundo na sa\u00fade mental, levando a transtornos como depress\u00e3o e ansiedade. No caso do coletivo, muitas participantes v\u00eam de contextos onde a viol\u00eancia \u00e9 uma constante, e a falta de apoio pode agravar ainda mais o sofrimento.<\/p>\n<p>A psic\u00f3loga <strong>Cristiane Uch\u00f4a<\/strong>, cofundadora do coletivo, explica que as unidades b\u00e1sicas de sa\u00fade (UBS) frequentemente n\u00e3o conseguem atender a demanda por apoio emocional nas comunidades, e o servi\u00e7o de acolhimento para mulheres em situa\u00e7\u00e3o de viol\u00eancia tamb\u00e9m \u00e9 insuficiente. Assim, iniciativas como o Flor de Cacto se tornam essenciais para preencher essa lacuna e oferecer suporte emocional necess\u00e1rio.<\/p>\n<h2>Luto e suas consequ\u00eancias emocionais<\/h2>\n<p>O luto \u00e9 um processo extremamente complexo e individual. N\u00e3o se limita apenas \u00e0 perda de pessoas, mas pode tamb\u00e9m incluir a perda de sonhos, relacionamento e estabilidade. A maneira como o luto se manifesta pode variar significativamente de uma mulher para outra, mas em ambientes onde h\u00e1 pouca infraestrutura para suporte emocional, os efeitos podem ser devastadores.<\/p>\n<p>As sess\u00f5es do coletivo permitem que as participantes n\u00e3o apenas expressem sua tristeza, mas tamb\u00e9m conversem sobre suas esperan\u00e7as e novas possibilidades de vida. Esse aspecto de constru\u00e7\u00e3o e ressignifica\u00e7\u00e3o \u00e9 essencial para a recupera\u00e7\u00e3o, uma vez que permite que as mulheres vejam al\u00e9m da dor imediata e considerem o que o futuro pode lhes reservar.<\/p>\n<h2>A import\u00e2ncia da escuta ativa<\/h2>\n<p>A escuta ativa \u00e9 um dos principais pilares do coletivo. Muitas vezes, as mulheres que participam deste tipo de grupo sentiram que suas vozes foram ignoradas ou minimizadas em outras esferas de suas vidas. No ambiente do Flor de Cacto, elas podem compartilhar suas hist\u00f3rias sem medo de julgamento, sentindo-se valorizadas e ouvidas.<\/p>\n<p>O ato de ouvir \u00e9 poderoso e transformador. Permite que as mulheres se sintam menos sozinhas em suas lutas e cria um sentimento de pertencimento. Al\u00e9m disso, ao escutar as experi\u00eancias de outras, elas podem se sentir encorajadas a expressar seus pr\u00f3prios sentimentos e dificuldades, promovendo um ciclo de cura coletiva.<\/p>\n<h2>Atendimentos fora do sistema tradicional<\/h2>\n<p>Uma das principais caracter\u00edsticas do Flor de Cacto \u00e9 sua atua\u00e7\u00e3o fora dos canais de atendimento tradicional de sa\u00fade mental. O coletivo foi estruturado atrav\u00e9s do projeto <strong>Territ\u00f3rios Cl\u00ednicos<\/strong>, da Funda\u00e7\u00e3o Tide Set\u00fabal, que busca fortalecer iniciativas de cuidado em sa\u00fade mental nas periferias. Essa abordagem \u00e9 necess\u00e1ria em comunidades onde os servi\u00e7os de sa\u00fade mental s\u00e3o escassos ou ineficientes.<\/p>\n<p>Os grupos terap\u00eauticos promovem um espa\u00e7o de acolhimento e resili\u00eancia, principalmente para aquelas que se sentem exclu\u00eddas das abordagens convencionais de sa\u00fade. A proposta \u00e9 criar um movimento comunit\u00e1rio em que o cuidado umas com as outras seja o foco central, abordando as realidades espec\u00edficas das mulheres que ali se encontram.<\/p>\n<h2>Empoderamento feminino no luto<\/h2>\n<p>O coletivo n\u00e3o apenas atende \u00e0 dor das participantes, mas tamb\u00e9m se prop\u00f5e a ser um espa\u00e7o de empoderamento. Ao compartilhar suas hist\u00f3rias de perda, as mulheres come\u00e7am um processo de ressignifica\u00e7\u00e3o e reconquista do poder sobre suas vidas. Atrav\u00e9s dos encontros, elas buscam n\u00e3o s\u00f3 aliviar suas dores emocionais, mas tamb\u00e9m identificar novas formas de viver e reconstruir seus projetos pessoais.<\/p>\n<p>Essa abordagem empoderadora \u00e9 fundamental, pois ajuda as mulheres a se verem n\u00e3o apenas como v\u00edtimas de suas experi\u00eancias, mas como protagonistas de suas hist\u00f3rias. Assim, elas v\u00e3o al\u00e9m do luto e come\u00e7am a criar um futuro que ressoe com sua for\u00e7a e dignidade.<\/p>\n<h2>Iniciativas que mudam vidas<\/h2>\n<p>Iniciativas como o Flor de Cacto mostram como o cuidado em sa\u00fade mental pode transformar vidas. Elas oferecem uma alternativa ao sistema tradicional, permitindo que mulheres em situa\u00e7\u00f5es adversas encontrem apoio nas pr\u00f3prias comunidades. Al\u00e9m disso, promovem a ideia de que a sa\u00fade mental \u00e9 um direito, que deve ser acess\u00edvel a todos, independentemente de sua circunst\u00e2ncia social.<\/p>\n<p>O impacto positivo das atividades do coletivo se reflete n\u00e3o s\u00f3 na sa\u00fade mental das participantes, mas tamb\u00e9m nas din\u00e2micas familiares e comunit\u00e1rias, j\u00e1 que a cura individual pode resultar em fortalecimento coletivo. Dessa forma, a proposta do Flor de Cacto \u00e9 uma travessia para a recupera\u00e7\u00e3o e o empoderamento cont\u00ednuo.<\/p>\n<h2>Como se envolver com o coletivo?<\/h2>\n<p>Aqueles que desejam se envolver com o Flor de Cacto podem faz\u00ea-lo de diversas maneiras. Uma op\u00e7\u00e3o \u00e9 participar como volunt\u00e1rio, oferecendo seu tempo ou habilidades, seja em apoio emocional, organizacional ou em atividades comunit\u00e1rias. Al\u00e9m disso, \u00e9 poss\u00edvel contribuir com doa\u00e7\u00f5es de materiais, alimentos ou qualquer outro recurso que possa ajudar o coletivo a continuar seu trabalho de apoio.<\/p>\n<p>Ademais, \u00e9 fundamental que a comunidade reconhe\u00e7a a import\u00e2ncia do cuidado em sa\u00fade mental e participe ativamente na promo\u00e7\u00e3o de iniciativas como esta. Compartilhar informa\u00e7\u00f5es sobre o coletivo nas redes sociais ou em outros espa\u00e7os tamb\u00e9m \u00e9 uma maneira eficaz de amplificar a voz do grupo e incentivar mais mulheres a se juntarem.<\/p>\n<h2>Cuidado e sa\u00fade mental na periferia<\/h2>\n<p>A quest\u00e3o do cuidado e da sa\u00fade mental nas periferias \u00e9 um tema urgente que requer aten\u00e7\u00e3o e a\u00e7\u00e3o. Coletivos como Flor de Cacto est\u00e3o na linha de frente dessa luta, oferecendo apoio e uma voz para aquelas que muitas vezes s\u00e3o silenciadas. Atrav\u00e9s da escuta, do compartilhamento de experi\u00eancias e do empoderamento, iniciativas assim t\u00eam o potencial n\u00e3o apenas de transformar vidas, mas de construir comunidades mais resilientes e solid\u00e1rias.<\/p>\n<p>O desafio \u00e9 grande, mas \u00e9 nos pequenos grupos, como o Flor de Cacto, que mudan\u00e7as significativas podem come\u00e7ar. O suporte m\u00fatuo, a escuta ativa e a empatia se tornam ferramentas poderosas na constru\u00e7\u00e3o de um futuro mais promissor para todas as mulheres que atravessam o luto e a dor nas periferias.<\/p>\n\n<div style=\"font-size: 0px; height: 0px; line-height: 0px; margin: 0; padding: 0; clear: both;\"><\/div>","protected":false},"excerpt":{"rendered":"<p>Coletivo de sa\u00fade mental na periferia oferece apoio a mulheres em luto.<\/p>\n","protected":false},"author":1,"featured_media":2801,"comment_status":"open","ping_status":"closed","sticky":false,"template":"","format":"standard","meta":{"footnotes":""},"categories":[6],"tags":[],"class_list":["post-2802","post","type-post","status-publish","format-standard","has-post-thumbnail","hentry","category-noticias-no-capao-redondo","has_thumb"],"aioseo_notices":[],"_links":{"self":[{"href":"https:\/\/www.encontracapaoredondo.com.br\/sobre\/wp-json\/wp\/v2\/posts\/2802","targetHints":{"allow":["GET"]}}],"collection":[{"href":"https:\/\/www.encontracapaoredondo.com.br\/sobre\/wp-json\/wp\/v2\/posts"}],"about":[{"href":"https:\/\/www.encontracapaoredondo.com.br\/sobre\/wp-json\/wp\/v2\/types\/post"}],"author":[{"embeddable":true,"href":"https:\/\/www.encontracapaoredondo.com.br\/sobre\/wp-json\/wp\/v2\/users\/1"}],"replies":[{"embeddable":true,"href":"https:\/\/www.encontracapaoredondo.com.br\/sobre\/wp-json\/wp\/v2\/comments?post=2802"}],"version-history":[{"count":0,"href":"https:\/\/www.encontracapaoredondo.com.br\/sobre\/wp-json\/wp\/v2\/posts\/2802\/revisions"}],"wp:featuredmedia":[{"embeddable":true,"href":"https:\/\/www.encontracapaoredondo.com.br\/sobre\/wp-json\/wp\/v2\/media\/2801"}],"wp:attachment":[{"href":"https:\/\/www.encontracapaoredondo.com.br\/sobre\/wp-json\/wp\/v2\/media?parent=2802"}],"wp:term":[{"taxonomy":"category","embeddable":true,"href":"https:\/\/www.encontracapaoredondo.com.br\/sobre\/wp-json\/wp\/v2\/categories?post=2802"},{"taxonomy":"post_tag","embeddable":true,"href":"https:\/\/www.encontracapaoredondo.com.br\/sobre\/wp-json\/wp\/v2\/tags?post=2802"}],"curies":[{"name":"wp","href":"https:\/\/api.w.org\/{rel}","templated":true}]}}